{"id":31525,"date":"2025-11-03T13:03:08","date_gmt":"2025-11-03T13:03:08","guid":{"rendered":"https:\/\/www.europesays.com\/lt\/31525\/"},"modified":"2025-11-03T13:03:08","modified_gmt":"2025-11-03T13:03:08","slug":"delfi-diena-kaip-apsaugoti-namus-nuo-nelaimiu-ir-kas-yra-dulavimas","status":"publish","type":"post","link":"https:\/\/www.europesays.com\/lt\/31525\/","title":{"rendered":"Delfi diena. Kaip apsaugoti namus nuo nelaimi\u0173 ir kas yra dulavimas?"},"content":{"rendered":"<p>I\u0161 ar\u010diau susipa\u017einsime, kas yra dulavimas, o tiksliau \u2013  emocin\u0117 ir kita nemedicinin\u0117 pagalba n\u0117\u0161tumo, gimdymo metu ir pogimdyminiu laikotarpiu. Vaiko gimimas \u2013 ir \u0161vent\u0117, ir did\u017eiul\u0117 atsakomyb\u0117, tad dula padeda naujoms mamoms ir j\u0173 partneriams prisitaikyti prie reik\u0161ming\u0173 kasdienyb\u0117s poky\u010di\u0173, jaustis saugiau, u\u017etikrin\u010diau, suteikdama svarbi\u0173 praktik\u0173 patarim\u0173. Na, o apie \u0161i\u0105 labai nekasdien\u0119 veikl\u0105, jos specifik\u0105 ir naudas i\u0161 savo pa\u010dios patirties papasakos pilno spektro dula, Dul\u0173 asociacijos nar\u0117 <a rel=\"noopener nofollow\" target=\"_blank\" href=\"https:\/\/www.delfi.lt\/temos\/agne-samsoniene\" tag-id=\"96616186\">Agn\u0117 Samsonien\u0117<\/a>. <\/p>\n<p> Pasikalb\u0117sime apie vien\u0105 i\u0161 labai tvirtai \u012fsi\u0161aknijusi\u0173 lietuvi\u0173 bendruomen\u0117s tradicij\u0173 \u010cikagoje, suburian\u010di\u0173 lietuvius i\u0161 visos Amerikos. Pirm\u0105 kart\u0105 dar 1957 m. surengta \u0160iaur\u0117s Amerikos tautini\u0173 \u0161oki\u0173 \u0161vent\u0117 sugr\u012f\u017eta kas keturis metus ir v\u0117l bus surengta 2026-aisiais. Apie jos reik\u0161m\u0119 i\u0161eivijos lietuviams pasikalb\u0117sime su \u0161iuo metu Lietuvoje vie\u0161in\u010dia Pasaulio Lietuvi\u0173 bendruomen\u0117s nare, \u0161oki\u0173 \u0161vent\u0117s k\u016brybin\u0117s grup\u0117s vadove Sigita Barysiene. <\/p>\n<p>Laidos pabaigoje laukia pa\u017eintis su viena i\u0161 lapkri\u010dio 19 d. \u201e\u017dalgirio\u201c arenoje \u012fvyksian\u010dios \u201eGeriausios ever pamok\u0173 dienos\u201c mokytoj\u0173. Tai \u2013 ornitolog\u0117 <a rel=\"noopener nofollow\" target=\"_blank\" href=\"https:\/\/www.delfi.lt\/temos\/ingrida-lagunaviciene\" tag-id=\"96616188\">Ingrida Lag\u016bnavi\u010dien\u0117<\/a>, kuri \u012f studij\u0105 atkeliaus su draugija \u2013 vienu misti\u0161kiausi\u0173 pauk\u0161\u010di\u0173 \u2013 pel\u0117da. <\/p>\n","protected":false},"excerpt":{"rendered":"I\u0161 ar\u010diau susipa\u017einsime, kas yra dulavimas, o tiksliau \u2013 emocin\u0117 ir kita nemedicinin\u0117 pagalba n\u0117\u0161tumo, gimdymo metu ir&hellip;\n","protected":false},"author":2,"featured_media":31526,"comment_status":"","ping_status":"","sticky":false,"template":"","format":"standard","meta":{"footnotes":""},"categories":[13],"tags":[9026,25,9024,30,31,1051,34,35,2867,9025,24,9028,32,33,37,39,9023,36,38,40,23,22,28,29,9027,26,27],"class_list":{"0":"post-31525","1":"post","2":"type-post","3":"status-publish","4":"format-standard","5":"has-post-thumbnail","7":"category-lietuva","8":"tag-agne-samsoniene","9":"tag-antrastes","10":"tag-aurimas-gudziauskas","11":"tag-breaking-news","12":"tag-breakingnews","13":"tag-delfi-diena","14":"tag-featured-news","15":"tag-featurednews","16":"tag-geriausia-ever-pamoku-diena","17":"tag-giedrius-siukscius","18":"tag-headlines","19":"tag-ingrida-lagunaviciene","20":"tag-latest-news","21":"tag-latestnews","22":"tag-lietuva","23":"tag-lietuviu","24":"tag-lietuvos-draudimas","25":"tag-lithuania","26":"tag-lithuanian","27":"tag-lt","28":"tag-naujienos","29":"tag-news","30":"tag-populiariausios-naujienos","31":"tag-populiariausiosnaujienos","32":"tag-sigita-barysiene","33":"tag-top-stories","34":"tag-topstories"},"share_on_mastodon":{"url":"https:\/\/pubeurope.com\/@lt\/115485907560732104","error":""},"_links":{"self":[{"href":"https:\/\/www.europesays.com\/lt\/wp-json\/wp\/v2\/posts\/31525","targetHints":{"allow":["GET"]}}],"collection":[{"href":"https:\/\/www.europesays.com\/lt\/wp-json\/wp\/v2\/posts"}],"about":[{"href":"https:\/\/www.europesays.com\/lt\/wp-json\/wp\/v2\/types\/post"}],"author":[{"embeddable":true,"href":"https:\/\/www.europesays.com\/lt\/wp-json\/wp\/v2\/users\/2"}],"replies":[{"embeddable":true,"href":"https:\/\/www.europesays.com\/lt\/wp-json\/wp\/v2\/comments?post=31525"}],"version-history":[{"count":0,"href":"https:\/\/www.europesays.com\/lt\/wp-json\/wp\/v2\/posts\/31525\/revisions"}],"wp:featuredmedia":[{"embeddable":true,"href":"https:\/\/www.europesays.com\/lt\/wp-json\/wp\/v2\/media\/31526"}],"wp:attachment":[{"href":"https:\/\/www.europesays.com\/lt\/wp-json\/wp\/v2\/media?parent=31525"}],"wp:term":[{"taxonomy":"category","embeddable":true,"href":"https:\/\/www.europesays.com\/lt\/wp-json\/wp\/v2\/categories?post=31525"},{"taxonomy":"post_tag","embeddable":true,"href":"https:\/\/www.europesays.com\/lt\/wp-json\/wp\/v2\/tags?post=31525"}],"curies":[{"name":"wp","href":"https:\/\/api.w.org\/{rel}","templated":true}]}}