{"id":31527,"date":"2025-11-03T13:06:04","date_gmt":"2025-11-03T13:06:04","guid":{"rendered":"https:\/\/www.europesays.com\/lt\/31527\/"},"modified":"2025-11-03T13:06:04","modified_gmt":"2025-11-03T13:06:04","slug":"laimetas-turnyras-kelia-daug-klausimu","status":"publish","type":"post","link":"https:\/\/www.europesays.com\/lt\/31527\/","title":{"rendered":"laim\u0117tas turnyras kelia daug klausim\u0173"},"content":{"rendered":"<p>24-\u0105j\u012f gimtadien\u012f u\u017e poros dien\u0173 \u0161v\u0119siantis lietuvis savo \u201eInstagram\u201c paskyroje teigia laim\u0117j\u0119s \u201eXFC\u201c (Extremer Fighter Champion) pasaulio \u010dempiono pagal \u201eK1\u201c taisykles titul\u0105 ir visas tris kovas laim\u0117j\u0119s nokautais.<\/p>\n<p>Visgi kov\u0173 presti\u017eas kelia antak\u012f. Kaip galima matyti kovotojo \u012fkeltuose vaizdo \u012fra\u0161uose, dvikovos vyko paprastoje bokso sal\u0117je, o tuo pa\u010diu metu boksavosi ir dar keletas sportinink\u0173.<\/p>\n<p>D. Dirks\u010dio kovas\u00a0Romoje (Italija) steb\u0117jo vos kelios de\u0161imtys \u017ei\u016brov\u0173.<\/p>\n<p>Turnyro oficialiame \u201eInstagram\u201c puslapyje, turin\u010diame vos apie 3 t\u016bkstan\u010dius sek\u0117j\u0173, d\u0117l dalyvavimo jame skatinama susisiekti per vie\u0161ai nurodyt\u0105 \u201eWhatsapp\u201c numer\u012f.<\/p>\n<p>Lietuvio nugal\u0117ti var\u017eovai, kaip galima spr\u0119sti i\u0161 \u012fkelt\u0173 video \u012fra\u0161\u0173, yra tolokai nuo D. Dirks\u010dio lygio.<\/p>\n<p>Kaip rodo vie\u0161a informacija, \u0161is \u201eXFC\u201c turnyras savo vard\u0105 yra pasiskolin\u0119s i\u0161 kito \u201eK1\u201c taisykli\u0173 \u010dempionato tuo pa\u010diu vardu, kur\u012f organizuoja britai.<\/p>\n<p>Tuo tarpu Romoje lapkri\u010dio pabaigoje vyks kitas, \u017eymiai didesnis kikbokso renginys \u2013 \u201eK1 World MAX\u201c organizuojamas turas, kuriame numatytos ir trys kovos d\u0117l ISKA kategorijos \u010dempiono titul\u0173. Dvikovos vyks \u201ePalaPellicone\u201c sporto komplekse.<\/p>\n","protected":false},"excerpt":{"rendered":"24-\u0105j\u012f gimtadien\u012f u\u017e poros dien\u0173 \u0161v\u0119siantis lietuvis savo \u201eInstagram\u201c paskyroje teigia laim\u0117j\u0119s \u201eXFC\u201c (Extremer Fighter Champion) pasaulio \u010dempiono&hellip;\n","protected":false},"author":2,"featured_media":31528,"comment_status":"","ping_status":"","sticky":false,"template":"","format":"standard","meta":{"footnotes":""},"categories":[19],"tags":[37,39,36,38,40,47,104],"class_list":{"0":"post-31527","1":"post","2":"type-post","3":"status-publish","4":"format-standard","5":"has-post-thumbnail","7":"category-sportas","8":"tag-lietuva","9":"tag-lietuviu","10":"tag-lithuania","11":"tag-lithuanian","12":"tag-lt","13":"tag-sportas","14":"tag-sports"},"share_on_mastodon":{"url":"https:\/\/pubeurope.com\/@lt\/115485919307272477","error":""},"_links":{"self":[{"href":"https:\/\/www.europesays.com\/lt\/wp-json\/wp\/v2\/posts\/31527","targetHints":{"allow":["GET"]}}],"collection":[{"href":"https:\/\/www.europesays.com\/lt\/wp-json\/wp\/v2\/posts"}],"about":[{"href":"https:\/\/www.europesays.com\/lt\/wp-json\/wp\/v2\/types\/post"}],"author":[{"embeddable":true,"href":"https:\/\/www.europesays.com\/lt\/wp-json\/wp\/v2\/users\/2"}],"replies":[{"embeddable":true,"href":"https:\/\/www.europesays.com\/lt\/wp-json\/wp\/v2\/comments?post=31527"}],"version-history":[{"count":0,"href":"https:\/\/www.europesays.com\/lt\/wp-json\/wp\/v2\/posts\/31527\/revisions"}],"wp:featuredmedia":[{"embeddable":true,"href":"https:\/\/www.europesays.com\/lt\/wp-json\/wp\/v2\/media\/31528"}],"wp:attachment":[{"href":"https:\/\/www.europesays.com\/lt\/wp-json\/wp\/v2\/media?parent=31527"}],"wp:term":[{"taxonomy":"category","embeddable":true,"href":"https:\/\/www.europesays.com\/lt\/wp-json\/wp\/v2\/categories?post=31527"},{"taxonomy":"post_tag","embeddable":true,"href":"https:\/\/www.europesays.com\/lt\/wp-json\/wp\/v2\/tags?post=31527"}],"curies":[{"name":"wp","href":"https:\/\/api.w.org\/{rel}","templated":true}]}}