{"id":31543,"date":"2025-11-03T13:26:16","date_gmt":"2025-11-03T13:26:16","guid":{"rendered":"https:\/\/www.europesays.com\/lt\/31543\/"},"modified":"2025-11-03T13:26:16","modified_gmt":"2025-11-03T13:26:16","slug":"netiketas-serbijos-ejimas-pasiruosusi-apginkluoti-europos-salis-nuo-rusijos","status":"publish","type":"post","link":"https:\/\/www.europesays.com\/lt\/31543\/","title":{"rendered":"Netik\u0117tas Serbijos \u0117jimas: pasiruo\u0161usi apginkluoti Europos \u0161alis nuo Rusijos"},"content":{"rendered":"<p>Jis pa\u017eym\u0117jo, kad respublika gamina daugiau \u0161audmen\u0173 nei Pranc\u016bzija, ypa\u010d minosvaid\u017eiams, ir jos sand\u0117liai yra \u201epilni\u201c, tod\u0117l su jais reikia ka\u017ek\u0105 daryti.<\/p>\n<p>\u201eNenoriu, kad mus laikyt\u0173 ginkl\u0173 tiek\u0117jais kariaujan\u010dioms \u0161alims, bet Europai reikia \u0161audmen\u0173. Tod\u0117l pasi\u016bliau m\u016bs\u0173 draugams i\u0161 ES sudaryti su mumis tiekimo sutart\u012f ir paimti visk\u0105, k\u0105 turime\u201c, \u2013 kalb\u0117jo Serbijos vadovas.<\/p>\n<p>Jo nuomone, \u201etai b\u016bt\u0173 i\u0161skirtinis Serbijos ind\u0117lis \u012f Europos saugum\u0105\u201c.<\/p>\n<p> <a href=\"https:\/\/s1.15min.lt\/images\/photos\/2024\/11\/22\/original\/amunicija-67402489c5469.jpg\" rel=\"content-image nofollow noopener\" title=\"\u201eShutterstock\u201c\/Amunicija\" target=\"_blank\"><img decoding=\"async\" alt=\"\u201eShutterstock\u201c\/Amunicija\" rel=\"content-image\" src=\"https:\/\/www.europesays.com\/lt\/wp-content\/uploads\/2025\/11\/amunicija-67402489c5469.jpg\" style=\"width: auto; height: auto;\"\/><\/a> <\/p>\n<p>\u201eShutterstock\u201c\/Amunicija<\/p>\n<p>\u012e klausim\u0105, ar \u0161ie \u0161audmenys ateityje gali b\u016bti naudojami karo Ukrainoje tikslais, A.Vu\u010di\u010dius at\u0161ov\u0117, kad \u201epirk\u0117jai gali jais disponuoti kaip nori\u201c.<\/p>\n<p>\u201eMums tiesiog reikia ilgalaik\u0117s sutarties, kad gal\u0117tume planuoti. A\u0161 visada sakiau, kad Serbija i\u0161laiko karin\u012f neutralum\u0105. Bet mes esame visi\u0161kai pasireng\u0119 bendradarbiauti su Europos armijomis\u201c, \u2013 pabr\u0117\u017e\u0117 Serbijos vadovas, pridurdamas, kad \u201elaukiama galutinio atsakymo\u201c \u012f klausim\u0105 d\u0117l \u0161audmen\u0173 tiekimo ES.<\/p>\n<p>Jis taip pat pabr\u0117\u017e\u0117, kad Serbija \u201esmerkia Rusijos puolim\u0105 Ukrainoje\u201c ir gerbia pastarosios teritorin\u012f vientisum\u0105.<\/p>\n<p>\u201eTiesiog paklauskite Ukrainos prezidento Volodymyro Zelenskio, kuri Balkan\u0173 \u0161alis labiausiai pad\u0117jo Ukrainai finansine ir humanitarine pagalba. Atsakymas jus gali nustebinti\u201c, \u2013 pa\u017eym\u0117jo A.Vu\u010di\u010dius.<\/p>\n<p>Tuo pa\u010diu jis prid\u016br\u0117, kad neketina nutraukti santyki\u0173 su Rusija, be kita ko, d\u0117l pigaus duj\u0173 tiekimo poreikio.<\/p>\n<p> <a href=\"https:\/\/s1.15min.lt\/images\/photos\/2025\/05\/08\/original\/aleksandaras-vucicius-681c6da4b04a0.jpg\" rel=\"content-image nofollow noopener\" title=\"Stopkadras\/Aleksandaras Vu\u010di\u010dius\" target=\"_blank\"><img decoding=\"async\" alt=\"Stopkadras\/Aleksandaras Vu\u010di\u010dius\" rel=\"content-image\" src=\"https:\/\/www.europesays.com\/lt\/wp-content\/uploads\/2025\/11\/aleksandaras-vucicius-681c6da4b04a0.jpg\" style=\"width: auto; height: auto;\"\/><\/a> <\/p>\n<p>Stopkadras\/Aleksandaras Vu\u010di\u010dius<\/p>\n<p>Gegu\u017e\u0117s pabaigoje Rusijos u\u017esienio \u017evalgybos tarnyba apkaltino Serbijos gynybos \u012fmones, kad jos tiekia Ukrainai \u0161audmenis, nepaisydamos Belgrado deklaruojamo neutraliteto.<\/p>\n<p>Tarnyba tvirtino, kad Serbija parduoda ginklus Kyjivui, naudodama \u201epadirbtus galutinio vartotojo ir tarpininkaujan\u010di\u0173 \u0161ali\u0173 sertifikatus\u201c, tarp kuri\u0173 yra NATO nar\u0117s \u2013 \u010cekija, Lenkija, Bulgarija ir Afrikos valstyb\u0117s.<\/p>\n<p>T\u0105kart atsakydamas A.Vu\u010di\u010dius pa\u017ead\u0117jo, kad Serbija atsisakys tiekti \u0161audmenis pirk\u0117jams, jei paai\u0161k\u0117s, kad galutinis gav\u0117jas bus Ukraina.<\/p>\n<p>Anks\u010diau \u201eFinancial Times\u201c ra\u0161\u0117, kad Ukraina per tre\u010di\u0105sias \u0161alis gavo serb\u0173 \u0161audmen\u0173 u\u017e ma\u017edaug 800 mln. eur\u0173. Prezidentas \u0161\u012f skai\u010di\u0173 pavadino \u201ei\u0161 esm\u0117s tiksliu\u201c ir pa\u017eym\u0117jo, kad Serbija netiekia ginkl\u0173 Rusijai ar Ukrainai, bet turi sutartis su Vakar\u0173 \u0161alimis, o \u201ek\u0105 jos galiausiai su jais daro \u2013 tai j\u0173 reikalas\u201c.<\/p>\n<p>\u201eMano darbas yra u\u017etikrinti, kad mes teis\u0117tai elgiam\u0117s su savo \u0161audmenimis, kad juos parduodame. A\u0161 turiu r\u016bpintis savo \u017emon\u0117mis, ir tai viskas. Tai viskas, k\u0105 galiu pasakyti. Mes turime draug\u0173 Kyjive ir Maskvoje. Tai m\u016bs\u0173 slav\u0173 broliai\u201c, \u2013 d\u0117st\u0117 A.Vu\u010di\u010dius.<\/p>\n","protected":false},"excerpt":{"rendered":"Jis pa\u017eym\u0117jo, kad respublika gamina daugiau \u0161audmen\u0173 nei Pranc\u016bzija, ypa\u010d minosvaid\u017eiams, ir jos sand\u0117liai yra \u201epilni\u201c, tod\u0117l su&hellip;\n","protected":false},"author":2,"featured_media":31544,"comment_status":"","ping_status":"","sticky":false,"template":"","format":"standard","meta":{"footnotes":""},"categories":[15],"tags":[25,30,31,34,35,24,32,33,37,39,36,38,40,23,22,44,28,29,26,27,74,75,76],"class_list":{"0":"post-31543","1":"post","2":"type-post","3":"status-publish","4":"format-standard","5":"has-post-thumbnail","7":"category-pasaulis","8":"tag-antrastes","9":"tag-breaking-news","10":"tag-breakingnews","11":"tag-featured-news","12":"tag-featurednews","13":"tag-headlines","14":"tag-latest-news","15":"tag-latestnews","16":"tag-lietuva","17":"tag-lietuviu","18":"tag-lithuania","19":"tag-lithuanian","20":"tag-lt","21":"tag-naujienos","22":"tag-news","23":"tag-pasaulis","24":"tag-populiariausios-naujienos","25":"tag-populiariausiosnaujienos","26":"tag-top-stories","27":"tag-topstories","28":"tag-world","29":"tag-world-news","30":"tag-worldnews"},"share_on_mastodon":{"url":"https:\/\/pubeurope.com\/@lt\/115485997977363623","error":""},"_links":{"self":[{"href":"https:\/\/www.europesays.com\/lt\/wp-json\/wp\/v2\/posts\/31543","targetHints":{"allow":["GET"]}}],"collection":[{"href":"https:\/\/www.europesays.com\/lt\/wp-json\/wp\/v2\/posts"}],"about":[{"href":"https:\/\/www.europesays.com\/lt\/wp-json\/wp\/v2\/types\/post"}],"author":[{"embeddable":true,"href":"https:\/\/www.europesays.com\/lt\/wp-json\/wp\/v2\/users\/2"}],"replies":[{"embeddable":true,"href":"https:\/\/www.europesays.com\/lt\/wp-json\/wp\/v2\/comments?post=31543"}],"version-history":[{"count":0,"href":"https:\/\/www.europesays.com\/lt\/wp-json\/wp\/v2\/posts\/31543\/revisions"}],"wp:featuredmedia":[{"embeddable":true,"href":"https:\/\/www.europesays.com\/lt\/wp-json\/wp\/v2\/media\/31544"}],"wp:attachment":[{"href":"https:\/\/www.europesays.com\/lt\/wp-json\/wp\/v2\/media?parent=31543"}],"wp:term":[{"taxonomy":"category","embeddable":true,"href":"https:\/\/www.europesays.com\/lt\/wp-json\/wp\/v2\/categories?post=31543"},{"taxonomy":"post_tag","embeddable":true,"href":"https:\/\/www.europesays.com\/lt\/wp-json\/wp\/v2\/tags?post=31543"}],"curies":[{"name":"wp","href":"https:\/\/api.w.org\/{rel}","templated":true}]}}