{"id":31551,"date":"2025-11-03T13:34:15","date_gmt":"2025-11-03T13:34:15","guid":{"rendered":"https:\/\/www.europesays.com\/lt\/31551\/"},"modified":"2025-11-03T13:34:15","modified_gmt":"2025-11-03T13:34:15","slug":"zinoma-sinoptike-siuncia-zinia-nuo-treciadienio-orai-keisis-is-esmes","status":"publish","type":"post","link":"https:\/\/www.europesays.com\/lt\/31551\/","title":{"rendered":"\u017dinoma sinoptik\u0117 siun\u010dia \u017eini\u0105: nuo tre\u010diadienio orai keisis i\u0161 esm\u0117s"},"content":{"rendered":"\n<p>Sinoptik\u0117s Elvyros Latv\u0117nait\u0117s duomenimis, pirmadienio nakt\u012f i\u0161 pietvakari\u0173, piet\u0173 <a href=\"https:\/\/www.tv3.lt\/rubrika\/naujienos\/lietuva\" target=\"_blank\" class=\"phrase\" rel=\"nofollow noopener\">Lietuva<\/a> pasieks banguotas atmosferos frontas. Keliaudamas per \u0161al\u012f jis atne\u0161 lietaus ne tik nakt\u012f, bet ir rytoj dien\u0105.<\/p>\n<p>\u201eAntradien\u012f dar \u0161iek tiek palis, o nuo tre\u010diadienio orai tur\u0117t\u0173 b\u016bti vis sausesni ir dar \u0161iltesni\u201c, \u2013 komentuoja E. Latv\u0117nait\u0117.<\/p>\n<p>Anot sinoptik\u0117s, prie to\u00a0prisid\u0117s buvusi tropin\u0117 audra \u201eMelissa\u201c, nusiaubusi Karib\u0173 region\u0105 ir susilpn\u0117jusi atslinkusi iki <a href=\"https:\/\/www.tv3.lt\/rubrika\/naujienos\/uzsienis\/europa\" target=\"_blank\" class=\"phrase\" rel=\"nofollow noopener\">Europos<\/a>.<\/p>\n<p>\u201ePasiekusi \u0161iaurines platumas ir tapusi tiesiog audringu ciklonu, \u012fsiliejo \u012f \u0161iaur\u0117s vakaruose esan\u010di\u0173 ciklon\u0173 sistem\u0105 ir v\u0117l stipr\u0117ja. \u0160i bendra ciklon\u0173 sistema stipriais v\u0117jais \u0160iaur\u0117s Europ\u0105 \u0161ukuos, lietumi laistys\u201c, \u2013 teigia E. Latv\u0117nait\u0117.<\/p>\n<p>Tuo metu Vakar\u0173, Vidurio ir Ryt\u0173 Europ\u0105 u\u017eguls anticiklonas. Orai bus ram\u016bs, sausi.<\/p>\n<p>Sustipr\u0117jusi ir i\u0161sipl\u0117tusi \u201eMelissa\u201c blokuos v\u0117sesnius srautus i\u0161 \u0161iaur\u0117s ir leis \u0161iltam bei\u00a0sausam orui pl\u016bsti i\u0161 pietvakari\u0173, piet\u0173. Dalis \u0161ios \u0161ilumos pasieks ir mus.<\/p>\n<p>\u201eTad nuo savait\u0117s vidurio laukiami ir sausi ir \u0161viesesni orai. Tiesa, vis ilg\u0117jan\u010dios ir giedresn\u0117 naktys bus v\u0117sokos, bet dienomis beveik vis\u0105 savait\u0119 d\u017eiugins netik\u0117tai maloni \u0161iluma\u201c, \u2013 apibendrina E. Latv\u0117nait\u0117.<\/p>\n<p>Pirmadien\u012f, lapkri\u010dio 3 d., tur\u0117t\u0173 gausokai lyti, nakt\u012f ma\u017eiausia lietaus \u0161\u012fkart gaus vakariniai, \u0161iaur\u0117s vakariniai rajonai, \u010dia tir\u0161tesni r\u016bkai gali driektis, bet su lietumi visur bus miglota. V\u0117jas nepastovus 3\u20138 m\/s, dien\u0105 paj\u016bryje vakar\u0173, \u0161iaur\u0117s vakar\u0173 6\u201311 m\/s. Nakt\u012f 6\u201310\u00b0C, \u0161il\u010diausia vakariniame pakra\u0161tyje, dien\u0105 8\u201311\u00b0C.<\/p>\n<p>Antradienio, lapkri\u010dio 4-osios, nakties prad\u017eioje palis \u0161iaur\u0117s rytiniuose, rytiniuose rajonuose ir paj\u016bryje, dien\u0105 gali \u0161iek tiek palyti vakariniuose rajonuose. Nakt\u012f ir ryt\u0105 v\u0117l r\u016bkai nusidrieks, o dien\u0105 ir \u017demaitijoje gali tvyroti. V\u0117jas vakar\u0173, pietvakari\u0173 nakt\u012f 4\u20138 m\/s, dien\u0105 5\u201310 m\/s, dien\u0105 paj\u016bryje vakar\u0173, \u0161iaur\u0117s vakar\u0173 6\u201311 m\/s. Nakt\u012f 4\u20138\u00b0C, dien\u0105 10\u201313\u00b0C.<\/p>\n<p>Tre\u010diadien\u012f, lapkri\u010dio 5 d., be \u017eenklesnio lietaus, nakt\u012f ir ryt\u0105 v\u0117l gali r\u016bkai nusidriekti. V\u0117jas piet\u0173, pietvakari\u0173 5\u201310 m\/s, dien\u0105 paj\u016bryje vakar\u0173, \u0161iaur\u0117s vakar\u0173 7\u201312 m\/s. Nakt\u012f 3\u20138\u00b0C, \u0161il\u010diausia vakariniame pakra\u0161tyje, dien\u0105 11\u201314\u00b0C.<\/p>\n<p>Ketvirtadien\u012f, lapkri\u010dio 6 d., be lietaus. V\u0117jas piet\u0173, pietvakari\u0173 5\u201310 m\/s. Nakt\u012f 3\u20138\u00b0C, v\u0117siausia pietiniuose, pietrytiniuose rajonuose, dien\u0105 11\u201314\u00b0C.<\/p>\n<p>Penktadien\u012f, lapkri\u010dio 7 d., be lietaus. V\u0117jas piet\u0173 nakt\u012f 5\u201310 m\/s, dien\u0105 4\u20138 m\/s. Nakt\u012f 1\u20136\u00b0C, \u0161il\u010diausia vakariniame pakra\u0161tyje, dien\u0105 11\u201313\u00b0C.<\/p>\n<p>\u0160e\u0161tadien\u012f, lapkri\u010dio 8 d.,\u00a0dar be lietaus. V\u0117jas piet\u0173, pietry\u010di\u0173 5\u201310 m\/s. Nakt\u012f 2\u20137\u00b0C, \u0161il\u010diausia vakariniame pakra\u0161tyje, dien\u0105 9\u201312\u00b0C.<\/p>\n<p>Sekmadien\u012f, lapkri\u010dio 9 d., be \u017eenklesnio lietaus. V\u0117jas nepastovus 4\u20138 m\/s. Nakt\u012f 6\u20138\u00b0C, pietiniuose, pietrytiniuose rajonuose plius 1\u20134\u00b0C, dien\u0105 9\u201312\u00b0C.<\/p>\n","protected":false},"excerpt":{"rendered":"Sinoptik\u0117s Elvyros Latv\u0117nait\u0117s duomenimis, pirmadienio nakt\u012f i\u0161 pietvakari\u0173, piet\u0173 Lietuva pasieks banguotas atmosferos frontas. Keliaudamas per \u0161al\u012f jis&hellip;\n","protected":false},"author":2,"featured_media":31552,"comment_status":"","ping_status":"","sticky":false,"template":"","format":"standard","meta":{"footnotes":""},"categories":[6],"tags":[9030,25,30,31,57,43,34,35,55,48,24,54,51,49,50,32,33,37,39,36,38,40,45,23,22,44,28,29,53,42,56,47,26,27,41,46,58,52],"class_list":{"0":"post-31551","1":"post","2":"type-post","3":"status-publish","4":"format-standard","5":"has-post-thumbnail","7":"category-antrastes","8":"tag-2025-11-03-103259","9":"tag-antrastes","10":"tag-breaking-news","11":"tag-breakingnews","12":"tag-daiktai","13":"tag-dienos-kronika","14":"tag-featured-news","15":"tag-featurednews","16":"tag-gatves-tekstai","17":"tag-gyvenimas","18":"tag-headlines","19":"tag-interneto-pievos","20":"tag-keliones","21":"tag-kultura","22":"tag-laisvalaikis","23":"tag-latest-news","24":"tag-latestnews","25":"tag-lietuva","26":"tag-lietuviu","27":"tag-lithuania","28":"tag-lithuanian","29":"tag-lt","30":"tag-mokslas-ir-it","31":"tag-naujienos","32":"tag-news","33":"tag-pasaulis","34":"tag-populiariausios-naujienos","35":"tag-populiariausiosnaujienos","36":"tag-projektai","37":"tag-rinktiniai-tekstai","38":"tag-simtmecio-portalas","39":"tag-sportas","40":"tag-top-stories","41":"tag-topstories","42":"tag-tv3-lt","43":"tag-verslas","44":"tag-video","45":"tag-zaidimai"},"share_on_mastodon":{"url":"","error":"Validation failed: Text character limit of 500 exceeded"},"_links":{"self":[{"href":"https:\/\/www.europesays.com\/lt\/wp-json\/wp\/v2\/posts\/31551","targetHints":{"allow":["GET"]}}],"collection":[{"href":"https:\/\/www.europesays.com\/lt\/wp-json\/wp\/v2\/posts"}],"about":[{"href":"https:\/\/www.europesays.com\/lt\/wp-json\/wp\/v2\/types\/post"}],"author":[{"embeddable":true,"href":"https:\/\/www.europesays.com\/lt\/wp-json\/wp\/v2\/users\/2"}],"replies":[{"embeddable":true,"href":"https:\/\/www.europesays.com\/lt\/wp-json\/wp\/v2\/comments?post=31551"}],"version-history":[{"count":0,"href":"https:\/\/www.europesays.com\/lt\/wp-json\/wp\/v2\/posts\/31551\/revisions"}],"wp:featuredmedia":[{"embeddable":true,"href":"https:\/\/www.europesays.com\/lt\/wp-json\/wp\/v2\/media\/31552"}],"wp:attachment":[{"href":"https:\/\/www.europesays.com\/lt\/wp-json\/wp\/v2\/media?parent=31551"}],"wp:term":[{"taxonomy":"category","embeddable":true,"href":"https:\/\/www.europesays.com\/lt\/wp-json\/wp\/v2\/categories?post=31551"},{"taxonomy":"post_tag","embeddable":true,"href":"https:\/\/www.europesays.com\/lt\/wp-json\/wp\/v2\/tags?post=31551"}],"curies":[{"name":"wp","href":"https:\/\/api.w.org\/{rel}","templated":true}]}}