{"id":31564,"date":"2025-11-03T13:51:06","date_gmt":"2025-11-03T13:51:06","guid":{"rendered":"https:\/\/www.europesays.com\/lt\/31564\/"},"modified":"2025-11-03T13:51:06","modified_gmt":"2025-11-03T13:51:06","slug":"buvo-kas-kuria-ir-buvo-kas-griauna","status":"publish","type":"post","link":"https:\/\/www.europesays.com\/lt\/31564\/","title":{"rendered":"\u201eBuvo, kas kuria ir buvo, kas griauna\u201c"},"content":{"rendered":"<p>\u017dini\u0105 socialiniuose tinkluose Liudas prane\u0161\u0117 dar penktadien\u012f.<\/p>\n<p>\u201ePirmas m\u016bs\u0173 kartodromo renginys ir video i\u0161 jo. Deja, bet \u0161\u012f kart\u0105 tai ne pristatymas, o atsisveikinimas. Taip jau yra.<\/p>\n<p>Visuomet buvo, kas kuria ir buvo, kas griauna. Ta\u010diau gra\u017ei\u0173 prisiminim\u0173 i\u0161 m\u016bs\u0173 niekas neatims.<\/p>\n<p>De\u0161imtys rengini\u0173, \u0161imtai var\u017eyb\u0173, t\u016bkstan\u010diai laiming\u0173 klient\u0173. A\u010cI\u016a. Nuo\u0161ird\u017eiai A\u010cI\u016a. The End (pabaiga, liet.)\u201c, \u2013 ra\u0161\u0117 L. Vaisieta.<\/p>\n<p>\u017diniasklaidai \u017einomas vyras komentavo, jog d\u0117l veiklos u\u017edarymo jokio kriminalo n\u0117ra.<\/p>\n<p>Taip nutiko, kad baig\u0117si vietos, kurioje buvo \u012frengtas kartodromas nuomos sutarties terminas, o nuomotojas jos neprat\u0119s\u0117.<\/p>\n","protected":false},"excerpt":{"rendered":"\u017dini\u0105 socialiniuose tinkluose Liudas prane\u0161\u0117 dar penktadien\u012f. \u201ePirmas m\u016bs\u0173 kartodromo renginys ir video i\u0161 jo. Deja, bet \u0161\u012f&hellip;\n","protected":false},"author":2,"featured_media":31565,"comment_status":"","ping_status":"","sticky":false,"template":"","format":"standard","meta":{"footnotes":""},"categories":[13],"tags":[25,30,31,34,35,24,32,33,37,39,36,38,40,23,22,28,29,26,27],"class_list":{"0":"post-31564","1":"post","2":"type-post","3":"status-publish","4":"format-standard","5":"has-post-thumbnail","7":"category-lietuva","8":"tag-antrastes","9":"tag-breaking-news","10":"tag-breakingnews","11":"tag-featured-news","12":"tag-featurednews","13":"tag-headlines","14":"tag-latest-news","15":"tag-latestnews","16":"tag-lietuva","17":"tag-lietuviu","18":"tag-lithuania","19":"tag-lithuanian","20":"tag-lt","21":"tag-naujienos","22":"tag-news","23":"tag-populiariausios-naujienos","24":"tag-populiariausiosnaujienos","25":"tag-top-stories","26":"tag-topstories"},"share_on_mastodon":{"url":"https:\/\/pubeurope.com\/@lt\/115486096261554203","error":""},"_links":{"self":[{"href":"https:\/\/www.europesays.com\/lt\/wp-json\/wp\/v2\/posts\/31564","targetHints":{"allow":["GET"]}}],"collection":[{"href":"https:\/\/www.europesays.com\/lt\/wp-json\/wp\/v2\/posts"}],"about":[{"href":"https:\/\/www.europesays.com\/lt\/wp-json\/wp\/v2\/types\/post"}],"author":[{"embeddable":true,"href":"https:\/\/www.europesays.com\/lt\/wp-json\/wp\/v2\/users\/2"}],"replies":[{"embeddable":true,"href":"https:\/\/www.europesays.com\/lt\/wp-json\/wp\/v2\/comments?post=31564"}],"version-history":[{"count":0,"href":"https:\/\/www.europesays.com\/lt\/wp-json\/wp\/v2\/posts\/31564\/revisions"}],"wp:featuredmedia":[{"embeddable":true,"href":"https:\/\/www.europesays.com\/lt\/wp-json\/wp\/v2\/media\/31565"}],"wp:attachment":[{"href":"https:\/\/www.europesays.com\/lt\/wp-json\/wp\/v2\/media?parent=31564"}],"wp:term":[{"taxonomy":"category","embeddable":true,"href":"https:\/\/www.europesays.com\/lt\/wp-json\/wp\/v2\/categories?post=31564"},{"taxonomy":"post_tag","embeddable":true,"href":"https:\/\/www.europesays.com\/lt\/wp-json\/wp\/v2\/tags?post=31564"}],"curies":[{"name":"wp","href":"https:\/\/api.w.org\/{rel}","templated":true}]}}