{"id":31610,"date":"2025-11-03T14:46:11","date_gmt":"2025-11-03T14:46:11","guid":{"rendered":"https:\/\/www.europesays.com\/lt\/31610\/"},"modified":"2025-11-03T14:46:11","modified_gmt":"2025-11-03T14:46:11","slug":"ispuolius-renge-vyrai-keliauja-i-teisma-smurtavo-padeginejo-automobilius-ir-gabeno-sprogmenis","status":"publish","type":"post","link":"https:\/\/www.europesays.com\/lt\/31610\/","title":{"rendered":"I\u0161puolius reng\u0119 vyrai keliauja \u012f teism\u0105 \u2013 smurtavo, padegin\u0117jo automobilius ir gabeno sprogmenis"},"content":{"rendered":"<p>Prokurat\u016bra prane\u0161a, kad 32 met\u0173 kaltinamasis, 2022 m. spal\u012f <a rel=\"noopener nofollow\" target=\"_blank\" href=\"https:\/\/www.delfi.lt\/temos\/kaunas\" tag-id=\"39300323\">Kaune<\/a> sm\u016bgiuodamas \u012f galv\u0105 ir pilv\u0105 nesunkiai sutrikd\u0117 vyro sveikat\u0105. 2024 m. kov\u0105 Garg\u017eduose \u0161is kaltinamasis, veikdamas kartu su 30-me\u010diu bendrininku, \u012fsigijo degal\u0173, kuriais apipyl\u0117 ir <a rel=\"noopener nofollow\" target=\"_blank\" href=\"https:\/\/www.delfi.lt\/temos\/padege\" tag-id=\"67276966\">padeg\u0117<\/a> pa\u017e\u012fstamo asmens automobil\u012f. D\u0117l kilusio gaisro automobilis visi\u0161kai sudeg\u0117, o \u0161alia stov\u0117j\u0119s \u2013 buvo apgadintas. Bendra \u017eala siekia daugiau nei 9500 eur\u0173. <\/p>\n<p>\u0160is 30-metis kaunietis taip pat kaltinamas tuo, kad 2024 m. gegu\u017e\u0119 <a rel=\"noopener nofollow\" target=\"_blank\" href=\"https:\/\/www.delfi.lt\/temos\/gargzdai\" tag-id=\"59947259\">Garg\u017eduose<\/a> automobiliu \u012f\u017e\u016bliai u\u017eblokavo keli\u0105 i\u0161 nam\u0173 i\u0161va\u017eiuojan\u010diam vairuotojui, g\u0105sdino ir <a rel=\"noopener nofollow\" target=\"_blank\" href=\"https:\/\/www.delfi.lt\/temos\/grasino\" tag-id=\"64993673\">grasino<\/a> padegti jo namus. T\u0105 pat\u012f vakar\u0105 vie\u0161oje vietoje Klaip\u0117doje buvo u\u017epultas ir sumu\u0161tas kitas vyri\u0161kis. Kaltinimai d\u0117l to pateikti 25 met\u0173 klaip\u0117die\u010diui.<\/p>\n<p>\u201eManoma, kad taip baikeri\u0173 klubams priklausantys asmenys siek\u0117 spr\u0119sti tarpusavio nesutarimus\u201c, \u2013 skelbia prokurat\u016bra.<\/p>\n<p>Gabeno didel\u0117s sprogstamosios galios sprogmenis<\/p>\n<p>Netrukus po \u0161i\u0173 i\u0161puoli\u0173 Klaip\u0117doje policijos pareig\u016bnai sulaik\u0117 automobiliu va\u017eiavusius tris asmenis, tarp kuri\u0173 buvo 30-metis kaunietis ir 25-metis klaip\u0117dietis. Nustatyta, kad kaunietis automobiliu gabeno didel\u0117s sprogstamosios galios <a rel=\"noopener nofollow\" target=\"_blank\" href=\"https:\/\/www.delfi.lt\/temos\/sprogmenys\" tag-id=\"60585547\">sprogmenis<\/a> \u2013 rankin\u0119 <a rel=\"noopener nofollow\" target=\"_blank\" href=\"https:\/\/www.delfi.lt\/temos\/granata\" tag-id=\"59296447\">granat\u0105<\/a> ir sprogdikl\u012f. Taip pat jis, kartu su klaip\u0117die\u010diu, automobilyje tur\u0117jo dvi teleskopines lazdas. Atlikus krat\u0105 30-me\u010dio kaunie\u010dio namuose rastas ir draud\u017eiamas \u0161altasis ne\u0161aunamasis ginklas \u2013 kastetas.<\/p>\n<p>Be to, 32 met\u0173 kaunietis kaltinamas ir d\u0117l melaging\u0173 duomen\u0173 pateikimo. Jis band\u0117 gauti nauj\u0105 pas\u0105, nes, vykdant paskirt\u0105 kardom\u0105j\u0105 priemon\u0119, jo dokument\u0105 buvo pa\u0117m\u0119 policijos pareig\u016bnai. <\/p>\n<p>\u201e32 met\u0173 kaunie\u010diui pareik\u0161ti kaltinimai pagal Lietuvos Respublikos baud\u017eiamojo kodekso (BK) 138 straipsnio 1 dal\u012f, 187 straipsnio 2 dal\u012f ir 304 straipsnio 1 dal\u012f. 30-me\u010diui kaunie\u010diui pareik\u0161ti kaltinimai pagal BK 187 straipsnio 2 dal\u012f, 284 straipsn\u012f, 253 straipsnio 2 dal\u012f ir 258 straipsnio 2 dal\u012f. 25 met\u0173 klaip\u0117die\u010diui pareik\u0161ti kaltinimai pagal BK 284 straipsn\u012f ir 258 straipsnio 2 dal\u012f. Vadovaujantis nekaltumo prezumpcija, asmuo laikomas nekaltu, kol jo kaltumas ne\u012frodytas \u012fstatymo nustatyta tvarka ir nepripa\u017eintas \u012fsiteis\u0117jusiu teismo nuosprend\u017eiu\u201c, \u2013 prane\u0161a prokurat\u016bra.<\/p>\n","protected":false},"excerpt":{"rendered":"Prokurat\u016bra prane\u0161a, kad 32 met\u0173 kaltinamasis, 2022 m. spal\u012f Kaune sm\u016bgiuodamas \u012f galv\u0105 ir pilv\u0105 nesunkiai sutrikd\u0117 vyro&hellip;\n","protected":false},"author":2,"featured_media":31611,"comment_status":"","ping_status":"","sticky":false,"template":"","format":"standard","meta":{"footnotes":""},"categories":[13],"tags":[25,30,31,34,35,5410,1754,9053,24,1061,32,33,37,39,36,38,40,23,22,9054,28,29,4893,26,27],"class_list":{"0":"post-31610","1":"post","2":"type-post","3":"status-publish","4":"format-standard","5":"has-post-thumbnail","7":"category-lietuva","8":"tag-antrastes","9":"tag-breaking-news","10":"tag-breakingnews","11":"tag-featured-news","12":"tag-featurednews","13":"tag-gargzdai","14":"tag-granata","15":"tag-grasino","16":"tag-headlines","17":"tag-kaunas","18":"tag-latest-news","19":"tag-latestnews","20":"tag-lietuva","21":"tag-lietuviu","22":"tag-lithuania","23":"tag-lithuanian","24":"tag-lt","25":"tag-naujienos","26":"tag-news","27":"tag-padege","28":"tag-populiariausios-naujienos","29":"tag-populiariausiosnaujienos","30":"tag-sprogmenys","31":"tag-top-stories","32":"tag-topstories"},"share_on_mastodon":{"url":"https:\/\/pubeurope.com\/@lt\/115486312568060104","error":""},"_links":{"self":[{"href":"https:\/\/www.europesays.com\/lt\/wp-json\/wp\/v2\/posts\/31610","targetHints":{"allow":["GET"]}}],"collection":[{"href":"https:\/\/www.europesays.com\/lt\/wp-json\/wp\/v2\/posts"}],"about":[{"href":"https:\/\/www.europesays.com\/lt\/wp-json\/wp\/v2\/types\/post"}],"author":[{"embeddable":true,"href":"https:\/\/www.europesays.com\/lt\/wp-json\/wp\/v2\/users\/2"}],"replies":[{"embeddable":true,"href":"https:\/\/www.europesays.com\/lt\/wp-json\/wp\/v2\/comments?post=31610"}],"version-history":[{"count":0,"href":"https:\/\/www.europesays.com\/lt\/wp-json\/wp\/v2\/posts\/31610\/revisions"}],"wp:featuredmedia":[{"embeddable":true,"href":"https:\/\/www.europesays.com\/lt\/wp-json\/wp\/v2\/media\/31611"}],"wp:attachment":[{"href":"https:\/\/www.europesays.com\/lt\/wp-json\/wp\/v2\/media?parent=31610"}],"wp:term":[{"taxonomy":"category","embeddable":true,"href":"https:\/\/www.europesays.com\/lt\/wp-json\/wp\/v2\/categories?post=31610"},{"taxonomy":"post_tag","embeddable":true,"href":"https:\/\/www.europesays.com\/lt\/wp-json\/wp\/v2\/tags?post=31610"}],"curies":[{"name":"wp","href":"https:\/\/api.w.org\/{rel}","templated":true}]}}