{"id":31612,"date":"2025-11-03T14:50:20","date_gmt":"2025-11-03T14:50:20","guid":{"rendered":"https:\/\/www.europesays.com\/lt\/31612\/"},"modified":"2025-11-03T14:50:20","modified_gmt":"2025-11-03T14:50:20","slug":"is-temu-kaledine-dekoracija-uzsisakiusi-diana-negalejo-patiketi-ka-gavo-parode-visiems","status":"publish","type":"post","link":"https:\/\/www.europesays.com\/lt\/31612\/","title":{"rendered":"I\u0161 \u201eTemu\u201c \u201ekal\u0117din\u0119 dekoracij\u0105 u\u017esisakiusi Diana negal\u0117jo patik\u0117ti, k\u0105 gavo: parod\u0117 visiems"},"content":{"rendered":"\n<p>Taip nutiko ir Dianai, susigund\u017eiusiai ro\u017einiu kaspinu durims, kuris internete atrod\u0117 kaip tobula <a href=\"https:\/\/www.tv3.lt\/naujiena\/kaledos\/zmoniu-ismonei-nera-ribu-pacios-blogiausios-kaledu-dekoracijos-n934339\" rel=\"nofollow noopener\" target=\"_blank\">Kal\u0117din\u0117 dekoracija<\/a>. Ta\u010diau vietoje kaspino \u012f namus atkeliavo visai kas kita, ra\u0161oma mirror.co.uk.<\/p>\n<p> Prek\u0117, kuri neatitiko l\u016bkes\u010di\u0173\u00a0 <\/p>\n<p>Diana, \u201eTikTok\u201c vartotoja, pasivadinusi @diariesofdiana, u\u017esisak\u0117 med\u017eiagin\u012f ro\u017ein\u012f dur\u0173 kaspin\u0105 i\u0161 <a href=\"https:\/\/www.tv3.lt\/naujiena\/uzsienis\/prekes-is-temu-pasieks-greiciau-stai-kas-keiciasi-n1449210\" rel=\"nofollow noopener\" target=\"_blank\">\u201eTemu\u201c.<\/a><\/p>\n<p>Ji \u012fsivaizdavo didel\u012f, mink\u0161t\u0105, prabangiai atrodant\u012f\u00a0<a href=\"https:\/\/www.tv3.lt\/naujiena\/gyvenimas\/ant-kelnaiciu-pastebejote-kaspineli-stai-kam-jis-skirtas-n1355396\" rel=\"nofollow noopener\" target=\"_blank\">kaspin\u0105<\/a>, kuriuo pasipuo\u0161 savo nam\u0173 duris prie\u0161 did\u017ei\u0105sias met\u0173 \u0161ventes.<\/p>\n<p>Ta\u010diau i\u0161pakavusi siunt\u0105 ji prarado \u017ead\u0105 \u2013 vietoje kaspino durims ji rado ant med\u017eiagos atspausdint\u0105 paveiksl\u0117l\u012f, kuris buvo \u012fkeltas svetain\u0117je: duris su ro\u017einiu kaspinu ir net laikrod\u017eiu vir\u0161uje. Visa tai primin\u0117 element\u0105 i\u0161 temin\u0117s vakar\u0117li\u0173\u00a0fotosienel\u0117s.<\/p>\n<p>\u201eK\u0105 u\u017esakiau i\u0161 \u201e<a href=\"https:\/\/www.tv3.lt\/gaires\/temu\" target=\"_blank\" class=\"phrase\" rel=\"nofollow noopener\">Temu\u201c<\/a> \u2013 kaspin\u0105 durims. K\u0105 gavau \u2013 visas\u00a0duris\u201c, \u2013 juok\u0117si\u00a0ji savo vaizdo \u012fra\u0161e.<\/p>\n<p>       <a href=\"https:\/\/www.tv3.lt\/Uploads\/UGallery\/photos\/f2\/d2\/ab\/57\/f2d2ab57b93c9ad851722350a81944ac.jpg\" data-fancybox=\"photos-embed\" data-caption=\"Siunta (asociatyvi nuotrauka) (nuotr. socialini\u0173 tinkl\u0173)\" target=\"_self\" rel=\"nofollow noopener\"> <img decoding=\"async\" class=\"photo-inside-article\" align=\"center\" alt=\"Siunta (asociatyvi nuotrauka) (nuotr. socialini\u0173 tinkl\u0173)\" title=\"Siunta (asociatyvi nuotrauka) (nuotr. socialini\u0173 tinkl\u0173)\" src=\"https:\/\/www.europesays.com\/lt\/wp-content\/uploads\/2025\/11\/f2d2ab57b93c9ad851722350a81944ac.jpg\" width=\"684\" height=\"654\" loading=\"lazy\" \/> <\/a>       Internaut\u0173 reakcijos <\/p>\n<p>Komentar\u0173 skiltyje po\u00a0vaizdo \u012fra\u0161u\u00a0kilo diskusijos. Kai kurie vartotojai tiesiog kvatojosi kartu, bet kiti kaltino pa\u010di\u0105 <a href=\"https:\/\/www.tv3.lt\/naujiena\/verslas\/iki-atnaujino-jau-20-aja-parduotuve-siemet-pirkeju-vel-laukia-silaleje-n1465237\" rel=\"nofollow noopener\" target=\"_blank\">pirk\u0117j\u0105<\/a>.<\/p>\n<p>\u201eMeld\u017eiu, prad\u0117kite skaityti preki\u0173 apra\u0161ymus ir atsiliepimus\u201c, \u2013 komentavo viena vartotoja.<\/p>\n<p>Kita pasteb\u0117jo: \u201eApra\u0161yme para\u0161yta, kad tai dur\u0173 u\u017edanga su kaspino dizainu, o ne pats kaspinas! Net nuotraukose matosi tos netikros durys.\u201c<\/p>\n<p>Dar viena primin\u0117: \u201eNesisk\u0173sk \u201eTemu\u201c\u00a0\u2013 juk apra\u0161yme ai\u0161kiai ra\u0161o: dur\u0173 u\u017edanga\u00a0arba dur\u0173 u\u017euolaida.\u201c<\/p>\n<p>Kai kurie ironi\u0161kai prid\u016br\u0117, kad gauni tai, u\u017e k\u0105 moki, o Diana u\u017e \u0161\u012f \u201ekaspin\u0105\u201c\u00a0sumok\u0117jo ma\u017eiau nei 6 svarus.<\/p>\n<p>     <a href=\"https:\/\/www.tv3.lt\/Uploads\/UGallery\/photos\/f9\/52\/5b\/cd\/f9525bcd6af0309f16f235d9f229c652.jpg\" data-fancybox=\"photos-embed\" data-caption=\"Nesusipratimas d\u0117l \u201eTemu\u201c u\u017esakymo (nuotr. TikTok\/diariesofdiana) (nuotr. stop kadras)\" target=\"_self\" rel=\"nofollow noopener\"> <img decoding=\"async\" class=\"photo-inside-article\" align=\"center\" alt=\"Nesusipratimas d\u0117l \u201eTemu\u201c u\u017esakymo (nuotr. TikTok\/diariesofdiana) (nuotr. stop kadras)\" title=\"Nesusipratimas d\u0117l \u201eTemu\u201c u\u017esakymo (nuotr. TikTok\/diariesofdiana) (nuotr. stop kadras)\" src=\"https:\/\/www.europesays.com\/lt\/wp-content\/uploads\/2025\/11\/f9525bcd6af0309f16f235d9f229c652.jpg\" width=\"684\" height=\"654\" loading=\"lazy\" \/> <\/a>       Pana\u0161i\u0173 istorij\u0173 netr\u016bksta <\/p>\n<p>Komentaruose pasipyl\u0117 ir kit\u0173 vartotoj\u0173 prisipa\u017einimai apie pana\u0161ius nesusipratimus, kuriuos jie patys patyr\u0117 apsipirkin\u0117dami internetu:<\/p>\n<p>\u201eO Dieve, man tas pats nutiko su raudonu Kal\u0117d\u0173 kaspinu!\u201c<\/p>\n<p>\u201eO ne\u2026 k\u0105 tik supratau, kad ir a\u0161 u\u017esisakiau t\u0105 pat\u012f. Tik\u0117tina, kad ir man keliauja visos durys.\u201c<\/p>\n<p>Diana reagavo su <a href=\"https:\/\/www.tv3.lt\/naujiena\/zmones\/anekdotu-karalius-raimondas-silanskas-apie-tai-kodel-pats-tapo-humoristu-ir-kodel-to-ismokti-neimanoma-tai-turi-buti-duota-dievo-n1460594\" rel=\"nofollow noopener\" target=\"_blank\">humoru<\/a>: \u201eJuokiuosi iki a\u0161ar\u0173! O neee.\u201c<\/p>\n<blockquote class=\"tiktok-embed\" cite=\"https:\/\/www.tiktok.com\/@diariesofdiana\/video\/7452410368862719238\" data-video-id=\"7452410368862719238\" style=\"max-width: 605px;min-width: 325px;\"><p>  <a target=\"_blank\" title=\"@diariesofdiana\" href=\"https:\/\/www.tiktok.com\/@diariesofdiana?refer=embed\" rel=\"nofollow noopener\">@diariesofdiana<\/a> I was expecting just the bow lol @Temu <a title=\"temupurchase\" target=\"_blank\" href=\"https:\/\/www.tiktok.com\/tag\/temupurchase?refer=embed\" rel=\"nofollow noopener\">#temupurchase<\/a> <a title=\"temufail\" target=\"_blank\" href=\"https:\/\/www.tiktok.com\/tag\/temufail?refer=embed\" rel=\"nofollow noopener\">#temufail<\/a> <a title=\"whatiorderedversuswhatigot\" target=\"_blank\" href=\"https:\/\/www.tiktok.com\/tag\/whatiorderedversuswhatigot?refer=embed\" rel=\"nofollow noopener\">#whatiorderedversuswhatigot<\/a> <a title=\"whatiorderedvswhatigot\" target=\"_blank\" href=\"https:\/\/www.tiktok.com\/tag\/whatiorderedvswhatigot?refer=embed\" rel=\"nofollow noopener\">#whatiorderedvswhatigot<\/a> <a target=\"_blank\" title=\"\u266c original sound - Dear diary, it\u2019s Diana \ud83c\udde8\ud83c\udde6\" href=\"https:\/\/www.tiktok.com\/music\/original-sound-7452410384467430150?refer=embed\" rel=\"nofollow noopener\">\u266c original sound &#8211; Dear diary, it\u2019s Diana \ud83c\udde8\ud83c\udde6<\/a>  <\/p><\/blockquote>\n<p>   \u201eTemu\u201c atsakas: tokio produkto jau neb\u0117ra <\/p>\n<p>\u201eTemu\u201c atstovas spaudai parei\u0161k\u0117, kad prek\u0117 jau pa\u0161alinta i\u0161 parduotuv\u0117s katalogo:<\/p>\n<p>\u201e\u0160\u012f produkt\u0105 pa\u0161alinome prie\u0161 devynis m\u0117nesius, kai gavome prane\u0161im\u0105 apie klaidinan\u010di\u0105 informacij\u0105.<\/p>\n<p>Visi pardav\u0117jai privalo tiksliai apra\u0161yti savo si\u016blomas prekes. Klientai yra apsaugoti 90 dien\u0173 pinig\u0173 gr\u0105\u017einimo garantija, jei prek\u0117 neatitinka apra\u0161ymo.\u201c<\/p>\n<p>\u012emon\u0117 prid\u016br\u0117, kad j\u0173 klient\u0173 aptarnavimo komanda dirba 24\/7.<\/p>\n<p>Nors situacija galiausiai baig\u0117si juoku ir linksma diskusija socialiniuose\u00a0tinkluose, \u0161i istorija primena paprast\u0105, bet am\u017ein\u0105 internetini\u0173\u00a0parduotuvi\u0173 taisykl\u0119: visada prie\u0161 perkant b\u016btina skaityti preki\u0173\u00a0apra\u0161ymus.<\/p>\n<p>\n                                        \u0160altinis:<br \/>\n                                                                                    tv3.lt\n                                                                                <\/p>\n<p>Patiko straipsnis? <a href=\"https:\/\/www.tv3.lt\/prenumeruoti\" rel=\"nofollow noopener\" target=\"_blank\">U\u017esiprenumeruokite m\u016bs\u0173 naujienlai\u0161k\u012f ir gaukite svarbiausias dienos naujienas bei \u012fdomiausius straipsnius kiekvien\u0105 darbo dien\u0105 11 val. Tiesiai \u012f J\u016bs\u0173 el. pa\u0161t\u0105!<\/a><\/p>\n<p>        <script async src=\"\/\/www.tiktok.com\/embed.js\"><\/script><\/p>\n","protected":false},"excerpt":{"rendered":"Taip nutiko ir Dianai, susigund\u017eiusiai ro\u017einiu kaspinu durims, kuris internete atrod\u0117 kaip tobula Kal\u0117din\u0117 dekoracija. Ta\u010diau vietoje kaspino&hellip;\n","protected":false},"author":2,"featured_media":31613,"comment_status":"","ping_status":"","sticky":false,"template":"","format":"standard","meta":{"footnotes":""},"categories":[17],"tags":[9055,81,57,43,55,48,54,51,49,50,37,39,36,38,40,45,23,44,53,42,56,47,41,46,58,52],"class_list":{"0":"post-31612","1":"post","2":"type-post","3":"status-publish","4":"format-standard","5":"has-post-thumbnail","7":"category-verslas","8":"tag-2025-11-03-145000","9":"tag-business","10":"tag-daiktai","11":"tag-dienos-kronika","12":"tag-gatves-tekstai","13":"tag-gyvenimas","14":"tag-interneto-pievos","15":"tag-keliones","16":"tag-kultura","17":"tag-laisvalaikis","18":"tag-lietuva","19":"tag-lietuviu","20":"tag-lithuania","21":"tag-lithuanian","22":"tag-lt","23":"tag-mokslas-ir-it","24":"tag-naujienos","25":"tag-pasaulis","26":"tag-projektai","27":"tag-rinktiniai-tekstai","28":"tag-simtmecio-portalas","29":"tag-sportas","30":"tag-tv3-lt","31":"tag-verslas","32":"tag-video","33":"tag-zaidimai"},"share_on_mastodon":{"url":"https:\/\/pubeurope.com\/@lt\/115486328519436916","error":""},"_links":{"self":[{"href":"https:\/\/www.europesays.com\/lt\/wp-json\/wp\/v2\/posts\/31612","targetHints":{"allow":["GET"]}}],"collection":[{"href":"https:\/\/www.europesays.com\/lt\/wp-json\/wp\/v2\/posts"}],"about":[{"href":"https:\/\/www.europesays.com\/lt\/wp-json\/wp\/v2\/types\/post"}],"author":[{"embeddable":true,"href":"https:\/\/www.europesays.com\/lt\/wp-json\/wp\/v2\/users\/2"}],"replies":[{"embeddable":true,"href":"https:\/\/www.europesays.com\/lt\/wp-json\/wp\/v2\/comments?post=31612"}],"version-history":[{"count":0,"href":"https:\/\/www.europesays.com\/lt\/wp-json\/wp\/v2\/posts\/31612\/revisions"}],"wp:featuredmedia":[{"embeddable":true,"href":"https:\/\/www.europesays.com\/lt\/wp-json\/wp\/v2\/media\/31613"}],"wp:attachment":[{"href":"https:\/\/www.europesays.com\/lt\/wp-json\/wp\/v2\/media?parent=31612"}],"wp:term":[{"taxonomy":"category","embeddable":true,"href":"https:\/\/www.europesays.com\/lt\/wp-json\/wp\/v2\/categories?post=31612"},{"taxonomy":"post_tag","embeddable":true,"href":"https:\/\/www.europesays.com\/lt\/wp-json\/wp\/v2\/tags?post=31612"}],"curies":[{"name":"wp","href":"https:\/\/api.w.org\/{rel}","templated":true}]}}