{"id":31614,"date":"2025-11-03T14:51:20","date_gmt":"2025-11-03T14:51:20","guid":{"rendered":"https:\/\/www.europesays.com\/lt\/31614\/"},"modified":"2025-11-03T14:51:20","modified_gmt":"2025-11-03T14:51:20","slug":"afganistana-supurte-zemes-drebejimas-zuvo-maziausiai-20-zmoniu-simtai-suzeista","status":"publish","type":"post","link":"https:\/\/www.europesays.com\/lt\/31614\/","title":{"rendered":"Afganistan\u0105 supurt\u0117 \u017eem\u0117s dreb\u0117jimas: \u017euvo ma\u017eiausiai 20 \u017emoni\u0173, \u0161imtai su\u017eeista"},"content":{"rendered":"\n<p>JAV Geologijos tarnybos (USGS) duomenimis, <a href=\"https:\/\/www.tv3.lt\/gaires\/zemes-drebejimas\" target=\"_blank\" rel=\"nofollow noopener\">\u017eem\u0117s dreb\u0117jimas<\/a> \u012fvyko v\u0117l\u0173 sekmadienio vakar\u0105 netoli Mazari \u0160arifo miesto, 28 km gylyje.<\/p>\n<p>Balcho ir Samangano provincijose \u017euvo daugiau kaip 20 \u017emoni\u0173, su\u017eeista apie 320, pirmadienio ryt\u0105 \u017eurnalistams sak\u0117 Sveikatos apsaugos ministerijos atstovas Sharafatas Zamanas, pabr\u0117\u017edamas, kad tai preliminar\u016bs duomenys.<\/p>\n<p>Jis nepateik\u0117 duomen\u0173 apie auk\u0173 skai\u010diaus pasiskirstym\u0105 pagal provincijas.<\/p>\n<p>\u017dem\u0117s dreb\u0117jimas buvo juntamas ir u\u017e 420 km \u012f pietus esan\u010dioje sostin\u0117je Kabule, pasakojo agent\u016bros AFP korespondentai. Mazari \u0160arife daug \u017emoni\u0173, baimindamiesi, kad j\u0173 namai gali gri\u016bti, i\u0161b\u0117go \u012f gatves.<\/p>\n<p>Mazari \u0160arife esanti garsioji M\u0117lynoji me\u010det\u0117, 15 am\u017eiaus architekt\u016bros paminklas, gars\u0117jantis ry\u0161kiaspalv\u0117mis plytel\u0117mis, taip pat buvo apgadinta, paliudijo AFP \u017eurnalistas.<\/p>\n<p>Nuo me\u010det\u0117s \u2013 vienos i\u0161 nedaugelio likusi\u0173 turist\u0173 lankytin\u0173 viet\u0173 \u0161alyje \u2013 ypa\u010d nuo vieno i\u0161 jos minaret\u0173, atskilo konstrukcijos gabalai ir i\u0161sibarst\u0117 po teritorij\u0105.<\/p>\n<p>Tai naujausia stichin\u0117 nelaim\u0117 Talibano vyriausybei, kuriai nuo 2021 m., kai per\u0117m\u0117 Afganistano valdym\u0105, teko patirti tris didelius ir mirtinus \u017eem\u0117s dreb\u0117jimus, kai tuo tarpu parama i\u0161 <a href=\"https:\/\/www.tv3.lt\/rubrika\/naujienos\/uzsienis\" target=\"_blank\" class=\"phrase\" rel=\"nofollow noopener\">u\u017esienio<\/a>, sudariusi \u0161alies ekonomikos pagrind\u0105, smarkiai suma\u017e\u0117jo.\u00a0<\/p>\n<p>Rugpj\u016b\u010dio pabaigoje per 6 bal\u0173 stiprumo \u017eem\u0117s dreb\u0117jim\u0105 Ryt\u0173 Afganistane \u017euvo daugiau kaip 2 200 \u017emoni\u0173. Dideli dreb\u0117jimai vakarin\u0117je Herato provincijoje, netoli Irano sienos, 2023 m. ir rytin\u0117je Nangarharo provincijoje 2022 m. nusine\u0161\u0117 \u0161imtus gyvybi\u0173 ir sugriov\u0117 t\u016bkstan\u010dius nam\u0173.<\/p>\n<p>\u0160alies Hinduku\u0161o regione, kur susiduria dvi tektonin\u0117s plok\u0161t\u0117s, po\u017eeminiai sm\u016bgiai yra da\u017eni. Nuo 1900 m., Brit\u0173 geologijos tarnybos duomenimis, u\u017eregistruota 12 \u017eem\u0117s dreb\u0117jim\u0173, kuri\u0173 stiprumas buvo didesnis nei 7 balai.<\/p>\n<p>Patiko straipsnis? <a href=\"https:\/\/www.tv3.lt\/prenumeruoti\" rel=\"nofollow noopener\" target=\"_blank\">U\u017esiprenumeruokite m\u016bs\u0173 naujienlai\u0161k\u012f ir gaukite svarbiausias dienos naujienas bei \u012fdomiausius straipsnius kiekvien\u0105 darbo dien\u0105 11 val. Tiesiai \u012f J\u016bs\u0173 el. pa\u0161t\u0105!<\/a><\/p>\n","protected":false},"excerpt":{"rendered":"JAV Geologijos tarnybos (USGS) duomenimis, \u017eem\u0117s dreb\u0117jimas \u012fvyko v\u0117l\u0173 sekmadienio vakar\u0105 netoli Mazari \u0160arifo miesto, 28 km gylyje.&hellip;\n","protected":false},"author":2,"featured_media":31615,"comment_status":"","ping_status":"","sticky":false,"template":"","format":"standard","meta":{"footnotes":""},"categories":[15],"tags":[9056,25,30,31,57,43,34,35,55,48,24,54,51,49,50,32,33,37,39,36,38,40,45,23,22,44,28,29,53,42,56,47,26,27,41,46,58,74,75,76,52],"class_list":{"0":"post-31614","1":"post","2":"type-post","3":"status-publish","4":"format-standard","5":"has-post-thumbnail","7":"category-pasaulis","8":"tag-2025-11-03-065800","9":"tag-antrastes","10":"tag-breaking-news","11":"tag-breakingnews","12":"tag-daiktai","13":"tag-dienos-kronika","14":"tag-featured-news","15":"tag-featurednews","16":"tag-gatves-tekstai","17":"tag-gyvenimas","18":"tag-headlines","19":"tag-interneto-pievos","20":"tag-keliones","21":"tag-kultura","22":"tag-laisvalaikis","23":"tag-latest-news","24":"tag-latestnews","25":"tag-lietuva","26":"tag-lietuviu","27":"tag-lithuania","28":"tag-lithuanian","29":"tag-lt","30":"tag-mokslas-ir-it","31":"tag-naujienos","32":"tag-news","33":"tag-pasaulis","34":"tag-populiariausios-naujienos","35":"tag-populiariausiosnaujienos","36":"tag-projektai","37":"tag-rinktiniai-tekstai","38":"tag-simtmecio-portalas","39":"tag-sportas","40":"tag-top-stories","41":"tag-topstories","42":"tag-tv3-lt","43":"tag-verslas","44":"tag-video","45":"tag-world","46":"tag-world-news","47":"tag-worldnews","48":"tag-zaidimai"},"share_on_mastodon":{"url":"","error":"Validation failed: Text character limit of 500 exceeded"},"_links":{"self":[{"href":"https:\/\/www.europesays.com\/lt\/wp-json\/wp\/v2\/posts\/31614","targetHints":{"allow":["GET"]}}],"collection":[{"href":"https:\/\/www.europesays.com\/lt\/wp-json\/wp\/v2\/posts"}],"about":[{"href":"https:\/\/www.europesays.com\/lt\/wp-json\/wp\/v2\/types\/post"}],"author":[{"embeddable":true,"href":"https:\/\/www.europesays.com\/lt\/wp-json\/wp\/v2\/users\/2"}],"replies":[{"embeddable":true,"href":"https:\/\/www.europesays.com\/lt\/wp-json\/wp\/v2\/comments?post=31614"}],"version-history":[{"count":0,"href":"https:\/\/www.europesays.com\/lt\/wp-json\/wp\/v2\/posts\/31614\/revisions"}],"wp:featuredmedia":[{"embeddable":true,"href":"https:\/\/www.europesays.com\/lt\/wp-json\/wp\/v2\/media\/31615"}],"wp:attachment":[{"href":"https:\/\/www.europesays.com\/lt\/wp-json\/wp\/v2\/media?parent=31614"}],"wp:term":[{"taxonomy":"category","embeddable":true,"href":"https:\/\/www.europesays.com\/lt\/wp-json\/wp\/v2\/categories?post=31614"},{"taxonomy":"post_tag","embeddable":true,"href":"https:\/\/www.europesays.com\/lt\/wp-json\/wp\/v2\/tags?post=31614"}],"curies":[{"name":"wp","href":"https:\/\/api.w.org\/{rel}","templated":true}]}}