{"id":31620,"date":"2025-11-03T14:58:08","date_gmt":"2025-11-03T14:58:08","guid":{"rendered":"https:\/\/www.europesays.com\/lt\/31620\/"},"modified":"2025-11-03T14:58:08","modified_gmt":"2025-11-03T14:58:08","slug":"matulionis-apie-kam-lesas-lygioje-vietoje-bandoma-sukurti-problema","status":"publish","type":"post","link":"https:\/\/www.europesays.com\/lt\/31620\/","title":{"rendered":"Matulionis apie KAM l\u0117\u0161as: lygioje vietoje bandoma sukurti problem\u0105"},"content":{"rendered":"<p>\u201eKalba eina apie \u012fsigijimus, tai yra apie\u00a040\u00a0proc. KAM biud\u017eeto. Dar mes turime du m\u0117nesius. Tie pinigai bus tinkamai panaudoti ir \u010dia lygioje vietoje bandoma sukurti problem\u0105\u201c, \u2013 \u017eurnalistams Prezident\u016broje teig\u0117 D. Matulionis.\u00a0<\/p>\n<p>Jam antrino ir kandidatas \u012f kra\u0161to apsaugos ministru Robertas Kaunas.<\/p>\n<p>\u201eEsu su situacija supa\u017eindintas ir patikintas, kad, remiantis jau tre\u010dio ketvir\u010dio duomenimis, procentas yra gerokai didesnis. Taip pat esu patikintas, kad tai yra normali praktika ir iki met\u0173 galo b\u016bna u\u017ekontraktuotas prakti\u0161kai visas biud\u017eetas\u201c, \u2013 d\u0117st\u0117 politikas.<\/p>\n<p>\u201eNeu\u017etenka tik skirti didelio finansavimo, reikia sugeb\u0117ti ir tinkamai j\u012f panaudoti\u201c, \u2013 akcentavo socialdemokratas.\u00a0<\/p>\n<p>Pra\u0117jusi\u0105 savait\u0119 kra\u0161to apsaugos viceministras Tomas Godliauskas teig\u0117, jog KAM yra panaudojusi 55 proc. viso 2025 m. skirto gynybos biud\u017eeto. Pasak jo, iki met\u0173 pabaigos tikimasi \u012fsisavinti ir likusius asignavimus \u2013 dal\u012f j\u0173 numatoma skirti avansiniams mok\u0117jimams u\u017e \u012fsigyjam\u0105 ginkluot\u0119.<\/p>\n<p>2025 m. Lietuvos asignavimai KAM siekia 4,01 proc. nuo bendrojo vidaus produkto (BVP) arba 3,349 mlrd. eur\u0173.<\/p>\n<p>ELTA primena, kad kit\u0173 met\u0173 valstyb\u0117s biud\u017eete gynybai finansuoti numatyta 5,38 proc. nuo BVP arba 4,79 mlrd. eur\u0173.\u00a0<\/p>\n<p>Dal\u012f \u0161i\u0173 asignavim\u0173 sudarys Valstyb\u0117s gynybos fondo pajamos \u2013 kitais metais \u0161i suma sieks 700,3 mln. eur\u0173.<\/p>\n<p>Lietuva iki 2030-\u0173j\u0173 gynybai kasmet \u012fsipareigojo skirti po 5\u20136 proc. BVP \u2013 tok\u012f sprendim\u0105 Valstyb\u0117s gynimo taryba (VGT) pri\u0117m\u0117 \u0161\u012f saus\u012f.<\/p>\n","protected":false},"excerpt":{"rendered":"\u201eKalba eina apie \u012fsigijimus, tai yra apie\u00a040\u00a0proc. KAM biud\u017eeto. Dar mes turime du m\u0117nesius. Tie pinigai bus tinkamai&hellip;\n","protected":false},"author":2,"featured_media":31621,"comment_status":"","ping_status":"","sticky":false,"template":"","format":"standard","meta":{"footnotes":""},"categories":[13],"tags":[25,30,31,2790,34,35,6046,24,1413,32,33,37,39,36,38,40,23,22,28,29,26,27],"class_list":{"0":"post-31620","1":"post","2":"type-post","3":"status-publish","4":"format-standard","5":"has-post-thumbnail","7":"category-lietuva","8":"tag-antrastes","9":"tag-breaking-news","10":"tag-breakingnews","11":"tag-deividas-matulionis","12":"tag-featured-news","13":"tag-featurednews","14":"tag-gynybos-biudzetas","15":"tag-headlines","16":"tag-kam","17":"tag-latest-news","18":"tag-latestnews","19":"tag-lietuva","20":"tag-lietuviu","21":"tag-lithuania","22":"tag-lithuanian","23":"tag-lt","24":"tag-naujienos","25":"tag-news","26":"tag-populiariausios-naujienos","27":"tag-populiariausiosnaujienos","28":"tag-top-stories","29":"tag-topstories"},"share_on_mastodon":{"url":"https:\/\/pubeurope.com\/@lt\/115486359759604560","error":""},"_links":{"self":[{"href":"https:\/\/www.europesays.com\/lt\/wp-json\/wp\/v2\/posts\/31620","targetHints":{"allow":["GET"]}}],"collection":[{"href":"https:\/\/www.europesays.com\/lt\/wp-json\/wp\/v2\/posts"}],"about":[{"href":"https:\/\/www.europesays.com\/lt\/wp-json\/wp\/v2\/types\/post"}],"author":[{"embeddable":true,"href":"https:\/\/www.europesays.com\/lt\/wp-json\/wp\/v2\/users\/2"}],"replies":[{"embeddable":true,"href":"https:\/\/www.europesays.com\/lt\/wp-json\/wp\/v2\/comments?post=31620"}],"version-history":[{"count":0,"href":"https:\/\/www.europesays.com\/lt\/wp-json\/wp\/v2\/posts\/31620\/revisions"}],"wp:featuredmedia":[{"embeddable":true,"href":"https:\/\/www.europesays.com\/lt\/wp-json\/wp\/v2\/media\/31621"}],"wp:attachment":[{"href":"https:\/\/www.europesays.com\/lt\/wp-json\/wp\/v2\/media?parent=31620"}],"wp:term":[{"taxonomy":"category","embeddable":true,"href":"https:\/\/www.europesays.com\/lt\/wp-json\/wp\/v2\/categories?post=31620"},{"taxonomy":"post_tag","embeddable":true,"href":"https:\/\/www.europesays.com\/lt\/wp-json\/wp\/v2\/tags?post=31620"}],"curies":[{"name":"wp","href":"https:\/\/api.w.org\/{rel}","templated":true}]}}