{"id":31626,"date":"2025-11-03T15:05:09","date_gmt":"2025-11-03T15:05:09","guid":{"rendered":"https:\/\/www.europesays.com\/lt\/31626\/"},"modified":"2025-11-03T15:05:09","modified_gmt":"2025-11-03T15:05:09","slug":"vilijampoles-tragedija-bmw-markes-automobilis-pateko-i-avarija","status":"publish","type":"post","link":"https:\/\/www.europesays.com\/lt\/31626\/","title":{"rendered":"Vilijampol\u0117s tragedija: BMW mark\u0117s automobilis pateko \u012f avarij\u0105"},"content":{"rendered":"<p>Kaip jau prane\u0161ta, \u0161i <a rel=\"noopener nofollow\" target=\"_blank\" href=\"https:\/\/www.delfi.lt\/temos\/avarija\" data-rel-date-range=\"[]\">tragedija<\/a> u\u017eregistruota lapkri\u010dio 2 d. 23.40 val. Portalo kauno.diena.lt \u017einiomis, apie j\u0105 prane\u0161\u0117 ne per toliausiai gyvenantis asmuo, teig\u0119s, kad i\u0161girdo didel\u012f trenksm\u0105 ir, i\u0161\u0117j\u0119s laukan, pamat\u0117 \u012f stulp\u0105 atsitrenkus\u012f automobil\u012f, ant kurio baga\u017ein\u0117s guli pusiau per galin\u012f lang\u0105 i\u0161lind\u0119s vyras. Jis \u2013 su\u017eeistas ir be s\u0105mon\u0117s.<\/p>\n<p>Ar yra \u017emoni\u0173 ir automobilio priekyje, skambinusysis teig\u0117 ne\u017einantis.<\/p>\n<p>Specialiosioms tarnyboms atvykus \u012f \u0161io \u012fvykio Lamp\u0117d\u017ei\u0173 tilto prieigose \u2013 ne per toliausiai Raudondvario plento sankirtos su Kulautuvos gatve viet\u0105, konstatuotas \u0161iurpus vaizdas. <a rel=\"noopener nofollow\" target=\"_blank\" href=\"https:\/\/www.delfi.lt\/temos\/bmw\" tag-id=\"52150763\">BMW<\/a> automobilis su angli\u0161kais valstybiniais numeriais buvo beveik apsivynioj\u0119s aplink gatv\u0117s ap\u0161vietimo stulp\u0105 \u2013 jo galinis ratas buvo ties priekiniu, o panel\u0117s detal\u0117 su i\u0161sprogusia saugos pagalve pakibusi ant sm\u016bg\u012f atlaikiusio stulpo \u2013 ma\u017edaug automobilio auk\u0161tyje.<\/p>\n<p>Greitosios pagalbos medikams konstatavus, kad vyras, pusiau i\u0161lind\u0119s per galin\u012f BMW lang\u0105, \u2013 be gyvyb\u0117s \u017eenkl\u0173, j\u012f prispaudus\u012f automobilio, kuriame daugiau \u017emoni\u0173 nerasta, stog\u0105 ugniagesiai gelb\u0117tojai su pneumatine gelb\u0117jimo \u012franga atk\u0117l\u0117 per 12 minu\u010di\u0173. Prireik\u0117 ir hidraulini\u0173 \u017eirkli\u0173, kuriomis i\u0161kirpus baga\u017ein\u0117s dangt\u012f, atjungtas BMW akumuliatorius.<\/p>\n<p>Pirminiais duomenimis, \u0161is automobilis, kurio vairuotojo vieta buvo de\u0161in\u0117je pus\u0117je, trenk\u0117si \u012f stulp\u0105 kairi\u0105ja puse. Sp\u0117jama, kad galimai jis va\u017eiavo Jurbarko gatv\u0117s pus\u0117n.<\/p>\n<p>Nors BMW \u2013 su angli\u0161kais valstybiniais numeriais, j\u012f vairav\u0119s min\u0117tas 1988 m. gim\u0119s asmuo \u2013 Lietuvos pilietis lietuvi\u0161ku vardu ir pavarde, registrav\u0119s gyvenam\u0105j\u0105 viet\u0105 <a rel=\"noopener nofollow\" target=\"_blank\" href=\"https:\/\/www.delfi.lt\/temos\/kaunas\" tag-id=\"39300323\">Kaune<\/a>.<\/p>\n<p>Neatmetama, kad \u0161i\u0105 tragedij\u0105, kurios tiesiogini\u0173 liudytoj\u0173, pirminiais duomenimis, n\u0117ra, l\u0117m\u0117 ne tik ne\u017emoni\u0161kas BMW greitis prie\u0161 kaktomu\u0161\u0105 su stulpu, bet ir nakt\u012f pliaup\u0119s lietus.<\/p>\n","protected":false},"excerpt":{"rendered":"Kaip jau prane\u0161ta, \u0161i tragedija u\u017eregistruota lapkri\u010dio 2 d. 23.40 val. Portalo kauno.diena.lt \u017einiomis, apie j\u0105 prane\u0161\u0117 ne&hellip;\n","protected":false},"author":2,"featured_media":31627,"comment_status":"","ping_status":"","sticky":false,"template":"","format":"standard","meta":{"footnotes":""},"categories":[6],"tags":[25,155,2130,30,31,34,35,24,1061,32,33,37,39,36,38,40,23,22,28,29,26,27],"class_list":{"0":"post-31626","1":"post","2":"type-post","3":"status-publish","4":"format-standard","5":"has-post-thumbnail","7":"category-antrastes","8":"tag-antrastes","9":"tag-avarija","10":"tag-bmw","11":"tag-breaking-news","12":"tag-breakingnews","13":"tag-featured-news","14":"tag-featurednews","15":"tag-headlines","16":"tag-kaunas","17":"tag-latest-news","18":"tag-latestnews","19":"tag-lietuva","20":"tag-lietuviu","21":"tag-lithuania","22":"tag-lithuanian","23":"tag-lt","24":"tag-naujienos","25":"tag-news","26":"tag-populiariausios-naujienos","27":"tag-populiariausiosnaujienos","28":"tag-top-stories","29":"tag-topstories"},"share_on_mastodon":{"url":"https:\/\/pubeurope.com\/@lt\/115486387282957197","error":""},"_links":{"self":[{"href":"https:\/\/www.europesays.com\/lt\/wp-json\/wp\/v2\/posts\/31626","targetHints":{"allow":["GET"]}}],"collection":[{"href":"https:\/\/www.europesays.com\/lt\/wp-json\/wp\/v2\/posts"}],"about":[{"href":"https:\/\/www.europesays.com\/lt\/wp-json\/wp\/v2\/types\/post"}],"author":[{"embeddable":true,"href":"https:\/\/www.europesays.com\/lt\/wp-json\/wp\/v2\/users\/2"}],"replies":[{"embeddable":true,"href":"https:\/\/www.europesays.com\/lt\/wp-json\/wp\/v2\/comments?post=31626"}],"version-history":[{"count":0,"href":"https:\/\/www.europesays.com\/lt\/wp-json\/wp\/v2\/posts\/31626\/revisions"}],"wp:featuredmedia":[{"embeddable":true,"href":"https:\/\/www.europesays.com\/lt\/wp-json\/wp\/v2\/media\/31627"}],"wp:attachment":[{"href":"https:\/\/www.europesays.com\/lt\/wp-json\/wp\/v2\/media?parent=31626"}],"wp:term":[{"taxonomy":"category","embeddable":true,"href":"https:\/\/www.europesays.com\/lt\/wp-json\/wp\/v2\/categories?post=31626"},{"taxonomy":"post_tag","embeddable":true,"href":"https:\/\/www.europesays.com\/lt\/wp-json\/wp\/v2\/tags?post=31626"}],"curies":[{"name":"wp","href":"https:\/\/api.w.org\/{rel}","templated":true}]}}