{"id":31651,"date":"2025-11-03T15:36:11","date_gmt":"2025-11-03T15:36:11","guid":{"rendered":"https:\/\/www.europesays.com\/lt\/31651\/"},"modified":"2025-11-03T15:36:11","modified_gmt":"2025-11-03T15:36:11","slug":"gamka-atvirai-apie-santyki-su-broliu-ir-svajone-tapti-teciu-nemegstu-zmoniu-kurie-nesuvaldo-emociju","status":"publish","type":"post","link":"https:\/\/www.europesays.com\/lt\/31651\/","title":{"rendered":"Gamka atvirai apie santyk\u012f su broliu ir svajon\u0119 tapti t\u0117\u010diu: nem\u0117gstu \u017emoni\u0173, kurie nesuvaldo emocij\u0173"},"content":{"rendered":"<p>Su laidos ved\u0117ja <a rel=\"noopener nofollow\" target=\"_blank\" href=\"https:\/\/www.delfi.lt\/temos\/egle-kernagyte-dambrauske\" tag-id=\"96565039\">Egle Kernagyte-Dambrauske<\/a> gamindamas m\u0117gstamiausi\u0105 savo patiekal\u0105 \u2013 trint\u0105 pomidor\u0173 sriub\u0105 su keptu s\u016brio sumu\u0161tiniu, jis atvirai papasakojo ir apie paauglyst\u0117je prasid\u0117jus\u012f mai\u0161t\u0105, ir apie vaikyst\u0119 bei santykius su trejais metais vyresniu broliu \u2013 taip pat garsiu muzikantu Remiu.<\/p>\n<p>    <img decoding=\"async\" src=\"https:\/\/www.europesays.com\/lt\/wp-content\/uploads\/2025\/11\/193c40b6-1a22-4e66-b24f-d02b81441022.jpg\" loading=\"lazy\" alt=\"Remis Retro, Germanas Da\u0161kevi\u010dius-Gamka\"\/>      <\/p>\n<p class=\"western\">\u201eVaikyst\u0117je a\u0161 j\u012f taip \u017eiauriai erzindavau, nes man nepatinka \u017emon\u0117s, kurie negali suvaldyti savo emocij\u0173, \u2013 prisimin\u0119s juok\u0117si Germanas ir prisipa\u017eino: \u2013 A\u0161 ir pats labiausiai savimi nusiviliu, kai nesugebu susivaldyti ir pratr\u016bkstu. Paskui gailiuosi. Elkis taip, kad nereikt\u0173 gail\u0117tis.\u201c<\/p>\n<p class=\"western\">Nors su broliu jiedu artimi, o kadaise kartu netgi muzikavo vienoje grup\u0117je, dabar j\u0173 kuriama muzika skiriasi.<\/p>\n<p>    <img decoding=\"async\" src=\"https:\/\/www.europesays.com\/lt\/wp-content\/uploads\/2025\/11\/92d116ad-1063-448a-ae64-12c3df61d18b.jpg\" loading=\"lazy\" alt=\"Germanas Da\u0161kevi\u010dius-Gamka, Egl\u0117 Kernagyt\u0117\"\/>      <\/p>\n<p class=\"western\">Germanas sak\u0117, kad k\u016bryba i\u0161 jo pareikalauja daug j\u0117g\u0173. \u201eNor\u0117\u010diau, kad mano dainos gimt\u0173 papras\u010diau \u2013 ne taip, kaip kad gimsta vaikai, \u2013 lygino muzikantas. \u2013 Kai tavo menas gimsta lyg vaikas, kai tu j\u012f ilgai brandini, gyveni su tuo menu, tu taip giliai pasineri, kad atrodo, jog tave suvalgo, suvir\u0161kina, i\u0161spjauna ir tu v\u0117l gimsti naujas.\u201c<\/p>\n<p>         <img decoding=\"async\" src=\"https:\/\/www.europesays.com\/lt\/wp-content\/uploads\/2025\/11\/bc61ac32-0bb8-49a2-ae1b-adcb92b90747.jpg\" loading=\"lazy\" alt=\"Gamka\"\/>    <\/p>\n<p class=\"western\">Prisimin\u0119s savo paties vaikyst\u0119 laidos sve\u010dias prisipa\u017eino, kad pastaruoju metu vis da\u017eniau pagalvoja ir apie tapim\u0105 t\u0117\u010diu. Galvoja ir apie tai, kad nenor\u0117t\u0173 daryti savo t\u0117v\u0173 klaid\u0173, ta\u010diau supranta, kad jose ir slypi visos gyvenimo pamokos. O jeigu nekartosi savo t\u0117v\u0173 klaid\u0173, tai grei\u010diausiai prisikursi nauj\u0173, \u012fsitikin\u0119s Germanas: \u201eA\u0161 kiekvien\u0105 dien\u0105 nor\u0117\u010diau b\u016bti tokiu \u017emogumi, kokiu nor\u0117t\u0173 b\u016bti ir mano vaikai. R\u016bpestingu, mylin\u010diu, atitinkamose gyvenimo situacijose atitinkamai ir elgtis \u2013 kai reikia b\u016bti stipriam, kai reikia \u2013 gle\u017enam ar \u0161velniai stipriam, visokiam. Jokiu b\u016bdu ne savanaud\u017eiam ar egoisti\u0161kam.\u201c<\/p>\n<p class=\"western\">Viso pokalbio su G. Da\u0161kevi\u010diumi-Gamka kvie\u010diame pasiklausyti laidos \u201e\u0160eim\u0173 virtuv\u0117\u201c \u012fra\u0161e. Laid\u0105 \u017ei\u016br\u0117kite antradieniais, 20:00 val., per \u201eDelfi TV\u201c ir bet kuriuo metu portale \u201eDelfi\u201c.<\/p>\n","protected":false},"excerpt":{"rendered":"Su laidos ved\u0117ja Egle Kernagyte-Dambrauske gamindamas m\u0117gstamiausi\u0105 savo patiekal\u0105 \u2013 trint\u0105 pomidor\u0173 sriub\u0105 su keptu s\u016brio sumu\u0161tiniu, jis&hellip;\n","protected":false},"author":2,"featured_media":31652,"comment_status":"","ping_status":"","sticky":false,"template":"","format":"standard","meta":{"footnotes":""},"categories":[21],"tags":[7749,113,5190,37,39,36,38,40,114,167],"class_list":{"0":"post-31651","1":"post","2":"type-post","3":"status-publish","4":"format-standard","5":"has-post-thumbnail","7":"category-pramogos","8":"tag-egle-kernagyte-dambrauske","9":"tag-entertainment","10":"tag-germanas-daskevicius-gamka","11":"tag-lietuva","12":"tag-lietuviu","13":"tag-lithuania","14":"tag-lithuanian","15":"tag-lt","16":"tag-pramogos","17":"tag-seimu-virtuve"},"share_on_mastodon":{"url":"https:\/\/pubeurope.com\/@lt\/115486509278962447","error":""},"_links":{"self":[{"href":"https:\/\/www.europesays.com\/lt\/wp-json\/wp\/v2\/posts\/31651","targetHints":{"allow":["GET"]}}],"collection":[{"href":"https:\/\/www.europesays.com\/lt\/wp-json\/wp\/v2\/posts"}],"about":[{"href":"https:\/\/www.europesays.com\/lt\/wp-json\/wp\/v2\/types\/post"}],"author":[{"embeddable":true,"href":"https:\/\/www.europesays.com\/lt\/wp-json\/wp\/v2\/users\/2"}],"replies":[{"embeddable":true,"href":"https:\/\/www.europesays.com\/lt\/wp-json\/wp\/v2\/comments?post=31651"}],"version-history":[{"count":0,"href":"https:\/\/www.europesays.com\/lt\/wp-json\/wp\/v2\/posts\/31651\/revisions"}],"wp:featuredmedia":[{"embeddable":true,"href":"https:\/\/www.europesays.com\/lt\/wp-json\/wp\/v2\/media\/31652"}],"wp:attachment":[{"href":"https:\/\/www.europesays.com\/lt\/wp-json\/wp\/v2\/media?parent=31651"}],"wp:term":[{"taxonomy":"category","embeddable":true,"href":"https:\/\/www.europesays.com\/lt\/wp-json\/wp\/v2\/categories?post=31651"},{"taxonomy":"post_tag","embeddable":true,"href":"https:\/\/www.europesays.com\/lt\/wp-json\/wp\/v2\/tags?post=31651"}],"curies":[{"name":"wp","href":"https:\/\/api.w.org\/{rel}","templated":true}]}}