{"id":31750,"date":"2025-11-03T17:21:13","date_gmt":"2025-11-03T17:21:13","guid":{"rendered":"https:\/\/www.europesays.com\/lt\/31750\/"},"modified":"2025-11-03T17:21:13","modified_gmt":"2025-11-03T17:21:13","slug":"admirolas-prabilo-apie-tai-kuriai-nato-vietai-pirma-smogtu-rusija-ir-ar-jav-atskubetu-i-pagalba","status":"publish","type":"post","link":"https:\/\/www.europesays.com\/lt\/31750\/","title":{"rendered":"Admirolas prabilo apie tai, kuriai NATO vietai pirma smogt\u0173 Rusija ir ar JAV atskub\u0117t\u0173 \u012f pagalb\u0105"},"content":{"rendered":"<p>Ta\u010diau spalio m\u0117nes\u012f Rusija padar\u0117 ne vien\u0105 akivaizd\u0173 gest\u0105, kad gali tur\u0117ti plan\u0173 per\u017eengti Ukrainos sienas ir kar\u0105 atne\u0161ti \u012f NATO. Viena i\u0161 toki\u0173 demonstracij\u0173 buvo Kremliaus \u0161eimininko Vladimiro Putino paskelbtas prane\u0161imas apie tolimojo nuotolio branduolinius ginklus, tokius kaip \u201eBurevestnik\u201c ir \u201ePoseidon\u201c. <\/p>\n<p> Admirolas: jie mums nekelia gr\u0117sm\u0117s <\/p>\n<p>Buv\u0119s Italijos gynybos \u0161tabo vir\u0161ininkas ir karinio j\u016br\u0173 laivyno lak\u016bnas pa\u017eym\u0117jo, kad NATO tuo n\u0117ra \u012fbauginta, pabr\u0117\u017edamas, jog \u0161is karinis Aljansas yra gynybinis ir branduolinis.<\/p>\n<p>\u201eJie mums nekelia gr\u0117sm\u0117s, \u2013 parei\u0161k\u0117 G.C.Dragone. \u2013 Mes tiesiog esame pasireng\u0119 ginti savo 32 valstybes ir milijard\u0105 gyventoj\u0173. Mes esame branduolinis aljansas.\u201c<\/p>\n<p> <a href=\"https:\/\/s1.15min.lt\/images\/photos\/2025\/10\/12\/original\/nato-karines-pratybos-rumunijoje-68eb6b7e3be0f.jpg\" rel=\"content-image nofollow noopener\" title=\"AP\/ \u201eScanpix\u201c\/NATO karin\u0117s pratybos Rumunijoje\" target=\"_blank\"><img decoding=\"async\" alt=\"AP\/ \u201eScanpix\u201c\/NATO karin\u0117s pratybos Rumunijoje\" rel=\"content-image\" src=\"https:\/\/www.europesays.com\/lt\/wp-content\/uploads\/2025\/11\/nato-karines-pratybos-rumunijoje-68eb6b7e3be0f.jpg\" style=\"width: auto; height: auto;\"\/><\/a> <\/p>\n<p>AP\/ \u201eScanpix\u201c\/NATO karin\u0117s pratybos Rumunijoje<\/p>\n<p>Kalb\u0117damas apie galim\u0173 b\u016bsim\u0173 atak\u0173 rizik\u0105, admirolas sutiko, kad jei \u2013 ir \u010dia jis pabr\u0117\u017e\u0117 s\u0105lygin\u012f pob\u016bd\u012f \u2013 tai \u012fvykt\u0173, tai grei\u010diausiai b\u016bt\u0173 Baltijos valstyb\u0117s: Estija, Latvija ir Lietuva.<\/p>\n<p>Ta\u010diau jis pabr\u0117\u017e\u0117, kad tokiu atveju b\u016bt\u0173 aktyvuotas NATO 5-asis straipsnis, pagal kur\u012f ataka prie\u0161 vien\u0105 valstyb\u0119 laikoma ataka prie\u0161 visas, ir NATO ateit\u0173 joms \u012f pagalb\u0105.<\/p>\n<p>Paklaustas, ar tai apima ir JAV, admirolas atsak\u0117: \u201eTaip, nes jos yra \u012fsipareigojusios tai daryti ir pabr\u0117\u017e\u0117, kad vis dar dalyvauja \u0161iame procese.\u201c<\/p>\n<p>Auk\u0161to rango karinis pareig\u016bnas atkreip\u0117 d\u0117mes\u012f, kad V.Putino sprendimas prad\u0117ti nei\u0161provokuot\u0105 invazij\u0105 \u012f Ukrain\u0105 u\u017etrauk\u0117 jam strategin\u0119 nes\u0117km\u0119, nepaisant kukli\u0173 ir l\u0117tai augan\u010di\u0173 laim\u0117jim\u0173 m\u016b\u0161io lauke. <\/p>\n<p>Pasak jo, b\u016btent Rusijos karas prie\u0161 Ukrain\u0105 paskatino prie NATO prisijungti Suomij\u0105 ir \u0160vedij\u0105, o tai \u0161alys, kurios Kremlius neturi jokios galios.<\/p>\n<p> <a href=\"https:\/\/s1.15min.lt\/images\/photos\/2025\/10\/29\/original\/daniel-mihailescu-afp-6901dc819ca00.jpg\" rel=\"content-image nofollow noopener\" title=\"AFP\/ \u201eScanpix\u201c\/JAV kariai\" target=\"_blank\"><img decoding=\"async\" alt=\"AFP\/ \u201eScanpix\u201c\/JAV kariai\" rel=\"content-image\" src=\"https:\/\/www.europesays.com\/lt\/wp-content\/uploads\/2025\/11\/daniel-mihailescu-afp-6901dc819ca00.jpg\" style=\"width: auto; height: auto;\"\/><\/a> <\/p>\n<p>AFP\/ \u201eScanpix\u201c\/JAV kariai<\/p>\n<p>\u201eJie negaus draugi\u0161kos ar marionetin\u0117s vyriausyb\u0117s, kaip Baltarusijoje. Putinui nepasiseks\u201c, \u2013 pabr\u0117\u017e\u0117 G.C.Dragone.<\/p>\n<p>Paklaustas, ar Europos \u0161alys yra pasirengusios toliau remti Ukrainos gynyb\u0105, jis atsak\u0117, kad taip. Jo nuomone, tai buvo naudinga, nes jos tarsi pabudo ir dabar pa\u010dios susir\u016bpino savo gynyba.<\/p>\n<p>Bir\u017eel\u012f NATO nar\u0117s susitar\u0117 iki 2035 m. padidinti gynybos i\u0161laidas iki 5 proc. BVP. \u0160is sprendimas buvo priimtas po to, kai JAV prezidentas Donaldas Trumpas kelet\u0105 kart\u0173 ragino nares tai padaryti, ir u\u017esimin\u0117, jog Amerika gali pasitraukti i\u0161 NATO.<\/p>\n<p>I\u0161 vis\u0173 dabartini\u0173 NATO gynybos poreiki\u0173, paai\u0161kino auk\u0161to rango kari\u0161kis, oro gynyba yra did\u017eiausias prioritetas. Neseniai \u012fvyk\u0119 Rusijos dron\u0173 \u012fsibrovimai \u012f Lenkij\u0105 ir Rumunij\u0105 paskatino Aljans\u0105 modernizuoti savo oro gynyb\u0105.<\/p>\n<p>Kalb\u0117damas apie galimyb\u0119 sukurti hipotetin\u0119 \u201edron\u0173 sien\u0105\u201c NATO rytin\u0117se sienose, jis sak\u0117, kad tai bus padaryta per kelis m\u0117nesius ir kad \u201ealjanso Jungtinis transformavimo \u0161tabas Norfolke [Vird\u017einija] jau dirba \u0161iuo klausimu\u201c.<\/p>\n","protected":false},"excerpt":{"rendered":"Ta\u010diau spalio m\u0117nes\u012f Rusija padar\u0117 ne vien\u0105 akivaizd\u0173 gest\u0105, kad gali tur\u0117ti plan\u0173 per\u017eengti Ukrainos sienas ir kar\u0105&hellip;\n","protected":false},"author":2,"featured_media":31751,"comment_status":"","ping_status":"","sticky":false,"template":"","format":"standard","meta":{"footnotes":""},"categories":[15],"tags":[25,30,31,34,35,24,32,33,37,39,36,38,40,23,22,44,28,29,26,27,74,75,76],"class_list":{"0":"post-31750","1":"post","2":"type-post","3":"status-publish","4":"format-standard","5":"has-post-thumbnail","7":"category-pasaulis","8":"tag-antrastes","9":"tag-breaking-news","10":"tag-breakingnews","11":"tag-featured-news","12":"tag-featurednews","13":"tag-headlines","14":"tag-latest-news","15":"tag-latestnews","16":"tag-lietuva","17":"tag-lietuviu","18":"tag-lithuania","19":"tag-lithuanian","20":"tag-lt","21":"tag-naujienos","22":"tag-news","23":"tag-pasaulis","24":"tag-populiariausios-naujienos","25":"tag-populiariausiosnaujienos","26":"tag-top-stories","27":"tag-topstories","28":"tag-world","29":"tag-world-news","30":"tag-worldnews"},"share_on_mastodon":{"url":"https:\/\/pubeurope.com\/@lt\/115486922184574637","error":""},"_links":{"self":[{"href":"https:\/\/www.europesays.com\/lt\/wp-json\/wp\/v2\/posts\/31750","targetHints":{"allow":["GET"]}}],"collection":[{"href":"https:\/\/www.europesays.com\/lt\/wp-json\/wp\/v2\/posts"}],"about":[{"href":"https:\/\/www.europesays.com\/lt\/wp-json\/wp\/v2\/types\/post"}],"author":[{"embeddable":true,"href":"https:\/\/www.europesays.com\/lt\/wp-json\/wp\/v2\/users\/2"}],"replies":[{"embeddable":true,"href":"https:\/\/www.europesays.com\/lt\/wp-json\/wp\/v2\/comments?post=31750"}],"version-history":[{"count":0,"href":"https:\/\/www.europesays.com\/lt\/wp-json\/wp\/v2\/posts\/31750\/revisions"}],"wp:featuredmedia":[{"embeddable":true,"href":"https:\/\/www.europesays.com\/lt\/wp-json\/wp\/v2\/media\/31751"}],"wp:attachment":[{"href":"https:\/\/www.europesays.com\/lt\/wp-json\/wp\/v2\/media?parent=31750"}],"wp:term":[{"taxonomy":"category","embeddable":true,"href":"https:\/\/www.europesays.com\/lt\/wp-json\/wp\/v2\/categories?post=31750"},{"taxonomy":"post_tag","embeddable":true,"href":"https:\/\/www.europesays.com\/lt\/wp-json\/wp\/v2\/tags?post=31750"}],"curies":[{"name":"wp","href":"https:\/\/api.w.org\/{rel}","templated":true}]}}