{"id":31837,"date":"2025-11-03T19:37:11","date_gmt":"2025-11-03T19:37:11","guid":{"rendered":"https:\/\/www.europesays.com\/lt\/31837\/"},"modified":"2025-11-03T19:37:11","modified_gmt":"2025-11-03T19:37:11","slug":"eurolyga-nubaude-asvel-del-per-mazu-zaideju-atlyginimu","status":"publish","type":"post","link":"https:\/\/www.europesays.com\/lt\/31837\/","title":{"rendered":"Eurolyga nubaud\u0117 ASVEL d\u0117l per ma\u017e\u0173 \u017eaid\u0117j\u0173 atlyginim\u0173"},"content":{"rendered":"<p>Tikrindama komand\u0173 finansus prie\u0161 2025\u20132026 met\u0173 sezon\u0105, Eurolyga nustat\u0117, kad Pranc\u016bzijos klubas nesiek\u0117 minimalaus atlyginim\u0173 lygio, kuris siekia 5,846 mln. eur\u0173 (neto).<\/p>\n<p>Pagal Eurolygos taisykles, klubai iki sezono prad\u017eios privalo b\u016bti \u012fsipareigoj\u0119 i\u0161mok\u0117ti bent 80 procent\u0173 nuo nustatytos minimalios atlyginim\u0173 sumos. ASVEL \u0161io reikalavimo ne\u012fvykd\u0117.<\/p>\n<p>Turnyro organizatoriai nurod\u0117, kad tr\u016bkstama suma tur\u0117s b\u016bti paskirstyta visiems komandos \u017eaid\u0117jams, turintiems sutartis.<\/p>\n<p>Jeigu klubas nevykdys \u012fsipareigojim\u0173 laiku, tad suma taps kaip skola \u017eaid\u0117jams.<\/p>\n<p>Naujos Konkurencin\u0117s pusiausvyros standart\u0173 (CBS) taisykl\u0117s, pagal kurias buvo atliktas patikrinimas, \u012fsigaliojo b\u016btent \u0161\u012f sezon\u0105. <\/p>\n<p>Jos skirtos u\u017etikrinti didesn\u012f finansin\u012f balans\u0105 tarp komand\u0173 ir skatinti tvaresnius klub\u0173 biud\u017eetus.<\/p>\n","protected":false},"excerpt":{"rendered":"Tikrindama komand\u0173 finansus prie\u0161 2025\u20132026 met\u0173 sezon\u0105, Eurolyga nustat\u0117, kad Pranc\u016bzijos klubas nesiek\u0117 minimalaus atlyginim\u0173 lygio, kuris siekia&hellip;\n","protected":false},"author":2,"featured_media":31838,"comment_status":"","ping_status":"","sticky":false,"template":"","format":"standard","meta":{"footnotes":""},"categories":[19],"tags":[309,37,39,36,38,40,47,104,7491],"class_list":{"0":"post-31837","1":"post","2":"type-post","3":"status-publish","4":"format-standard","5":"has-post-thumbnail","7":"category-sportas","8":"tag-eurolyga","9":"tag-lietuva","10":"tag-lietuviu","11":"tag-lithuania","12":"tag-lithuanian","13":"tag-lt","14":"tag-sportas","15":"tag-sports","16":"tag-vilerbano-asvel"},"share_on_mastodon":{"url":"https:\/\/pubeurope.com\/@lt\/115487456871854093","error":""},"_links":{"self":[{"href":"https:\/\/www.europesays.com\/lt\/wp-json\/wp\/v2\/posts\/31837","targetHints":{"allow":["GET"]}}],"collection":[{"href":"https:\/\/www.europesays.com\/lt\/wp-json\/wp\/v2\/posts"}],"about":[{"href":"https:\/\/www.europesays.com\/lt\/wp-json\/wp\/v2\/types\/post"}],"author":[{"embeddable":true,"href":"https:\/\/www.europesays.com\/lt\/wp-json\/wp\/v2\/users\/2"}],"replies":[{"embeddable":true,"href":"https:\/\/www.europesays.com\/lt\/wp-json\/wp\/v2\/comments?post=31837"}],"version-history":[{"count":0,"href":"https:\/\/www.europesays.com\/lt\/wp-json\/wp\/v2\/posts\/31837\/revisions"}],"wp:featuredmedia":[{"embeddable":true,"href":"https:\/\/www.europesays.com\/lt\/wp-json\/wp\/v2\/media\/31838"}],"wp:attachment":[{"href":"https:\/\/www.europesays.com\/lt\/wp-json\/wp\/v2\/media?parent=31837"}],"wp:term":[{"taxonomy":"category","embeddable":true,"href":"https:\/\/www.europesays.com\/lt\/wp-json\/wp\/v2\/categories?post=31837"},{"taxonomy":"post_tag","embeddable":true,"href":"https:\/\/www.europesays.com\/lt\/wp-json\/wp\/v2\/tags?post=31837"}],"curies":[{"name":"wp","href":"https:\/\/api.w.org\/{rel}","templated":true}]}}