{"id":31842,"date":"2025-11-03T19:41:17","date_gmt":"2025-11-03T19:41:17","guid":{"rendered":"https:\/\/www.europesays.com\/lt\/31842\/"},"modified":"2025-11-03T19:41:17","modified_gmt":"2025-11-03T19:41:17","slug":"isduotas-statybos-leidimas-naujai-viesajai-erdvei-zirmunuose","status":"publish","type":"post","link":"https:\/\/www.europesays.com\/lt\/31842\/","title":{"rendered":"I\u0161duotas statybos leidimas naujai vie\u0161ajai erdvei \u017dirm\u016bnuose"},"content":{"rendered":"<p>Vilniuje pradedamas \u012fgyvendinti i\u0161skirtinis vie\u0161osios erdv\u0117s projektas \u2013 bus tvarkoma \u017ealioji \u0161laito zona tarp S. \u017dukausko, \u017dirm\u016bn\u0173 ir Minties gatvi\u0173. \u0160ios teritorijos sutvarkymo projektui, kur\u012f pareng\u0117 UAB Vilniaus vystymo kompanija, <a style=\"font-weight:bold;\" href=\"https:\/\/madeinvilnius.lt\/tema\/vilniaus-miesto-savivaldybe\/\" target=\"_blank\" rel=\"nofollow noopener\">Vilniaus miesto savivaldyb\u0117<\/a> i\u0161dav\u0117 statybos leidim\u0105 \u2013 darbai \u010dia prasid\u0117s kit\u0105met.<\/p>\n<p>\u0160laitai taps patogesni jud\u0117ti<\/p>\n<p>\u201eTai viena i\u0161 paskutini\u0173 likusi\u0173 \u017eali\u0173j\u0173 erdvi\u0173 tarp tankiai apgyvendint\u0173 \u017dirm\u016bn\u0173 kvartal\u0173. Nors \u0161laitas ir pu\u0161ynas naudojami kasdieniams gyventoj\u0173 mar\u0161rutams ar neformaliam poilsiui, \u0161i teritorija n\u0117ra saugi ar pritaikyta \u017emoni\u0173 poreikiams. Projektas parodo, kaip jautriai, tvariai ir esteti\u0161kai galima transformuoti apleist\u0105 ir sunkiai panaudojam\u0105 miesto viet\u0105 \u012f pilnavert\u0119 vie\u0161\u0105j\u0105 erdv\u0119\u201c, \u2013 teigia Vilniaus meras <a style=\"font-weight:bold;\" href=\"https:\/\/madeinvilnius.lt\/tema\/valdas-benkunskas\/\" target=\"_blank\" rel=\"nofollow noopener\">Valdas Benkunskas<\/a>.<\/p>\n<p>Teritorija kasdien intensyviai naudojama gyventoj\u0173, bet nesutvarkyta: stat\u016bs \u0161laitai, pavojingi praminti takai, pasenusi ar netinkama infrastrukt\u016bra. \u012egyvendinus projekt\u0105, bus u\u017etikrintas saugesnis ir patogesnis jud\u0117jimas tarp S. \u017dukausko, \u017dirm\u016bn\u0173 ir Minties gatvi\u0173. P\u0117stieji, \u017emon\u0117s su negalia, t\u0117vai su ve\u017eim\u0117liais pagaliau gal\u0117s patogiai kirsti \u0161lait\u0105. Atsiras kokybi\u0161ka vaik\u0173 \u017eaidim\u0173 aik\u0161tel\u0117, sporto zona, vieta bendruomen\u0117s susib\u016brimams ir ramaus poilsio erdv\u0117s pu\u0161yne, taip pat ap\u017evalgos aik\u0161tel\u0117.<\/p>\n<p>\u201eDid\u017eiausias projekto i\u0161\u0161\u016bkis buvo sutvarkyti sud\u0117ting\u0105 \u0161laito reljef\u0105 taip, kad jis i\u0161likt\u0173 nat\u016bralus, bet tapt\u0173 visiems prieinamas. Sukurta tak\u0173 sistema \u2013 tai bene svarbiausias infrastrukt\u016brinis laim\u0117jimas. Visi sprendiniai paremti vietos naudojimo \u012fpro\u010diais ir siekiu i\u0161saugoti labai gra\u017eius ir brand\u017eius esamus \u017eeldinius, pu\u0161yn\u0105, \u0161imtamet\u0119 liep\u0105\u201c, \u2013 teigia Vilniaus vystymo kompanijos vadov\u0117 Laura Joff\u0117.<\/p>\n<p>Atnaujinus vie\u0161\u0105j\u0105 erdv\u0119, ilgai naudotus pramintus takus pakeis ai\u0161ki\u0173 tras\u0173 sistema. Vienose vietose takai taps mediniais laiptais ant poli\u0173, saugan\u010diais med\u017ei\u0173 \u0161aknis, kitur \u2013 \u0161velnaus nuolyd\u017eio serpentinais, pritaikytais ir \u017emon\u0117ms su ve\u017eim\u0117liais ar jud\u0117jimo negalia. Visa tak\u0173 infrastrukt\u016bra sukurta taip, kad b\u016bt\u0173 maksimaliai prieinama ir neardyt\u0173 reljefo.<\/p>\n<p>Patyrim\u0173 mar\u0161rutas: panorama, amfiteatras, aik\u0161tel\u0117s<\/p>\n<p>Vienas ry\u0161kiausi\u0173 naujosios erdv\u0117s akcent\u0173 \u2013 \u0161laito vir\u0161utin\u0117je terasoje \u012frengiamas medinis p\u0117s\u010di\u0173j\u0173 takas su ap\u017evalgos aik\u0161tele. Jis ne tik sujungs skirtingas teritorijos dalis, bet ir taps savoti\u0161ku patyrim\u0173 mar\u0161rutu \u2013 vingiuojantis tarp med\u017ei\u0173, prisitaikantis prie esam\u0173 kamien\u0173, vakare subtiliai ap\u0161vie\u010diamas. I\u0161 jo atsiveria vaizdas \u012f Antakalnio panoram\u0105.<\/p>\n<p>\u017demiau, greta Vilniaus Joachimo Lelevelio in\u017einerijos gimnazijos stadiono, formuojama aktyvaus sporto zona \u2013 \u010dia atsiras lauko treniruokliai, park\u016bro aik\u0161tel\u0117, tinklinio aik\u0161tel\u0117s. \u0160laito viduryje suplanuota bendruomen\u0117s pieva su amfiteatru \u2013 nedidel\u0117 terasa su mediniais suolais skirta poilsiui, ma\u017eiems renginiams ar neformaliems susib\u016brimams. Greta atsiras gultai, veja piknikams ar tiesiog ramiam poilsiui.<\/p>\n<p>Vaik\u0173 \u017eaidim\u0173 aik\u0161tel\u0117 numatyta toje pa\u010dioje vietoje, kur vaikai \u017eaid\u017eia dabar \u2013 tik kur kas kokybi\u0161kesn\u0117 ir labiau integruota \u012f aplink\u0105. Ji padalinta \u012f dvi skirtingas zonas: vienoje bus spalvota gumin\u0117 danga ir dinami\u0161ki, saug\u016bs \u012frenginiai, kitoje \u2013 sm\u0117lio aik\u0161tel\u0117 su medin\u0117mis platformomis, hamaku ir pav\u0117sine. Aplink \u017eaidim\u0173 zon\u0105 suplanuotas ilgas ap\u017eeldintas suolas, kuris ne tik formuoja ai\u0161k\u0173 erdv\u0117s perimetr\u0105, bet ir suteikia t\u0117vams patogi\u0105 viet\u0105 b\u016bti \u0161alia vaik\u0173 pav\u0117syje.<\/p>\n<p><a style=\"font-weight:bold;\" href=\"https:\/\/madeinvilnius.lt\/tema\/vilniaus-miesto-savivaldybe\/\" target=\"_blank\" rel=\"nofollow noopener\">Vilniaus miesto savivaldyb\u0117s<\/a> u\u017esakymu teritorijos projekt\u0105 k\u016br\u0117 Vilniaus vystymo kompanija. Projekt\u0105 reng\u0117 vadov\u0117 Viktorija Bogdanovien\u0117, Just\u0117 Sakalauskait\u0117, architektai Paulius Jonys ir R\u016bta Astasevi\u010di\u016bt\u0117, kra\u0161tovaizd\u017eio architekt\u0117 Dovil\u0117 Milevska, in\u017einieriai Vaidas Kisielius, Tadas Kundrotas ir Aivaras Burokas, o konstrukcinius sprendimus reng\u0117 Nikolaj Mo\u0161kov ir K\u0119stutis Sakalauskas.\u00a0<\/p>\n<p>Rangos darbus planuojama prad\u0117ti 2026 m., o baigti \u2013 2027 m. vasar\u0105.<\/p>\n<p><a href=\"https:\/\/www.europesays.com\/lt\/wp-content\/uploads\/2025\/11\/zukausko-g-viesoji-erdve-vilniaus-vystymo-kompanijos-vizualizacija-1.jpg\"><img loading=\"lazy\" decoding=\"async\" width=\"1000\" height=\"667\" data-id=\"318894\" src=\"https:\/\/www.europesays.com\/lt\/wp-content\/uploads\/2025\/11\/zukausko-g-viesoji-erdve-vilniaus-vystymo-kompanijos-vizualizacija-1.jpg\" alt=\"\" class=\"wp-image-318894\"\/><\/a><a href=\"https:\/\/www.europesays.com\/lt\/wp-content\/uploads\/2025\/11\/zukausko-g-viesoji-erdve-vilniaus-vystymo-kompanijos-vizualizacija-2.jpg\"><img loading=\"lazy\" decoding=\"async\" width=\"1000\" height=\"667\" data-id=\"318897\" src=\"https:\/\/www.europesays.com\/lt\/wp-content\/uploads\/2025\/11\/zukausko-g-viesoji-erdve-vilniaus-vystymo-kompanijos-vizualizacija-2.jpg\" alt=\"\" class=\"wp-image-318897\"\/><\/a><a href=\"https:\/\/www.europesays.com\/lt\/wp-content\/uploads\/2025\/11\/zukausko-g-viesoji-erdve-vilniaus-vystymo-kompanijos-vizualizacija-3.jpg\"><img loading=\"lazy\" decoding=\"async\" width=\"1000\" height=\"667\" data-id=\"318898\" src=\"https:\/\/www.europesays.com\/lt\/wp-content\/uploads\/2025\/11\/zukausko-g-viesoji-erdve-vilniaus-vystymo-kompanijos-vizualizacija-3.jpg\" alt=\"\" class=\"wp-image-318898\"\/><\/a><a href=\"https:\/\/www.europesays.com\/lt\/wp-content\/uploads\/2025\/11\/zukausko-g-viesoji-erdve-vilniaus-vystymo-kompanijos-vizualizacija-4.jpg\"><img loading=\"lazy\" decoding=\"async\" width=\"1000\" height=\"667\" data-id=\"318895\" src=\"https:\/\/www.europesays.com\/lt\/wp-content\/uploads\/2025\/11\/zukausko-g-viesoji-erdve-vilniaus-vystymo-kompanijos-vizualizacija-4.jpg\" alt=\"\" class=\"wp-image-318895\"\/><\/a><a href=\"https:\/\/www.europesays.com\/lt\/wp-content\/uploads\/2025\/11\/zukausko-g-viesoji-erdve-vilniaus-vystymo-kompanijos-vizualizacija-5.jpg\"><img loading=\"lazy\" decoding=\"async\" width=\"1000\" height=\"667\" data-id=\"318896\" src=\"https:\/\/www.europesays.com\/lt\/wp-content\/uploads\/2025\/11\/zukausko-g-viesoji-erdve-vilniaus-vystymo-kompanijos-vizualizacija-5.jpg\" alt=\"\" class=\"wp-image-318896\"\/><\/a><\/p>\n","protected":false},"excerpt":{"rendered":"Vilniuje pradedamas \u012fgyvendinti i\u0161skirtinis vie\u0161osios erdv\u0117s projektas \u2013 bus tvarkoma \u017ealioji \u0161laito zona tarp S. \u017dukausko, \u017dirm\u016bn\u0173 ir&hellip;\n","protected":false},"author":2,"featured_media":31843,"comment_status":"","ping_status":"","sticky":false,"template":"","format":"standard","meta":{"footnotes":""},"categories":[6],"tags":[25,30,31,34,35,24,32,33,37,39,36,38,40,65,23,22,28,29,26,27,9113,9114],"class_list":{"0":"post-31842","1":"post","2":"type-post","3":"status-publish","4":"format-standard","5":"has-post-thumbnail","7":"category-antrastes","8":"tag-antrastes","9":"tag-breaking-news","10":"tag-breakingnews","11":"tag-featured-news","12":"tag-featurednews","13":"tag-headlines","14":"tag-latest-news","15":"tag-latestnews","16":"tag-lietuva","17":"tag-lietuviu","18":"tag-lithuania","19":"tag-lithuanian","20":"tag-lt","21":"tag-naujiena","22":"tag-naujienos","23":"tag-news","24":"tag-populiariausios-naujienos","25":"tag-populiariausiosnaujienos","26":"tag-top-stories","27":"tag-topstories","28":"tag-viesa-erdve","29":"tag-zirmunai"},"share_on_mastodon":{"url":"https:\/\/pubeurope.com\/@lt\/115487472749231143","error":""},"_links":{"self":[{"href":"https:\/\/www.europesays.com\/lt\/wp-json\/wp\/v2\/posts\/31842","targetHints":{"allow":["GET"]}}],"collection":[{"href":"https:\/\/www.europesays.com\/lt\/wp-json\/wp\/v2\/posts"}],"about":[{"href":"https:\/\/www.europesays.com\/lt\/wp-json\/wp\/v2\/types\/post"}],"author":[{"embeddable":true,"href":"https:\/\/www.europesays.com\/lt\/wp-json\/wp\/v2\/users\/2"}],"replies":[{"embeddable":true,"href":"https:\/\/www.europesays.com\/lt\/wp-json\/wp\/v2\/comments?post=31842"}],"version-history":[{"count":0,"href":"https:\/\/www.europesays.com\/lt\/wp-json\/wp\/v2\/posts\/31842\/revisions"}],"wp:featuredmedia":[{"embeddable":true,"href":"https:\/\/www.europesays.com\/lt\/wp-json\/wp\/v2\/media\/31843"}],"wp:attachment":[{"href":"https:\/\/www.europesays.com\/lt\/wp-json\/wp\/v2\/media?parent=31842"}],"wp:term":[{"taxonomy":"category","embeddable":true,"href":"https:\/\/www.europesays.com\/lt\/wp-json\/wp\/v2\/categories?post=31842"},{"taxonomy":"post_tag","embeddable":true,"href":"https:\/\/www.europesays.com\/lt\/wp-json\/wp\/v2\/tags?post=31842"}],"curies":[{"name":"wp","href":"https:\/\/api.w.org\/{rel}","templated":true}]}}