{"id":31850,"date":"2025-11-03T19:46:16","date_gmt":"2025-11-03T19:46:16","guid":{"rendered":"https:\/\/www.europesays.com\/lt\/31850\/"},"modified":"2025-11-03T19:46:16","modified_gmt":"2025-11-03T19:46:16","slug":"kaune-duris-atvere-naujos-kartos-klinika-pas-gydytoja-galima-patekti-be-eiles-kas-vyksta-kaune","status":"publish","type":"post","link":"https:\/\/www.europesays.com\/lt\/31850\/","title":{"rendered":"Kaune duris atv\u0117r\u0117 naujos kartos klinika \u2013 pas gydytoj\u0105 galima patekti be eil\u0117s \u2013 Kas vyksta Kaune"},"content":{"rendered":"<p>Tre\u010diadienio vakar\u0105 Kaune, prekybos ir verslo centre \u201eUrban HUB\u201c (Lyderyst\u0117s g. 6, Biruli\u0161k\u0117s), atidaryta \u201eTeleklinika\u201c. Tai naujos kartos, be i\u0161ankstin\u0117s registracijos (angl. walk-in) veikianti klinika, kurioje visos b\u016btinos paslaugos suteikiamos per vien\u0105 vizit\u0105 \u2013 nuo tyrim\u0173 ir gydytojo konsultacijos iki ai\u0161kaus gydymo plano, be laukimo eil\u0117se.<\/p>\n<p>Id\u0117ja gim\u0117 i\u0161 medik\u0173 praktikos<\/p>\n<p>\u201eTeleklinikos\u201c atidarymo renginyje susirinko medicinos srities atstovai, partneriai ir sveikatingumo inovacijomis besidominti bendruomen\u0117. Klinikos \u012fk\u016br\u0117ja Valdon\u0117 Valien\u0117 sveikinimo kalboje pabr\u0117\u017e\u0117, kad greitos (angl. express) pagalbos klinikos \u201eTeleklinika\u201c id\u0117ja kilo i\u0161 reali\u0173 medik\u0173 darbo patir\u010di\u0173.<\/p>\n<p>\u201eM\u016bs\u0173 \u0161eimos nariai, skirting\u0173 sri\u010di\u0173 medikai, yra sukaup\u0119 ilgamet\u0119 darbo patirt\u012f \u012fvairiose sveikatos prie\u017ei\u016bros \u012fstaigose. I\u0161 patirties \u017einome, kad pacientams vis sud\u0117tingiau patekti pas gydytoj\u0105 ir gauti kokybi\u0161k\u0105 konsultacij\u0105: gydytojai skuba, turi per daug pacient\u0173, tod\u0117l \u017emogus neretai lieka nei\u0161girstas. M\u016bs\u0173 tikslas \u2013 daugiau d\u0117mesio skirti \u017emogui, jo problemoms ir ie\u0161koti inovatyvi\u0173, pagr\u012fst\u0173 sprendim\u0173\u201c, \u2013 teigia V. Valien\u0117.<\/p>\n<p><img loading=\"lazy\" decoding=\"async\" src=\"https:\/\/www.europesays.com\/lt\/wp-content\/uploads\/2025\/11\/ValdoneValiene-768x576.jpg\" alt=\"\u201eTeleklinikos\u201c atidarymas Kaune \/ org. nuotr.\" width=\"768\" height=\"576\" class=\"size-medium_large wp-image-870061 lazy\"  data-\/>Valdon\u0117 Valien\u0117 \/ org. nuotr.<\/p>\n<p>Paslaugos vienoje vietoje<\/p>\n<p>Klinikoje teikiamas platus medicinini\u0173 paslaug\u0173 spektras. Pacientus priima budintis \u0161eimos gydytojas, vietoje atliekami greitieji laboratoriniai tyrimai (\u016bmini\u0173 lig\u0173 atvejais ir profilakti\u0161kai), ilgaam\u017ei\u0161kumo (angl. longevity), genetiniai bei kiti specializuoti tyrimai, teikiamos atvejo vadybininko paslaugos, skiriamos infuzijos (la\u0161in\u0117s), taip pat galima pasiskiepyti be eil\u0117s.<\/p>\n<p>Vis\u0105 savait\u0119 \u2013 net savaitgaliais <\/p>\n<p>Pasak \u012fmon\u0117s direktoriaus dr. Kristijono Valiaus, \u201eTeleklinika\u201c kuria nauj\u0105 pacient\u0173 aptarnavimo model\u012f, kuriame sprendimai priimami greitai, o gydytojo pagalba yra lengvai pasiekiama bet kuri\u0105 savait\u0117s dien\u0105. <\/p>\n<p>\u201eDa\u017eniausiai susergame pa\u010di\u0105 netinkamiausi\u0105 akimirk\u0105: prie\u0161 svarb\u0173 projekt\u0105 pakyla temperat\u016bra arba suserga vaikas, nors rytoj laukia komandiruot\u0117. Tokiais atvejais svarbu, kad pagalb\u0105 b\u016bt\u0173 galima gauti i\u0161 karto. D\u0117l \u0161ios prie\u017easties m\u016bs\u0173 klinikoje visada laukia budintis \u0161eimos gydytojas, atliekami greitieji kraujo tyrimai, kuri\u0173 atsakymai pateikiami per 3\u201330 minu\u010di\u0173. Klinika dirba kasdien, 7 dienas per savait\u0119,\u201c \u2013 pasakojo dr. K. Valius.<\/p>\n<p><img loading=\"lazy\" decoding=\"async\" src=\"https:\/\/www.europesays.com\/lt\/wp-content\/uploads\/2025\/11\/KristijonasValius-768x576.jpg\" alt=\"\" width=\"768\" height=\"576\" class=\"size-medium_large wp-image-870038 lazy\"  data-\/>Kristijonas Valius \/ org. nuotr.<\/p>\n<p>\u201eTeleklinika\u201c veiklos pagrindas \u2013 holistinis po\u017ei\u016bris \u012f sveikat\u0105. \u012e \u017emog\u0173 \u017ei\u016brima visapusi\u0161kai, siekiant nustatyti ne tik simptomus, bet ir rasti j\u0173 prie\u017eastis. Siekdama u\u017etikrinti greit\u0105 ir patikim\u0105 gydym\u0105, klinika glaud\u017eiai bendradarbiauja su kitomis sveikatos prie\u017ei\u016bros \u012fstaigomis ir sudaro \u201e\u017eali\u0105j\u012f koridori\u0173\u201c \u201eTeleklinikos\u201c pacientams \u2013 tai rei\u0161kia trumpesnes eiles, tiesioginius siuntimus ir greitesnius atsakymus. Norintiems i\u0161samesnio i\u0161tyrimo, atliekami pa\u017eang\u016bs genetiniai ir kiti specializuoti tyrimai.<\/p>\n<p>Durys jau atviros pacientams<\/p>\n<p>\u201eTeleklinikos\u201c atidarymo vakaro metu sve\u010diai buvo pasitikti sveikuoli\u0161kais u\u017ekand\u017eiais, \u017ealiaisiais kokteiliais, gal\u0117jo i\u0161bandyti inovatyvius partneri\u0173 produktus bei paslaugas.  <\/p>\n<p>Vakaro metu \u0161vent\u0117s dalyviai buvo supa\u017eindinti su inovatyviais tyrimais \u016bminiam u\u017edegimui nustatyti bei genetiniais tyrimais, apie kuriuos kalb\u0117jo gydytojas prof. Leonas Valius, o gydytoja Silvija Valdon\u0117 Al\u0161ausk\u0117 pristat\u0117 prane\u0161im\u0105 apie ilgaam\u017ei\u0161kum\u0105 m\u016bs\u0173 kasdienyb\u0117je, neinvestuojant \u012f i\u0161reklamuotus gaminius bei tyrimus. Vakar\u0105 u\u017ebaig\u0117 simbolin\u0117 loterija su klinikos dovanomis.<\/p>\n<p>Klinikos durys jau atviros visiems pacientams. Daugiau informacijos apie paslaugas ir kontaktus rasite internetin\u0117je svetain\u0117je <a href=\"https:\/\/teleklinika.lt\/\" rel=\"nofollow noopener\" target=\"_blank\">https:\/\/teleklinika.lt\/ <\/a>.<\/p>\n","protected":false},"excerpt":{"rendered":"Tre\u010diadienio vakar\u0105 Kaune, prekybos ir verslo centre \u201eUrban HUB\u201c (Lyderyst\u0117s g. 6, Biruli\u0161k\u0117s), atidaryta \u201eTeleklinika\u201c. Tai naujos kartos,&hellip;\n","protected":false},"author":2,"featured_media":31851,"comment_status":"","ping_status":"","sticky":false,"template":"","format":"standard","meta":{"footnotes":""},"categories":[13],"tags":[25,30,31,34,35,24,32,33,37,39,36,38,40,23,22,28,29,26,27],"class_list":{"0":"post-31850","1":"post","2":"type-post","3":"status-publish","4":"format-standard","5":"has-post-thumbnail","7":"category-lietuva","8":"tag-antrastes","9":"tag-breaking-news","10":"tag-breakingnews","11":"tag-featured-news","12":"tag-featurednews","13":"tag-headlines","14":"tag-latest-news","15":"tag-latestnews","16":"tag-lietuva","17":"tag-lietuviu","18":"tag-lithuania","19":"tag-lithuanian","20":"tag-lt","21":"tag-naujienos","22":"tag-news","23":"tag-populiariausios-naujienos","24":"tag-populiariausiosnaujienos","25":"tag-top-stories","26":"tag-topstories"},"share_on_mastodon":{"url":"https:\/\/pubeurope.com\/@lt\/115487492819567190","error":""},"_links":{"self":[{"href":"https:\/\/www.europesays.com\/lt\/wp-json\/wp\/v2\/posts\/31850","targetHints":{"allow":["GET"]}}],"collection":[{"href":"https:\/\/www.europesays.com\/lt\/wp-json\/wp\/v2\/posts"}],"about":[{"href":"https:\/\/www.europesays.com\/lt\/wp-json\/wp\/v2\/types\/post"}],"author":[{"embeddable":true,"href":"https:\/\/www.europesays.com\/lt\/wp-json\/wp\/v2\/users\/2"}],"replies":[{"embeddable":true,"href":"https:\/\/www.europesays.com\/lt\/wp-json\/wp\/v2\/comments?post=31850"}],"version-history":[{"count":0,"href":"https:\/\/www.europesays.com\/lt\/wp-json\/wp\/v2\/posts\/31850\/revisions"}],"wp:featuredmedia":[{"embeddable":true,"href":"https:\/\/www.europesays.com\/lt\/wp-json\/wp\/v2\/media\/31851"}],"wp:attachment":[{"href":"https:\/\/www.europesays.com\/lt\/wp-json\/wp\/v2\/media?parent=31850"}],"wp:term":[{"taxonomy":"category","embeddable":true,"href":"https:\/\/www.europesays.com\/lt\/wp-json\/wp\/v2\/categories?post=31850"},{"taxonomy":"post_tag","embeddable":true,"href":"https:\/\/www.europesays.com\/lt\/wp-json\/wp\/v2\/tags?post=31850"}],"curies":[{"name":"wp","href":"https:\/\/api.w.org\/{rel}","templated":true}]}}