{"id":31854,"date":"2025-11-03T19:49:12","date_gmt":"2025-11-03T19:49:12","guid":{"rendered":"https:\/\/www.europesays.com\/lt\/31854\/"},"modified":"2025-11-03T19:49:12","modified_gmt":"2025-11-03T19:49:12","slug":"mindaugas-kasperunas-jeigu-strateginiai-pokyciai-neivyksta-o-as-neturiu-dalininku-palaikymo-uzsip-kit-tada","status":"publish","type":"post","link":"https:\/\/www.europesays.com\/lt\/31854\/","title":{"rendered":"Mindaugas Kasper\u016bnas: \u201eJeigu strateginiai poky\u010diai ne\u012fvyksta, o a\u0161 neturiu dalinink\u0173 palaikymo, u\u017esip..kit tada\u201c"},"content":{"rendered":"<p>Laidoje \u201eLaikykit\u0117s ten\u201c pas Andri\u0173 Tapin\u0105 apsilank\u0119s Vilniaus \u201e\u017dalgirio\u201c direktorius Mindaugas Kasper\u016bnas ne tik dalinosi prisiminimais i\u0161 t\u0173 laik\u0173, kai pats aktyviai dalyvavo \u201ePiet\u0173 IV\u201c gyvenime, bet ir pasidalino mintimis apie kriz\u0119, kuri \u0161iemet i\u0161tiko legendin\u012f klub\u0105.<\/p>\n<p>\u201eFutbole \u2013 viskas paprasta. Kai laimi \u2013 caras, kai pralaimi \u2013 lochas. Kol buvo pergal\u0117s, net jei ka\u017ekas ka\u017ek\u0105 bamb\u0117jo, buvo pergal\u0117s. Pergali\u0173 neb\u0117ra, visas tas \u0161\u016bdas, kur\u012f prie\u0161 tai pridarei, lenda \u012f vir\u0161\u0173 ir sako: ten blogai, ten blogai ir ten blogai. Futbole taip yra \u2013 laim\u0117k \u010dempionatus ir gali daryti, k\u0105 nori. Net jei ka\u017ekas pabamb\u0117s, kam ten \u012fdomu.<\/p>\n<p>Man niekada nepatiko ka\u017ekokio vieno \u017emogaus sudievinimas. Ar tai b\u016bt\u0173 Vilma, ar tai b\u016bt\u0173 kiti \u017emon\u0117s. Nesvarbu. Negali sudievinti \u017emogaus, nes jis pradeda kr\u0117sti nes\u0105mones.<\/p>\n<p>Man \u017eiauriai nepatinka Janu\u0161o \u201e\u017dalgiris\u201c, Kastujevo \u201e\u017dalgiris\u201c, Vilmos \u201e\u017dalgiris\u201c. Jis niekada nebuvo Vilmos, bet taip buvo pozicijuonuojama. Tai did\u017eiul\u0117 problema, nes taip neturi b\u016bti. Pavyzd\u017eiui, Kauno \u201e\u017dalgiris\u201c n\u0117ra su jokia pavarde siejamas\u201c, &#8211; kalb\u0117jo M. Kasper\u016bnas.<\/p>\n<p>Naujasis direktorius neslepia, kad apie galimus sirgali\u0173 \u0117jimus buvo \u012fsp\u0117j\u0119s tiek Vilm\u0105 Venslovaitien\u0119, tiek klubo dalininkus.<\/p>\n<p>\u201eMano po\u017ei\u016bris buvo toks, kad vadovybei reikia su fanais kalb\u0117ti, reikia problem\u0105 spr\u0119sti. A\u0161 \u017einau, kaip konfliktai su fanais baigiasi. A\u0161 persp\u0117jau ir klub\u0173 vadovus, ir dalinink\u0173 dal\u012f, nes, kitu atveju, bus blogai. Fanai nor\u0117jo trenerio atsistatydinimo, klubo vadov\u0117 pasirinko trener\u012f vietoj fan\u0173. A\u0161 sakiau, kad gali b\u016bti, jog fanai ateis prie komandos suoliuko ir pasakys: treneri, malon\u0117kit i\u0161eiti. Dabar. Ir k\u0105 j\u016bs tada darysit? Kviesite apsaug\u0105? Ji gali ir nepad\u0117ti. Problemos nesprendimas su fanais man simbolizavo, kad \u017emon\u0117s nesupranta, jog taip atsitiks. Fanai turi kantryb\u0117s ribas ir tai n\u0117ra bobut\u0117s, besiklausian\u010dios operos\u201c, &#8211; sak\u0117 M. Kasper\u016bnas.<\/p>\n<p>Direktorius net kelis kartus pakartojo, kad klubas privalo tapti bendruomeniniu. Jei dalininkams tokia id\u0117ja netiks, paties Mindaugo klubo valdyme i\u0161kart neliks.<\/p>\n<p>\u201eNor\u0117\u010diau, kad tarp dalinink\u0173 b\u016bt\u0173 gerokai daugiau \u0161viesi\u0173 galv\u0173, kuriems labiau r\u016bpi klubo interesai. Tokie dalininkai priimin\u0117t\u0173 sprendimus, kurie orientuoti klubo naudai, o ne saviems interesams. Tarp dalinink\u0173 nor\u0117\u010diau matyti fan\u0173 atstovus, asociacija, verslo klubo atstovus.. kuo daugiau realios bendruomen\u0117s.<\/p>\n<p>Yra strateginis planas, yra strateginiai poky\u010diai. Visk\u0105 buvo galima buvo padaryti grei\u010diau, bet kadangi dabar viskas tamposi, bus lapkri\u010dio 17 dien\u0105 dalinink\u0173 susirinkimas ir tada arba tie strateginiai poky\u010diai \u012fvyksta, arba jeigu jie ne\u012fvyksta, a\u0161 neturiu dalinink\u0173 palaikymo ir u\u017esip..kit tada, statykite savo direktori\u0173 ir toliau s\u0117d\u0117kite, makliavokite, o tai, k\u0105 mes dabar padar\u0117me ir bandome padaryti, nieko to nebus\u201c, &#8211; emocingai kalb\u0117jo M. Kasper\u016bnas.<\/p>\n<p>\u00a0<\/p>\n","protected":false},"excerpt":{"rendered":"Laidoje \u201eLaikykit\u0117s ten\u201c pas Andri\u0173 Tapin\u0105 apsilank\u0119s Vilniaus \u201e\u017dalgirio\u201c direktorius Mindaugas Kasper\u016bnas ne tik dalinosi prisiminimais i\u0161 t\u0173&hellip;\n","protected":false},"author":2,"featured_media":31855,"comment_status":"","ping_status":"","sticky":false,"template":"","format":"standard","meta":{"footnotes":""},"categories":[19],"tags":[57,43,55,48,54,51,49,50,37,39,36,38,40,45,23,44,53,42,56,47,112,104,46,58,52],"class_list":{"0":"post-31854","1":"post","2":"type-post","3":"status-publish","4":"format-standard","5":"has-post-thumbnail","7":"category-sportas","8":"tag-daiktai","9":"tag-dienos-kronika","10":"tag-gatves-tekstai","11":"tag-gyvenimas","12":"tag-interneto-pievos","13":"tag-keliones","14":"tag-kultura","15":"tag-laisvalaikis","16":"tag-lietuva","17":"tag-lietuviu","18":"tag-lithuania","19":"tag-lithuanian","20":"tag-lt","21":"tag-mokslas-ir-it","22":"tag-naujienos","23":"tag-pasaulis","24":"tag-projektai","25":"tag-rinktiniai-tekstai","26":"tag-simtmecio-portalas","27":"tag-sportas","28":"tag-sportas-lt","29":"tag-sports","30":"tag-verslas","31":"tag-video","32":"tag-zaidimai"},"share_on_mastodon":{"url":"https:\/\/pubeurope.com\/@lt\/115487503967084713","error":""},"_links":{"self":[{"href":"https:\/\/www.europesays.com\/lt\/wp-json\/wp\/v2\/posts\/31854","targetHints":{"allow":["GET"]}}],"collection":[{"href":"https:\/\/www.europesays.com\/lt\/wp-json\/wp\/v2\/posts"}],"about":[{"href":"https:\/\/www.europesays.com\/lt\/wp-json\/wp\/v2\/types\/post"}],"author":[{"embeddable":true,"href":"https:\/\/www.europesays.com\/lt\/wp-json\/wp\/v2\/users\/2"}],"replies":[{"embeddable":true,"href":"https:\/\/www.europesays.com\/lt\/wp-json\/wp\/v2\/comments?post=31854"}],"version-history":[{"count":0,"href":"https:\/\/www.europesays.com\/lt\/wp-json\/wp\/v2\/posts\/31854\/revisions"}],"wp:featuredmedia":[{"embeddable":true,"href":"https:\/\/www.europesays.com\/lt\/wp-json\/wp\/v2\/media\/31855"}],"wp:attachment":[{"href":"https:\/\/www.europesays.com\/lt\/wp-json\/wp\/v2\/media?parent=31854"}],"wp:term":[{"taxonomy":"category","embeddable":true,"href":"https:\/\/www.europesays.com\/lt\/wp-json\/wp\/v2\/categories?post=31854"},{"taxonomy":"post_tag","embeddable":true,"href":"https:\/\/www.europesays.com\/lt\/wp-json\/wp\/v2\/tags?post=31854"}],"curies":[{"name":"wp","href":"https:\/\/api.w.org\/{rel}","templated":true}]}}