{"id":31868,"date":"2025-11-03T20:10:16","date_gmt":"2025-11-03T20:10:16","guid":{"rendered":"https:\/\/www.europesays.com\/lt\/31868\/"},"modified":"2025-11-03T20:10:16","modified_gmt":"2025-11-03T20:10:16","slug":"alytaus-policija-praso-pagalbos-vidury-dienos-dingo-paaugle-isejo-su-draugais-ir-negrizo","status":"publish","type":"post","link":"https:\/\/www.europesays.com\/lt\/31868\/","title":{"rendered":"Alytaus policija pra\u0161o pagalbos \u2013 vidury dienos dingo paaugl\u0117: i\u0161\u0117jo su draugais ir negr\u012f\u017eo"},"content":{"rendered":"\n<p>K. Jurk\u0161aityt\u0117\u00a0yra apie 165\u00a0cm \u016bgio, vidutinio k\u016bno sud\u0117jimo,\u00a0rud\u0173 aki\u0173,\u00a0tamsi\u0173\u00a0pe\u010dius siekian\u010di\u0173 plauk\u0173.\u00a0<\/p>\n<p>     <a href=\"https:\/\/www.tv3.lt\/Uploads\/UGallery\/photos\/41\/37\/c5\/57\/4137c557b81b240221180b1eec2ef858.jpg\" data-fancybox=\"photos-embed\" data-caption=\"Alytaus policija ie\u0161ko dingusios merginos (nuotr. Policijos)\" target=\"_self\" rel=\"nofollow noopener\"> <img decoding=\"async\" class=\"photo-inside-article\" align=\"center\" alt=\"Alytaus policija ie\u0161ko dingusios merginos (nuotr. Policijos)\" title=\"Alytaus policija ie\u0161ko dingusios merginos (nuotr. Policijos)\" src=\"https:\/\/www.europesays.com\/lt\/wp-content\/uploads\/2025\/11\/4137c557b81b240221180b1eec2ef858.jpg\" width=\"684\" height=\"654\" loading=\"lazy\" \/> <\/a>       <\/p>\n<p>I\u0161eidama\u00a0ji\u00a0vilk\u0117jo\u00a0raudonos\u00a0spalvos\u00a0striuk\u0119, juodos spalvos sportines kelnes, av\u0117jo baltos spalvos sportinius batus.<\/p>\n<p>Asmenis, \u017einan\u010dius apie\u00a0merginos\u00a0buvimo viet\u0105 ar j\u0105\u00a0pasteb\u0117jusius, pra\u0161ome\u00a0skubiai\u00a0informuoti Alytaus apskr.\u00a0VPK\u00a0Veiklos skyriaus\u00a0vyriausi\u0105j\u012f\u00a0tyr\u0117j\u0105\u00a0Vyten\u012f Lic\u0173\u00a0telefonu\u00a0+370\u00a0700\u00a065\u00a0731,\u00a0mob.\u00a0tel. +370 601\u00a022150,\u00a0el. pa\u0161tu\u00a0<a href=\"http:\/\/www.tv3.lt\/cdn-cgi\/l\/email-protection#27554654460955424c4b464e534e4249426757484b4e444e4d46094b53\" rel=\"nofollow noopener\" target=\"_blank\">[email\u00a0protected]<\/a>\u00a0arba\u00a0skubios\u00a0pagalbos\u00a0tarnyb\u0173\u00a0telefonu \u2013 112.<\/p>\n<p>\n                                        \u0160altinis:<br \/>\n                                                                                    tv3.lt\n                                                                                <\/p>\n<p>Patiko straipsnis? <a href=\"https:\/\/www.tv3.lt\/prenumeruoti\" rel=\"nofollow noopener\" target=\"_blank\">U\u017esiprenumeruokite m\u016bs\u0173 naujienlai\u0161k\u012f ir gaukite svarbiausias dienos naujienas bei \u012fdomiausius straipsnius kiekvien\u0105 darbo dien\u0105 11 val. Tiesiai \u012f J\u016bs\u0173 el. pa\u0161t\u0105!<\/a><\/p>\n","protected":false},"excerpt":{"rendered":"K. Jurk\u0161aityt\u0117\u00a0yra apie 165\u00a0cm \u016bgio, vidutinio k\u016bno sud\u0117jimo,\u00a0rud\u0173 aki\u0173,\u00a0tamsi\u0173\u00a0pe\u010dius siekian\u010di\u0173 plauk\u0173.\u00a0 I\u0161eidama\u00a0ji\u00a0vilk\u0117jo\u00a0raudonos\u00a0spalvos\u00a0striuk\u0119, juodos spalvos sportines kelnes, av\u0117jo baltos&hellip;\n","protected":false},"author":2,"featured_media":31869,"comment_status":"","ping_status":"","sticky":false,"template":"","format":"standard","meta":{"footnotes":""},"categories":[13],"tags":[9125,25,30,31,57,43,34,35,55,48,24,54,51,49,50,32,33,37,39,36,38,40,45,23,22,44,28,29,53,42,56,47,26,27,41,46,58,52],"class_list":{"0":"post-31868","1":"post","2":"type-post","3":"status-publish","4":"format-standard","5":"has-post-thumbnail","7":"category-lietuva","8":"tag-2025-11-03-163100","9":"tag-antrastes","10":"tag-breaking-news","11":"tag-breakingnews","12":"tag-daiktai","13":"tag-dienos-kronika","14":"tag-featured-news","15":"tag-featurednews","16":"tag-gatves-tekstai","17":"tag-gyvenimas","18":"tag-headlines","19":"tag-interneto-pievos","20":"tag-keliones","21":"tag-kultura","22":"tag-laisvalaikis","23":"tag-latest-news","24":"tag-latestnews","25":"tag-lietuva","26":"tag-lietuviu","27":"tag-lithuania","28":"tag-lithuanian","29":"tag-lt","30":"tag-mokslas-ir-it","31":"tag-naujienos","32":"tag-news","33":"tag-pasaulis","34":"tag-populiariausios-naujienos","35":"tag-populiariausiosnaujienos","36":"tag-projektai","37":"tag-rinktiniai-tekstai","38":"tag-simtmecio-portalas","39":"tag-sportas","40":"tag-top-stories","41":"tag-topstories","42":"tag-tv3-lt","43":"tag-verslas","44":"tag-video","45":"tag-zaidimai"},"share_on_mastodon":{"url":"","error":"Validation failed: Text character limit of 500 exceeded"},"_links":{"self":[{"href":"https:\/\/www.europesays.com\/lt\/wp-json\/wp\/v2\/posts\/31868","targetHints":{"allow":["GET"]}}],"collection":[{"href":"https:\/\/www.europesays.com\/lt\/wp-json\/wp\/v2\/posts"}],"about":[{"href":"https:\/\/www.europesays.com\/lt\/wp-json\/wp\/v2\/types\/post"}],"author":[{"embeddable":true,"href":"https:\/\/www.europesays.com\/lt\/wp-json\/wp\/v2\/users\/2"}],"replies":[{"embeddable":true,"href":"https:\/\/www.europesays.com\/lt\/wp-json\/wp\/v2\/comments?post=31868"}],"version-history":[{"count":0,"href":"https:\/\/www.europesays.com\/lt\/wp-json\/wp\/v2\/posts\/31868\/revisions"}],"wp:featuredmedia":[{"embeddable":true,"href":"https:\/\/www.europesays.com\/lt\/wp-json\/wp\/v2\/media\/31869"}],"wp:attachment":[{"href":"https:\/\/www.europesays.com\/lt\/wp-json\/wp\/v2\/media?parent=31868"}],"wp:term":[{"taxonomy":"category","embeddable":true,"href":"https:\/\/www.europesays.com\/lt\/wp-json\/wp\/v2\/categories?post=31868"},{"taxonomy":"post_tag","embeddable":true,"href":"https:\/\/www.europesays.com\/lt\/wp-json\/wp\/v2\/tags?post=31868"}],"curies":[{"name":"wp","href":"https:\/\/api.w.org\/{rel}","templated":true}]}}