{"id":32521,"date":"2025-11-04T16:38:16","date_gmt":"2025-11-04T16:38:16","guid":{"rendered":"https:\/\/www.europesays.com\/lt\/32521\/"},"modified":"2025-11-04T16:38:16","modified_gmt":"2025-11-04T16:38:16","slug":"edas-butvilas-helsinkyje-neatsilaike-pries-viena-is-favoritu","status":"publish","type":"post","link":"https:\/\/www.europesays.com\/lt\/32521\/","title":{"rendered":"Edas Butvilas Helsinkyje neatsilaik\u0117 prie\u0161 vien\u0105 i\u0161 favorit\u0173"},"content":{"rendered":"<p>\u00a0 Helsinkyje (Suomija) vykstan\u010dio ATP \u201eChallenger\u201c serijos \u201eHPP Open\u201c vyr\u0173 teniso turnyro kvalifikacij\u0105 \u012fveik\u0119s 21-eri\u0173 Edas Butvilas (ATP-267) antradien\u012f pagrindinio etapo starte per 65 minutes\u00a04:6, 2:6 pralaim\u0117jo antram pagal skirstym\u0105 22-ej\u0173 italui\u00a0Lucai Nardi (ATP-81).<\/p>\n<p>E. Butvilas \u0161iame ma\u010de pirmasis gal\u0117jo perimti iniciatyv\u0105, bet penktajame geime nerealizavo abiej\u0173 \u201ebreak point\u0173\u201c. L. Nardi savo progos lauk\u0117 iki pat de\u0161imtojo geimo, kai pirmu bandymu laim\u0117jo \u201ebreak point\u0105\u201c ir, tuo pa\u010diu, u\u017ebaig\u0117 set\u0105.<\/p>\n<p>Antrajame sete lietuvis anksti pralaim\u0117jo savo padavim\u0173 serij\u0105 ir v\u0117liu band\u0117 vytis ital\u0105 (1:4).\u00a0Deja, daugiau \u201ebreak point\u0173\u201c lietuvis nesusik\u016br\u0117, o a\u0161tuntajame geime dar pralaim\u0117jo lemting\u0105 savo padavim\u0173 serij\u0105.<\/p>\n<p>L. Nardi po pirm\u0173j\u0173 savo padavim\u0173 laim\u0117jo 78 proc. \u012f\u017eaist\u0173 kamuoliuk\u0173, o E. Butvilas \u2013 65 proc.<\/p>\n<p>\u0160ie tenisininkai vienas prie\u0161 kit\u0105 anks\u010diau nebuvo \u017eaid\u0119.<\/p>\n<p>L. Nardi 2021 m. rikiavosi 17-as ITF jauni\u0173 (iki 18 met\u0173) reitinge, o per\u0117jimas \u012f vyr\u0173 tenis\u0105 jam buvo labai sklandus ir s\u0117kmingas. Italas jau \u012fsitvirtino ATP reitingo \u0161imtuke, o \u0161i\u0173 met\u0173 kov\u0105 buvo pasiek\u0119s net 67-\u0105 pozicij\u0105.<\/p>\n<p>L. Nardi per karjer\u0105 yra laim\u0117j\u0119s 10 profesional\u0173 vienet\u0173 turnyr\u0173: 3 \u2013 ITF ir 7 \u2013 ATP \u201eChallenger\u201c turuose.<\/p>\n<p>Italas pernai priblo\u0161k\u0117 pasaul\u012f ATP 1000 turnyre Indian Velse (JAV). Ten L. Nardi 6:4, 3:6, 6:3 nugal\u0117jo pat\u012f Novak\u0105 Djokovi\u010di\u0173, kai serbas dar buvo pirmoji pasaulio raket\u0117. L. Nardi tuo metu reitinge buvo 123-ias ir tapo \u017eemiausiai reitinguotu tenisininku, nugal\u0117jusiu serb\u0105 ATP 1000 serijos arba \u201eDid\u017eiojo kir\u010dio\u201c turnyruose.<\/p>\n<p>\u0160io sezono prad\u017eioje L. Nardi pralaim\u0117jo ATP \u201eChallenger\u201c turnyro Vokietijoje final\u0105, o bir\u017eel\u012f Italijoje pasiek\u0117 pusfinal\u012f. Rugpj\u016bt\u012f L. Nardi s\u0117kmingai \u017eaid\u0117 ATP 1000 serijos turnyre Sinsinatyje (JAV), kur su \u201elucky loser\u201c statusu pateko \u012f pagrindin\u012f etap\u0105, ten laim\u0117jo net 3 ma\u010dus ir tik a\u0161tuntfinalyje nusileido Carlosui Alcarazui.<\/p>\n<p>Tiesa, \u012f Helsink\u012f L. Nardi atvyko po gana prasto laikotarpio. I\u0161 paskutini\u0173 7 ma\u010d\u0173 italas laim\u0117jo vos 1. Visgi, reikia pa\u017eym\u0117ti, kad L. Nardi da\u017eniausiai dalyvauja auk\u0161to lygio ATP turo turnyruose, o \u012f \u201eChallenger\u201c tur\u0105 u\u017esuka vis re\u010diau.<\/p>\n<p>E. Butvilas gavo 5 ATP vienet\u0173 reitingo ta\u0161kus ir 1890 eur\u0173. Lietuviui tr\u016bksta apie 45 reitingo ta\u0161k\u0173 iki vietos \u201eAustralian Open\u201c kvalifikacijoje.<\/p>\n<p>ATP \u201eChallenger\u201c serijos vyr\u0173 teniso turnyro Helsinkyje priz\u0173 fond\u0105 sudaro 181,25 t\u016bkst. eur\u0173.<\/p>\n<p>                                                                    <a href=\"https:\/\/www.sportas.lt\/naujiena\/529744\/mailto:info@sportas.lt\" rel=\"nofollow noopener\" target=\"_blank\">info@sportas.lt<\/a><\/p>\n<p>Naujien\u0173 portalo sportas.lt informacij\u0105 atgaminti visuomen\u0117s informavimo priemon\u0117se bei interneto tinklalapiuose be ra\u0161ti\u0161ko sutikimo draud\u017eiama.<\/p>\n","protected":false},"excerpt":{"rendered":"\u00a0 Helsinkyje (Suomija) vykstan\u010dio ATP \u201eChallenger\u201c serijos \u201eHPP Open\u201c vyr\u0173 teniso turnyro kvalifikacij\u0105 \u012fveik\u0119s 21-eri\u0173 Edas Butvilas (ATP-267)&hellip;\n","protected":false},"author":2,"featured_media":32522,"comment_status":"","ping_status":"","sticky":false,"template":"","format":"standard","meta":{"footnotes":""},"categories":[6],"tags":[25,30,31,57,43,34,35,55,48,24,54,51,49,50,32,33,37,39,36,38,40,45,23,22,44,28,29,53,42,56,47,112,26,27,46,58,52],"class_list":{"0":"post-32521","1":"post","2":"type-post","3":"status-publish","4":"format-standard","5":"has-post-thumbnail","7":"category-antrastes","8":"tag-antrastes","9":"tag-breaking-news","10":"tag-breakingnews","11":"tag-daiktai","12":"tag-dienos-kronika","13":"tag-featured-news","14":"tag-featurednews","15":"tag-gatves-tekstai","16":"tag-gyvenimas","17":"tag-headlines","18":"tag-interneto-pievos","19":"tag-keliones","20":"tag-kultura","21":"tag-laisvalaikis","22":"tag-latest-news","23":"tag-latestnews","24":"tag-lietuva","25":"tag-lietuviu","26":"tag-lithuania","27":"tag-lithuanian","28":"tag-lt","29":"tag-mokslas-ir-it","30":"tag-naujienos","31":"tag-news","32":"tag-pasaulis","33":"tag-populiariausios-naujienos","34":"tag-populiariausiosnaujienos","35":"tag-projektai","36":"tag-rinktiniai-tekstai","37":"tag-simtmecio-portalas","38":"tag-sportas","39":"tag-sportas-lt","40":"tag-top-stories","41":"tag-topstories","42":"tag-verslas","43":"tag-video","44":"tag-zaidimai"},"share_on_mastodon":{"url":"","error":"Validation failed: Text character limit of 500 exceeded"},"_links":{"self":[{"href":"https:\/\/www.europesays.com\/lt\/wp-json\/wp\/v2\/posts\/32521","targetHints":{"allow":["GET"]}}],"collection":[{"href":"https:\/\/www.europesays.com\/lt\/wp-json\/wp\/v2\/posts"}],"about":[{"href":"https:\/\/www.europesays.com\/lt\/wp-json\/wp\/v2\/types\/post"}],"author":[{"embeddable":true,"href":"https:\/\/www.europesays.com\/lt\/wp-json\/wp\/v2\/users\/2"}],"replies":[{"embeddable":true,"href":"https:\/\/www.europesays.com\/lt\/wp-json\/wp\/v2\/comments?post=32521"}],"version-history":[{"count":0,"href":"https:\/\/www.europesays.com\/lt\/wp-json\/wp\/v2\/posts\/32521\/revisions"}],"wp:featuredmedia":[{"embeddable":true,"href":"https:\/\/www.europesays.com\/lt\/wp-json\/wp\/v2\/media\/32522"}],"wp:attachment":[{"href":"https:\/\/www.europesays.com\/lt\/wp-json\/wp\/v2\/media?parent=32521"}],"wp:term":[{"taxonomy":"category","embeddable":true,"href":"https:\/\/www.europesays.com\/lt\/wp-json\/wp\/v2\/categories?post=32521"},{"taxonomy":"post_tag","embeddable":true,"href":"https:\/\/www.europesays.com\/lt\/wp-json\/wp\/v2\/tags?post=32521"}],"curies":[{"name":"wp","href":"https:\/\/api.w.org\/{rel}","templated":true}]}}