{"id":32561,"date":"2025-11-04T17:20:07","date_gmt":"2025-11-04T17:20:07","guid":{"rendered":"https:\/\/www.europesays.com\/lt\/32561\/"},"modified":"2025-11-04T17:20:07","modified_gmt":"2025-11-04T17:20:07","slug":"oro-linijos-pranesa-apie-pokycius-vilniuje-sureagavo-i-incidentus-su-balionais-lrytas","status":"publish","type":"post","link":"https:\/\/www.europesays.com\/lt\/32561\/","title":{"rendered":"Oro linijos prane\u0161a apie poky\u010dius Vilniuje: sureagavo \u012f incidentus su balionais &#8211; Lrytas"},"content":{"rendered":"<ol>\n<li><a href=\"https:\/\/news.google.com\/rss\/articles\/CBMi4AFBVV95cUxNc21LUFdxbDBhSkZQbGpnQWVpd2NmSjZHVVJpRFViTVp3UGRJWnlNcm1NOUI5c3VGbFlRWnNkd3NTWGhJNzVaSjZ0eEx2YVZ6dE1fYkpuMTJyME5KZHJYRlVMQm5UMXg5ellnZE5CdC03WGY0elQ3a3ZIcmxhSEMzM1NSSG1OV2V3dm1OUHhwdmhVTFQxR1VSTFJKT0dJVURFMVZFUDhMVXgxTUtteVVJa3JoWkotN0pna3dKNVlwMFdnbU5kOVVHQ3FSSDA0ZjlqcENxbXZPSXhMa3hiMDd4Mw?oc=5\" target=\"_blank\" rel=\"nofollow noopener\">Oro linijos prane\u0161a apie poky\u010dius Vilniuje: sureagavo \u012f incidentus su balionais<\/a>&nbsp;&nbsp;Lrytas<\/li>\n<li><a href=\"https:\/\/news.google.com\/rss\/articles\/CBMi8gFBVV95cUxNUGhaQ2xJLU15VkN4NGI4ZzFZWjFPZUxyNVlTZmN0eWo0Q0t1aGs3NE13bXpIOVRHcDk0Y20yWldYRzd6emhlcVRMU3V4UV9PTDVfQXFHRUtpNXhNa3pfN2MzNnVhUjE0eGJhZVd2eWFGUGpFQ2x0VTNmQUV0QzNtb25JNm5JZENyT0hmWUdKNUFpeHRUTnNGTjl2NFhhSDQ5d0x2NTZxMnhfeWZOdE9feXdWd09fM1NTUkU3UG5lQU4xUDhmV3lhem9oZDlwUTZMT0FySXBhMXIwdkZybEdtb2YyWXVrTlMwa2ZjcGV5RE82UQ?oc=5\" target=\"_blank\" rel=\"nofollow noopener\">D\u0117l \u012f Lietuv\u0105 i\u0161 Baltarusijos skrendan\u010di\u0173 kontrabandini\u0173 balion\u0173 \u201eair Baltic\u201c kei\u010dia skryd\u017ei\u0173 laikus<\/a>&nbsp;&nbsp;15min.lt<\/li>\n<li><a href=\"https:\/\/news.google.com\/rss\/articles\/CBMi4gFBVV95cUxQenBxUGdDbHBHTlNaRHdQUUlmMlpCbFBsVWd2RlFTbnItNEphQm5laDFtdkFMcTA0QlJmNGFnZ1V0NDRXbzc0dUxYYzIxWF9JTmI4bENDdDg2T0kxTXBiZjQ3bDNIT29XczJDejg1NU11bnRVdWtXQmRvT0d3MTRXbTN5bl9CVGNyY0tqd1p5SkV6TnliX0ZrcDdIcTY2dUZmbUtlRUpkODNvX2x6RUJRUzQ5ZzVmUnRkRS1vOUZQSVN6N1RUdlRqaW9VMi13Q1c1UFRfazMzV0VVNkdybjZjeHl3?oc=5\" target=\"_blank\" rel=\"nofollow noopener\">D\u0117l pra\u0117jus\u012f ketvirtadien\u012f sutrikdyto orlaivi\u0173 eismo \u012f Vilni\u0173 autobusais perve\u017eta apie 200 \u017emoni\u0173<\/a>&nbsp;&nbsp;Delfi<\/li>\n<li><a href=\"https:\/\/news.google.com\/rss\/articles\/CBMi8wFBVV95cUxPS0o5Q2hUV3oxLU14aC1ya0lmZF9qbXRCVkhPdEdsQmhvOTJOdVFCRXYxNmlfVzVnVnJzaTVYUGZHaUJTR0NVU2U3Nm16VElXNHRjNE5iRTAxUm0tSjh2QThJa1ZneHRVQVV3TmJYRjV1ZlZ0RTk0RFVTVWJlbkVOdlVpWlZhaTFNNFBVdGRYUWdZUWlHOGFVQ2d2Y2N6TGhScWlmVy00ckljekNvS2VWSWFlSF9GemZ5UHRJanE2bEFLUU05VjNuS0o0enoxRHFaR3k0N2YzZC14VmxQWWtqVC13SmY4NkpXNXFYR2QzS2VzMk0?oc=5\" target=\"_blank\" rel=\"nofollow noopener\">NATO \u0161ali\u0173 \u017einiasklaidoje \u2013 ir Lietuvos vardas: d\u0117mes\u012f atkreip\u0117 d\u0117l pavoj\u0173 suk\u0117lusi\u0173 balion\u0173<\/a>&nbsp;&nbsp;Lrytas<\/li>\n<li><a href=\"https:\/\/news.google.com\/rss\/articles\/CBMiuwFBVV95cUxQeDY4MUl1WlowenpBemtXdi1ISjVYVkJhNWZvclhheDhFWFhpbkt6REpKWHR1bU9SRHRGQWNWeGNlcHczU2dydEtUUWZwcWxrVTBoVG00bVJEb1pBclQxVnJWOHIyaDdBdElmT3VGUFpDX2xKUnRjajJtc2RxRXlPN242MTlpc0NOZFZhaEtvUW4xa3U5OThUa0pBMGNfcUREQV9zaWxkZG1qODFRQ0FOTkJobktETFdqUFhJ?oc=5\" target=\"_blank\" rel=\"nofollow noopener\">Lietuvis i\u0161klojo visk\u0105, kas vyksta pasienyje: balionai \u2013 tik aisbergo vir\u0161\u016bn\u0117<\/a>&nbsp;&nbsp;tv3.lt<\/li>\n<\/ol>\n","protected":false},"excerpt":{"rendered":"Oro linijos prane\u0161a apie poky\u010dius Vilniuje: sureagavo \u012f incidentus su balionais&nbsp;&nbsp;Lrytas D\u0117l \u012f Lietuv\u0105 i\u0161 Baltarusijos skrendan\u010di\u0173 kontrabandini\u0173&hellip;\n","protected":false},"author":2,"featured_media":32562,"comment_status":"","ping_status":"","sticky":false,"template":"","format":"standard","meta":{"footnotes":""},"categories":[13],"tags":[25,30,31,34,35,24,32,33,37,39,36,38,40,23,22,28,29,26,27],"class_list":{"0":"post-32561","1":"post","2":"type-post","3":"status-publish","4":"format-standard","5":"has-post-thumbnail","7":"category-lietuva","8":"tag-antrastes","9":"tag-breaking-news","10":"tag-breakingnews","11":"tag-featured-news","12":"tag-featurednews","13":"tag-headlines","14":"tag-latest-news","15":"tag-latestnews","16":"tag-lietuva","17":"tag-lietuviu","18":"tag-lithuania","19":"tag-lithuanian","20":"tag-lt","21":"tag-naujienos","22":"tag-news","23":"tag-populiariausios-naujienos","24":"tag-populiariausiosnaujienos","25":"tag-top-stories","26":"tag-topstories"},"share_on_mastodon":{"url":"https:\/\/pubeurope.com\/@lt\/115492580527527526","error":""},"_links":{"self":[{"href":"https:\/\/www.europesays.com\/lt\/wp-json\/wp\/v2\/posts\/32561","targetHints":{"allow":["GET"]}}],"collection":[{"href":"https:\/\/www.europesays.com\/lt\/wp-json\/wp\/v2\/posts"}],"about":[{"href":"https:\/\/www.europesays.com\/lt\/wp-json\/wp\/v2\/types\/post"}],"author":[{"embeddable":true,"href":"https:\/\/www.europesays.com\/lt\/wp-json\/wp\/v2\/users\/2"}],"replies":[{"embeddable":true,"href":"https:\/\/www.europesays.com\/lt\/wp-json\/wp\/v2\/comments?post=32561"}],"version-history":[{"count":0,"href":"https:\/\/www.europesays.com\/lt\/wp-json\/wp\/v2\/posts\/32561\/revisions"}],"wp:featuredmedia":[{"embeddable":true,"href":"https:\/\/www.europesays.com\/lt\/wp-json\/wp\/v2\/media\/32562"}],"wp:attachment":[{"href":"https:\/\/www.europesays.com\/lt\/wp-json\/wp\/v2\/media?parent=32561"}],"wp:term":[{"taxonomy":"category","embeddable":true,"href":"https:\/\/www.europesays.com\/lt\/wp-json\/wp\/v2\/categories?post=32561"},{"taxonomy":"post_tag","embeddable":true,"href":"https:\/\/www.europesays.com\/lt\/wp-json\/wp\/v2\/tags?post=32561"}],"curies":[{"name":"wp","href":"https:\/\/api.w.org\/{rel}","templated":true}]}}