{"id":32605,"date":"2025-11-04T18:24:08","date_gmt":"2025-11-04T18:24:08","guid":{"rendered":"https:\/\/www.europesays.com\/lt\/32605\/"},"modified":"2025-11-04T18:24:08","modified_gmt":"2025-11-04T18:24:08","slug":"del-asmeniniu-priezasciu-eurolyga-palikes-aukstaugis-zais-rusijoje","status":"publish","type":"post","link":"https:\/\/www.europesays.com\/lt\/32605\/","title":{"rendered":"D\u0117l asmenini\u0173 prie\u017eas\u010di\u0173 Eurolyg\u0105 palik\u0119s auk\u0161ta\u016bgis \u017eais Rusijoje"},"content":{"rendered":"<p>Oficialiai prane\u0161ta, kad buv\u0119s <a rel=\"noopener nofollow\" target=\"_blank\" href=\"https:\/\/www.delfi.lt\/temos\/tadas-sedekerskis\" tag-id=\"62075627\">Tado Sedekerskio<\/a> komandos draugas karjer\u0105 t\u0119s Rusijoje, kur rungtyniaus Sankt Peterburgo \u201eZenit\u201c gretose.<\/p>\n<p>Prie\u0161 prisijungdamas prie \u201eBaskonia\u201c komandos, L. \u0160amani\u010dius buvo pasira\u0161\u0119s sutart\u012f su Stambulo \u201eFenerbah\u010de\u201c, ta\u010diau Turkijos grand\u0105 taip pat d\u0117l asmenini\u0173 prie\u017eas\u010di\u0173 paliko dar sezonui neprasid\u0117jus.<\/p>\n<p>Ispanijoje vidurio puol\u0117jas rungtyniavo nuo pra\u0117jusio sezono vidurio.<\/p>\n<p>\u0160\u012f sezon\u0105 <a rel=\"noopener nofollow\" target=\"_blank\" href=\"https:\/\/www.delfi.lt\/temos\/eurolyga\" tag-id=\"40025897\">Eurolygoje<\/a> L. \u0160amani\u010dius per penkerias rungtynes rinko po 7 ta\u0161kus, 2,6 atkovoto kamuolio ir 7,2 naudingumo balo.<\/p>\n","protected":false},"excerpt":{"rendered":"Oficialiai prane\u0161ta, kad buv\u0119s Tado Sedekerskio komandos draugas karjer\u0105 t\u0119s Rusijoje, kur rungtyniaus Sankt Peterburgo \u201eZenit\u201c gretose. Prie\u0161&hellip;\n","protected":false},"author":2,"featured_media":32606,"comment_status":"","ping_status":"","sticky":false,"template":"","format":"standard","meta":{"footnotes":""},"categories":[19],"tags":[309,37,39,36,38,40,47,104,3804,5072],"class_list":{"0":"post-32605","1":"post","2":"type-post","3":"status-publish","4":"format-standard","5":"has-post-thumbnail","7":"category-sportas","8":"tag-eurolyga","9":"tag-lietuva","10":"tag-lietuviu","11":"tag-lithuania","12":"tag-lithuanian","13":"tag-lt","14":"tag-sportas","15":"tag-sports","16":"tag-tadas-sedekerskis","17":"tag-vitorijos-baskonia"},"share_on_mastodon":{"url":"https:\/\/pubeurope.com\/@lt\/115492832097938921","error":""},"_links":{"self":[{"href":"https:\/\/www.europesays.com\/lt\/wp-json\/wp\/v2\/posts\/32605","targetHints":{"allow":["GET"]}}],"collection":[{"href":"https:\/\/www.europesays.com\/lt\/wp-json\/wp\/v2\/posts"}],"about":[{"href":"https:\/\/www.europesays.com\/lt\/wp-json\/wp\/v2\/types\/post"}],"author":[{"embeddable":true,"href":"https:\/\/www.europesays.com\/lt\/wp-json\/wp\/v2\/users\/2"}],"replies":[{"embeddable":true,"href":"https:\/\/www.europesays.com\/lt\/wp-json\/wp\/v2\/comments?post=32605"}],"version-history":[{"count":0,"href":"https:\/\/www.europesays.com\/lt\/wp-json\/wp\/v2\/posts\/32605\/revisions"}],"wp:featuredmedia":[{"embeddable":true,"href":"https:\/\/www.europesays.com\/lt\/wp-json\/wp\/v2\/media\/32606"}],"wp:attachment":[{"href":"https:\/\/www.europesays.com\/lt\/wp-json\/wp\/v2\/media?parent=32605"}],"wp:term":[{"taxonomy":"category","embeddable":true,"href":"https:\/\/www.europesays.com\/lt\/wp-json\/wp\/v2\/categories?post=32605"},{"taxonomy":"post_tag","embeddable":true,"href":"https:\/\/www.europesays.com\/lt\/wp-json\/wp\/v2\/tags?post=32605"}],"curies":[{"name":"wp","href":"https:\/\/api.w.org\/{rel}","templated":true}]}}