{"id":32621,"date":"2025-11-04T18:57:08","date_gmt":"2025-11-04T18:57:08","guid":{"rendered":"https:\/\/www.europesays.com\/lt\/32621\/"},"modified":"2025-11-04T18:57:08","modified_gmt":"2025-11-04T18:57:08","slug":"sako-kad-ji-atleido-is-darbo","status":"publish","type":"post","link":"https:\/\/www.europesays.com\/lt\/32621\/","title":{"rendered":"sako, kad j\u012f atleido i\u0161 darbo"},"content":{"rendered":"<p>A.Paukas pavie\u0161ino VVT \u012fsakym\u0105<\/p>\n<p>Lapkri\u010dio 3 d.\u00a0A.Paukas pavie\u0161ino\u00a0VVT \u200b\u200b\u012fsakym\u0105, kad jis yra atleid\u017eiamas pagal Darbo kodekso 58 straipsnio 2 dalies 1 punkt\u0105 u\u017e \u0161iurk\u0161t\u0173 darbo pareig\u0173 pa\u017eeidim\u0105. Atleidimo pagrindas buvo transporto skyriaus vadovo prane\u0161imas, kuriame teigiama, kad darbuotojas \u0161iurk\u0161\u010diai pa\u017eeid\u0117 darbo pareigas, skelbia LRT.<\/p>\n<p>\u012esakyme taip pat informuojama, kad A.Paukas b\u016bt\u0173 atleid\u017eiamas nuo 2025 m. lapkri\u010dio 3 d., o apskaitos skyriui nurodoma i\u0161mok\u0117ti jam vis\u0105 atlyginim\u0105 ir kompensacij\u0105 u\u017e 4,91 nepanaudot\u0173 atostog\u0173 dienos. Naujien\u0173 portalas Lrytas band\u0117 susisiekti su pa\u010diu A.Pauku d\u0117l platesnio jo komentaro, ta\u010diau kol kas jo atsakymo gauti nepavyko. J\u012f gavus, tikim\u0117s straipsn\u012f papildyti.\u00a0<\/p>\n<p>Tuo metu VVT atstov\u0117 Gintar\u0117 \u017dalyt\u0117-\u0160tarien\u0117 sako negalinti teikti ir vie\u0161inti informacijos, susijusios su konkre\u010di\u0173 darbuotoj\u0173 darbo santykiais ar vidaus dokumentais. Anot jos, tokia informacija laikoma asmens duomenimis ir konfidencialia pagal Bendr\u0105j\u012f duomen\u0173 apsaugos reglament\u0105 bei Darbo kodekso nuostatas.<\/p>\n<p>\u201eVie\u0161ojoje erdv\u0117je pasirodantys dokumentai ar kita informacija, jei juos pats asmuo nusprend\u017eia pavie\u0161inti, yra jo asmeninis sprendimas, u\u017e kur\u012f Bendrov\u0117 neatsako ir vie\u0161ai nekomentuoja, kad neb\u016bt\u0173 pa\u017eeisti teis\u0117s akt\u0173 reikalavimai ir tre\u010di\u0173j\u0173 asmen\u0173 teis\u0117s\u201c, \u2013 teigia G.\u017dalyt\u0117-\u0160tarien\u0117.<\/p>\n<p>Vilniaus meras V.Benkunskas: tai problemos nei\u0161sprend\u017eia<\/p>\n<p>\u012e \u017eini\u0105, kad A.Paukas buvo atleistas sureagavo ir\u00a0\u00a0Vilniaus meras Valdas Benkunskas. Jis savo feisbuko paskyroje ra\u0161o, kad nepagarbos m\u016bs\u0173 valstybinei kalbai ir \u017emon\u0117ms \u2013 netoleruoja.<\/p>\n<p>\u201eVilniaus vie\u0161ojo transporto \u012fmon\u0117je nuskamb\u0117j\u0119s vairuotojo elgesys primygtinai nekalb\u0117ti su dispe\u010dere lietuvi\u0173 kalba ir patalpinti pokalb\u012f socialiniuose tinkluose, man nepriimtinas. Problema \u0161iuo veiksmu nebus i\u0161spr\u0119sta. Tod\u0117l valstyb\u0117, verslas ir savivaldyb\u0117s turi ie\u0161koti bendr\u0173 sprendim\u0173 siekiant sukurti ai\u0161ki\u0105 imigrant\u0173 integracijos sistem\u0105\u201c, \u2013 ra\u0161o meras.<\/p>\n<p>V.Benkunskas \u017eada, kad Vilnius, kaip institucija ir darbdavys, prad\u0117s nuo sav\u0119s. \u201eTod\u0117l savo valdom\u0173 \u012fmoni\u0173 ir bendrovi\u0173 darbuotojams atvykusiems dirbti i\u0161 u\u017esienio valstybi\u0173 ie\u0161kosime sprendim\u0173 kaip pad\u0117ti jiems i\u0161mokti lietuvi\u0173 kalb\u0105 ir integruotis\u201c, \u2013 tikina Vilniaus politikas.<\/p>\n<p>Per penkerius metus taip ir nei\u0161moko lietuvi\u0161kai<\/p>\n<p>Primename, kad penkerius metus Lietuvoje gyvenantis baltarusi\u0173 aktyvistas A.Paukas dirbo troleibuso vairuotoju. Per vis\u0105 \u0161\u012f laik\u0105 jis sak\u0117 nei\u0161mok\u0119s lietuvi\u0173 kalbos, mok\u0117jo tik kelias frazes, reikalingas nusipirkti kavai ir pan.\u00a0<\/p>\n<p>A.Paukas spalio prad\u017eioje feisbuke \u012fk\u0117l\u0117 \u012fra\u0161\u0105, kuriame jis su VVT dispe\u010dere bendrauja rusi\u0161kai, o \u0161i jam ai\u0161kina, kad teks kalb\u0117tis lietuvi\u0173 kalba. Pastarasis neatly\u017eo ir si\u016bl\u0117 kalb\u0117tis ta kalba, kuri\u0105 jis supranta \u2013 rus\u0173, lenk\u0173.<\/p>\n<p>VVT d\u0117l A.Pauko veiksm\u0173\u00a0nurod\u0117 \u012fmon\u0117je prad\u0117jusi\u00a0vidin\u012f tyrim\u0105.<\/p>\n","protected":false},"excerpt":{"rendered":"A.Paukas pavie\u0161ino VVT \u012fsakym\u0105 Lapkri\u010dio 3 d.\u00a0A.Paukas pavie\u0161ino\u00a0VVT \u200b\u200b\u012fsakym\u0105, kad jis yra atleid\u017eiamas pagal Darbo kodekso 58 straipsnio&hellip;\n","protected":false},"author":2,"featured_media":32622,"comment_status":"","ping_status":"","sticky":false,"template":"","format":"standard","meta":{"footnotes":""},"categories":[13],"tags":[25,30,31,34,35,24,32,33,37,39,36,38,40,23,22,28,29,26,27],"class_list":{"0":"post-32621","1":"post","2":"type-post","3":"status-publish","4":"format-standard","5":"has-post-thumbnail","7":"category-lietuva","8":"tag-antrastes","9":"tag-breaking-news","10":"tag-breakingnews","11":"tag-featured-news","12":"tag-featurednews","13":"tag-headlines","14":"tag-latest-news","15":"tag-latestnews","16":"tag-lietuva","17":"tag-lietuviu","18":"tag-lithuania","19":"tag-lithuanian","20":"tag-lt","21":"tag-naujienos","22":"tag-news","23":"tag-populiariausios-naujienos","24":"tag-populiariausiosnaujienos","25":"tag-top-stories","26":"tag-topstories"},"share_on_mastodon":{"url":"https:\/\/pubeurope.com\/@lt\/115492961838631768","error":""},"_links":{"self":[{"href":"https:\/\/www.europesays.com\/lt\/wp-json\/wp\/v2\/posts\/32621","targetHints":{"allow":["GET"]}}],"collection":[{"href":"https:\/\/www.europesays.com\/lt\/wp-json\/wp\/v2\/posts"}],"about":[{"href":"https:\/\/www.europesays.com\/lt\/wp-json\/wp\/v2\/types\/post"}],"author":[{"embeddable":true,"href":"https:\/\/www.europesays.com\/lt\/wp-json\/wp\/v2\/users\/2"}],"replies":[{"embeddable":true,"href":"https:\/\/www.europesays.com\/lt\/wp-json\/wp\/v2\/comments?post=32621"}],"version-history":[{"count":0,"href":"https:\/\/www.europesays.com\/lt\/wp-json\/wp\/v2\/posts\/32621\/revisions"}],"wp:featuredmedia":[{"embeddable":true,"href":"https:\/\/www.europesays.com\/lt\/wp-json\/wp\/v2\/media\/32622"}],"wp:attachment":[{"href":"https:\/\/www.europesays.com\/lt\/wp-json\/wp\/v2\/media?parent=32621"}],"wp:term":[{"taxonomy":"category","embeddable":true,"href":"https:\/\/www.europesays.com\/lt\/wp-json\/wp\/v2\/categories?post=32621"},{"taxonomy":"post_tag","embeddable":true,"href":"https:\/\/www.europesays.com\/lt\/wp-json\/wp\/v2\/tags?post=32621"}],"curies":[{"name":"wp","href":"https:\/\/api.w.org\/{rel}","templated":true}]}}