{"id":32821,"date":"2025-11-05T05:34:08","date_gmt":"2025-11-05T05:34:08","guid":{"rendered":"https:\/\/www.europesays.com\/lt\/32821\/"},"modified":"2025-11-05T05:34:08","modified_gmt":"2025-11-05T05:34:08","slug":"lietuviai-tapo-sgd-terminalu-europos-operavimo-rinkos-lyderiais-labiausiai-isitvirtino-vokietijoje-verslas","status":"publish","type":"post","link":"https:\/\/www.europesays.com\/lt\/32821\/","title":{"rendered":"Lietuviai tapo SGD terminal\u0173 Europos operavimo rinkos lyderiais: labiausiai \u012fsitvirtino Vokietijoje | Verslas"},"content":{"rendered":"<p>Vokietijos SGD terminal\u0173 operatoriumi esan\u010dios valstybin\u0117s \u012fmon\u0117s \u201eDeutsche Energy Terminal GmbH\u201c (DET) vadovas dr. Peteris Rottgenas teig\u0117, kad terminalai buvo nei\u0161vengiamyb\u0117.<\/p>\n<p>Prasid\u0117jus Rusijos kariniams veiksmams Ukrainoje Vokietijos ekonomika atsid\u016br\u0117 virsmo ta\u0161ke. Nuo \u0161alies agresor\u0117s gamtini\u0173 duj\u0173 priklausoma \u0161alis steb\u0117jo augan\u010dias kainas. Nerimo pas\u0117jo ir incidentas \u201eNord Stream\u201c dujotiekyje, kai jis buvo susprogdintas.<\/p>\n<p><a href=\"https:\/\/s1.15min.lt\/images\/photos\/2025\/11\/03\/original\/sgd-terminalas-vilhemshafeno-uoste-vokietijoje-69090f0eb8774.jpg\" rel=\"content-image nofollow noopener\" title=\"M.Baranausko nuotr.\/SGD terminalas Vilhemshafeno uoste, Vokietijoje\" target=\"_blank\"><img decoding=\"async\" alt=\"M.Baranausko nuotr.\/SGD terminalas Vilhemshafeno uoste, Vokietijoje\" rel=\"content-image\" src=\"https:\/\/www.europesays.com\/lt\/wp-content\/uploads\/2025\/11\/sgd-terminalas-vilhemshafeno-uoste-vokietijoje-69090f0eb8774.jpg\" style=\"width: auto; height: auto;\"\/><\/a><\/p>\n<p>M.Baranausko nuotr.\/SGD terminalas Vilhemshafeno uoste, Vokietijoje<\/p>\n<p>I\u0161laidos u\u017e gamtines dujas nam\u0173 \u016bkiams augo kartais. Priimtas strateginis sprendimas apsir\u016bpinti dujomis patiems ir vystyti SGD terminalus \u0160iaur\u0117s j\u016broje.<\/p>\n<p>Pirmasis j\u0173 \u2013 Vilhelmshafeno uoste \u2013 buvo pastatytas rekordi\u0161kai \u2013 per 9 m\u0117nesius dar 2023-iaisiais. \u0160iemet imtas eksploatuoti ir dar vienas terminalas. I\u0161 viso Vokietija \u0161iuo metu turi keturis SGD terminalus, dar vien\u0105 valdo privati kompanija.<\/p>\n<p>Vokietija tampa ne tik importuotoja        <\/p>\n","protected":false},"excerpt":{"rendered":"Vokietijos SGD terminal\u0173 operatoriumi esan\u010dios valstybin\u0117s \u012fmon\u0117s \u201eDeutsche Energy Terminal GmbH\u201c (DET) vadovas dr. Peteris Rottgenas teig\u0117, kad&hellip;\n","protected":false},"author":2,"featured_media":32822,"comment_status":"","ping_status":"","sticky":false,"template":"","format":"standard","meta":{"footnotes":""},"categories":[15],"tags":[25,30,31,34,35,24,32,33,37,39,36,38,40,23,22,44,28,29,26,27,74,75,76],"class_list":{"0":"post-32821","1":"post","2":"type-post","3":"status-publish","4":"format-standard","5":"has-post-thumbnail","7":"category-pasaulis","8":"tag-antrastes","9":"tag-breaking-news","10":"tag-breakingnews","11":"tag-featured-news","12":"tag-featurednews","13":"tag-headlines","14":"tag-latest-news","15":"tag-latestnews","16":"tag-lietuva","17":"tag-lietuviu","18":"tag-lithuania","19":"tag-lithuanian","20":"tag-lt","21":"tag-naujienos","22":"tag-news","23":"tag-pasaulis","24":"tag-populiariausios-naujienos","25":"tag-populiariausiosnaujienos","26":"tag-top-stories","27":"tag-topstories","28":"tag-world","29":"tag-world-news","30":"tag-worldnews"},"share_on_mastodon":{"url":"https:\/\/pubeurope.com\/@lt\/115495466671700987","error":""},"_links":{"self":[{"href":"https:\/\/www.europesays.com\/lt\/wp-json\/wp\/v2\/posts\/32821","targetHints":{"allow":["GET"]}}],"collection":[{"href":"https:\/\/www.europesays.com\/lt\/wp-json\/wp\/v2\/posts"}],"about":[{"href":"https:\/\/www.europesays.com\/lt\/wp-json\/wp\/v2\/types\/post"}],"author":[{"embeddable":true,"href":"https:\/\/www.europesays.com\/lt\/wp-json\/wp\/v2\/users\/2"}],"replies":[{"embeddable":true,"href":"https:\/\/www.europesays.com\/lt\/wp-json\/wp\/v2\/comments?post=32821"}],"version-history":[{"count":0,"href":"https:\/\/www.europesays.com\/lt\/wp-json\/wp\/v2\/posts\/32821\/revisions"}],"wp:featuredmedia":[{"embeddable":true,"href":"https:\/\/www.europesays.com\/lt\/wp-json\/wp\/v2\/media\/32822"}],"wp:attachment":[{"href":"https:\/\/www.europesays.com\/lt\/wp-json\/wp\/v2\/media?parent=32821"}],"wp:term":[{"taxonomy":"category","embeddable":true,"href":"https:\/\/www.europesays.com\/lt\/wp-json\/wp\/v2\/categories?post=32821"},{"taxonomy":"post_tag","embeddable":true,"href":"https:\/\/www.europesays.com\/lt\/wp-json\/wp\/v2\/tags?post=32821"}],"curies":[{"name":"wp","href":"https:\/\/api.w.org\/{rel}","templated":true}]}}