{"id":34250,"date":"2025-11-06T18:53:09","date_gmt":"2025-11-06T18:53:09","guid":{"rendered":"https:\/\/www.europesays.com\/lt\/34250\/"},"modified":"2025-11-06T18:53:09","modified_gmt":"2025-11-06T18:53:09","slug":"bartzokas-paskelbe-evanso-sugrizimo-data","status":"publish","type":"post","link":"https:\/\/www.europesays.com\/lt\/34250\/","title":{"rendered":"Bartzokas paskelb\u0117 Evanso sugr\u012f\u017eimo dat\u0105"},"content":{"rendered":"<p>Pir\u0117jo \u201eOlympiacos\u201c vyriausiasis treneris Georgios Bartzokas pasidalijo naujausia gera informacija apie Keenano Evanso b\u016bkl\u0119.<\/p>\n<p>Jis patvirtino, kad 29-eri\u0173 gyn\u0117jas grei\u010diausiai debiutuos sekmadien\u012f, kai \u201eraudonieji\u201c namuose Graikijos lygos rungtyn\u0117se susitiks su \u201eKarditsa Iaponiki\u201c komanda.<\/p>\n<p>\u201eLabai d\u017eiaugiuosi, kad Evansas tur\u0117jo dvi puikias treniruotes su komanda. Jis jau\u010diasi gerai, \u2013 sak\u0117 60-metis specialistas. \u2013 Ta\u010diau noriu b\u016bti atsargus \u2013 ne d\u0117l nepasitik\u0117jimo, o tod\u0117l, kad tai labai ypatingas atvejis po tokios ilgos pertraukos. Manau, kad jis\u00a0yra paskutin\u0117je atsigavimo stadijoje ir tur\u0117t\u0173 debiutuoti sekmadienio rungtyn\u0117se.\u201c  \u00a0<\/p>\n<p>K. Evansas \u017eaid\u0117 pasirengimo cikle, ta\u010diau rugs\u0117jo 17 dien\u0105 paskelbta, kad jis patyr\u0117 kelio traum\u0105.<\/p>\n<p style=\"color:#cf4949;\">Per TV3 steb\u0117kite kiekvienas \u201e\u017dalgirio\u201c rungtynes Eurolygoje, o Go3 parodys visas kovas.<\/p>\n","protected":false},"excerpt":{"rendered":"Pir\u0117jo \u201eOlympiacos\u201c vyriausiasis treneris Georgios Bartzokas pasidalijo naujausia gera informacija apie Keenano Evanso b\u016bkl\u0119. Jis patvirtino, kad 29-eri\u0173&hellip;\n","protected":false},"author":2,"featured_media":34251,"comment_status":"","ping_status":"","sticky":false,"template":"","format":"standard","meta":{"footnotes":""},"categories":[6],"tags":[25,30,31,57,43,34,35,55,48,24,54,51,49,50,32,33,37,39,36,38,40,45,23,22,44,28,29,53,42,56,47,112,26,27,46,58,52],"class_list":{"0":"post-34250","1":"post","2":"type-post","3":"status-publish","4":"format-standard","5":"has-post-thumbnail","7":"category-antrastes","8":"tag-antrastes","9":"tag-breaking-news","10":"tag-breakingnews","11":"tag-daiktai","12":"tag-dienos-kronika","13":"tag-featured-news","14":"tag-featurednews","15":"tag-gatves-tekstai","16":"tag-gyvenimas","17":"tag-headlines","18":"tag-interneto-pievos","19":"tag-keliones","20":"tag-kultura","21":"tag-laisvalaikis","22":"tag-latest-news","23":"tag-latestnews","24":"tag-lietuva","25":"tag-lietuviu","26":"tag-lithuania","27":"tag-lithuanian","28":"tag-lt","29":"tag-mokslas-ir-it","30":"tag-naujienos","31":"tag-news","32":"tag-pasaulis","33":"tag-populiariausios-naujienos","34":"tag-populiariausiosnaujienos","35":"tag-projektai","36":"tag-rinktiniai-tekstai","37":"tag-simtmecio-portalas","38":"tag-sportas","39":"tag-sportas-lt","40":"tag-top-stories","41":"tag-topstories","42":"tag-verslas","43":"tag-video","44":"tag-zaidimai"},"share_on_mastodon":{"url":"","error":"Validation failed: Text character limit of 500 exceeded"},"_links":{"self":[{"href":"https:\/\/www.europesays.com\/lt\/wp-json\/wp\/v2\/posts\/34250","targetHints":{"allow":["GET"]}}],"collection":[{"href":"https:\/\/www.europesays.com\/lt\/wp-json\/wp\/v2\/posts"}],"about":[{"href":"https:\/\/www.europesays.com\/lt\/wp-json\/wp\/v2\/types\/post"}],"author":[{"embeddable":true,"href":"https:\/\/www.europesays.com\/lt\/wp-json\/wp\/v2\/users\/2"}],"replies":[{"embeddable":true,"href":"https:\/\/www.europesays.com\/lt\/wp-json\/wp\/v2\/comments?post=34250"}],"version-history":[{"count":0,"href":"https:\/\/www.europesays.com\/lt\/wp-json\/wp\/v2\/posts\/34250\/revisions"}],"wp:featuredmedia":[{"embeddable":true,"href":"https:\/\/www.europesays.com\/lt\/wp-json\/wp\/v2\/media\/34251"}],"wp:attachment":[{"href":"https:\/\/www.europesays.com\/lt\/wp-json\/wp\/v2\/media?parent=34250"}],"wp:term":[{"taxonomy":"category","embeddable":true,"href":"https:\/\/www.europesays.com\/lt\/wp-json\/wp\/v2\/categories?post=34250"},{"taxonomy":"post_tag","embeddable":true,"href":"https:\/\/www.europesays.com\/lt\/wp-json\/wp\/v2\/tags?post=34250"}],"curies":[{"name":"wp","href":"https:\/\/api.w.org\/{rel}","templated":true}]}}