{"id":34354,"date":"2025-11-06T21:58:07","date_gmt":"2025-11-06T21:58:07","guid":{"rendered":"https:\/\/www.europesays.com\/lt\/34354\/"},"modified":"2025-11-06T21:58:07","modified_gmt":"2025-11-06T21:58:07","slug":"rusija-be-elektros-sedes-ilgiau-nei-ukraina","status":"publish","type":"post","link":"https:\/\/www.europesays.com\/lt\/34354\/","title":{"rendered":"Rusija be elektros s\u0117d\u0117s ilgiau nei Ukraina"},"content":{"rendered":"<p class=\"western\">Toki\u0105 prognoz\u0119 pateik\u0117 energetikos ekspertas Aleksandras Char\u010denka, ra\u0161o UNIAN.<\/p>\n<p class=\"western\">Jis paai\u0161kino, kad atsi\u017evelgiant \u012f didel\u012f laiko juost\u0173 skai\u010di\u0173 ir teritorijos mast\u0105, Rusijos energetikos sistema veikia laiko balansavimo principu ir turi tam tinkam\u0105 strukt\u016br\u0105, ta\u010diau Ukrainos dron\u0173 sm\u016bgiai gali j\u0105 sunaikinti, o tai sukels ilgalaikius elektros energijos tiekimo nutraukimus Rusijos Federacijos pietin\u0117je federalin\u0117je apygardoje (Krasnodaro teritorijoje, Astrachan\u0117je, Volgogrado srityse ir kt.).<\/p>\n<p class=\"western\">\u201eKas vyksta dabar? M\u016bs\u0173 sm\u016bgiai pama\u017eu i\u0161mu\u0161a strukt\u016br\u0105, u\u017etikrinan\u010di\u0105 elektros energijos transportavim\u0105 tarp laiko juost\u0173. Mes nesame labai toli nuo kritin\u0117s linijos \u2013 dar liko 40 procent\u0173, 60 proc. jau padaryta. Kai atgausime auk\u0161tos \u012ftampos pastotes, leid\u017eian\u010dias pumpuoti elektr\u0105 i\u0161 rajono \u012f rajon\u0105, tada nutraukimai bus intensyvesni nei Ukrainoje\u201c, \u2013 sak\u0117 A. Char\u010denka.<\/p>\n<p class=\"western\">Kalb\u0117damas apie galim\u0105 elektros energijos teikimo nutraukim\u0105 Maskvoje, ekspertas pa\u017eym\u0117jo, kad pagrindinis Rusijos Federacijos miestas turi savo vidin\u0119 generacij\u0105 ir \u201eyra gerai apsaugotas\u201c, tod\u0117l nebus lengva \u201ei\u0161jungti\u201c prie\u0161o sostin\u0119.<\/p>\n<p class=\"western\">\u201eEsu tikras, kad m\u016bs\u0173 nepilotuojamos sistemos gerai \u017eino, k\u0105 reikia padaryti, kad parodytume, jog \u0161\u012f \u017eaidim\u0105 gali \u017eaisti dviese\u201c, \u2013 apibendrino A. Char\u010denka.<\/p>\n<p class=\"western\">Ukraina suintensyvino atakas prie\u0161 Rusijos energetikos sistem\u0105. Spalio 31 d. nakt\u012f buvo u\u017epulta \u0161ilumin\u0117 elektrin\u0117 Oriole ir Vladimirskajos pastot\u0117, svarbi Rusijos energetikos pramonei.<\/p>\n<p class=\"western\">Spalio 11 d. gynybos paj\u0117gos u\u017epuol\u0117 \u0161ilumin\u0119 elektrin\u0119 Belgorode, d\u0117l kurios mieste nutr\u016bko elektros tiekimas.<\/p>\n<p class=\"western\">Nuolatini\u0173 elektros energijos tiekimo nutraukim\u0173 fone vietos vald\u017eia pataria vietos gyventojams kaupti generatorius ir alternatyvius energijos \u0161altinius, pripa\u017eindama, kad \u017eiem\u0105 ne\u012fmanoma apr\u016bpinti j\u0173 \u0161viesa ir \u0161iluma.<\/p>\n","protected":false},"excerpt":{"rendered":"Toki\u0105 prognoz\u0119 pateik\u0117 energetikos ekspertas Aleksandras Char\u010denka, ra\u0161o UNIAN. Jis paai\u0161kino, kad atsi\u017evelgiant \u012f didel\u012f laiko juost\u0173 skai\u010di\u0173&hellip;\n","protected":false},"author":2,"featured_media":34355,"comment_status":"","ping_status":"","sticky":false,"template":"","format":"standard","meta":{"footnotes":""},"categories":[15],"tags":[25,30,31,543,34,35,24,32,33,37,39,36,38,40,23,22,44,28,29,119,26,27,74,75,76],"class_list":{"0":"post-34354","1":"post","2":"type-post","3":"status-publish","4":"format-standard","5":"has-post-thumbnail","7":"category-pasaulis","8":"tag-antrastes","9":"tag-breaking-news","10":"tag-breakingnews","11":"tag-elektra","12":"tag-featured-news","13":"tag-featurednews","14":"tag-headlines","15":"tag-latest-news","16":"tag-latestnews","17":"tag-lietuva","18":"tag-lietuviu","19":"tag-lithuania","20":"tag-lithuanian","21":"tag-lt","22":"tag-naujienos","23":"tag-news","24":"tag-pasaulis","25":"tag-populiariausios-naujienos","26":"tag-populiariausiosnaujienos","27":"tag-rusija","28":"tag-top-stories","29":"tag-topstories","30":"tag-world","31":"tag-world-news","32":"tag-worldnews"},"share_on_mastodon":{"url":"https:\/\/pubeurope.com\/@lt\/115504998192869369","error":""},"_links":{"self":[{"href":"https:\/\/www.europesays.com\/lt\/wp-json\/wp\/v2\/posts\/34354","targetHints":{"allow":["GET"]}}],"collection":[{"href":"https:\/\/www.europesays.com\/lt\/wp-json\/wp\/v2\/posts"}],"about":[{"href":"https:\/\/www.europesays.com\/lt\/wp-json\/wp\/v2\/types\/post"}],"author":[{"embeddable":true,"href":"https:\/\/www.europesays.com\/lt\/wp-json\/wp\/v2\/users\/2"}],"replies":[{"embeddable":true,"href":"https:\/\/www.europesays.com\/lt\/wp-json\/wp\/v2\/comments?post=34354"}],"version-history":[{"count":0,"href":"https:\/\/www.europesays.com\/lt\/wp-json\/wp\/v2\/posts\/34354\/revisions"}],"wp:featuredmedia":[{"embeddable":true,"href":"https:\/\/www.europesays.com\/lt\/wp-json\/wp\/v2\/media\/34355"}],"wp:attachment":[{"href":"https:\/\/www.europesays.com\/lt\/wp-json\/wp\/v2\/media?parent=34354"}],"wp:term":[{"taxonomy":"category","embeddable":true,"href":"https:\/\/www.europesays.com\/lt\/wp-json\/wp\/v2\/categories?post=34354"},{"taxonomy":"post_tag","embeddable":true,"href":"https:\/\/www.europesays.com\/lt\/wp-json\/wp\/v2\/tags?post=34354"}],"curies":[{"name":"wp","href":"https:\/\/api.w.org\/{rel}","templated":true}]}}