{"id":34442,"date":"2025-11-07T03:09:17","date_gmt":"2025-11-07T03:09:17","guid":{"rendered":"https:\/\/www.europesays.com\/lt\/34442\/"},"modified":"2025-11-07T03:09:17","modified_gmt":"2025-11-07T03:09:17","slug":"diana-nausediene-suspindo-ryskiai-raudona-spalva-pasipuose-ypatingai-progai-tv3-lt","status":"publish","type":"post","link":"https:\/\/www.europesays.com\/lt\/34442\/","title":{"rendered":"Diana Naus\u0117dien\u0117 suspindo ry\u0161kiai raudona spalva: pasipuo\u0161\u0117 ypatingai progai &#8211; tv3.lt"},"content":{"rendered":"<ol>\n<li><a href=\"https:\/\/news.google.com\/rss\/articles\/CBMiuwFBVV95cUxOdUlQOVpIVXBqMUJtdDhSRDZqMFZNNy16REJtU3hSZFhlY0VfMUFQVS1Hd3hkaERXSXc1OTNoa0hFT2V2YnRKQXN2NkNMRFRZUjZhSmdYeGFzMHh3eXdfZmVfMkRWRDd3QnpyRTdYcDNpR0Jnd25ubHpxd09Sc2xkN1lIVzRwWGVkT2JfZzBGalRDTUtOb1RYYU0tcGhOLVR0MVlIdl91bUhGUDhrMWV2SVoxa1VuRWhiT204?oc=5\" target=\"_blank\" rel=\"nofollow noopener\">Diana Naus\u0117dien\u0117 suspindo ry\u0161kiai raudona spalva: pasipuo\u0161\u0117 ypatingai progai<\/a>&nbsp;&nbsp;tv3.lt<\/li>\n<li><a href=\"https:\/\/news.google.com\/rss\/articles\/CBMi0wFBVV95cUxPa0l3Wml4ZlA5OXRvX2ZSdUcxWGlkRU9XaFR2VWtsWnl6Wjd1OFhNdHYyOWNCRXU4VzhwckhLZjZLUEtkdGhzS3lTVFNhcklGT1VKNzZHYjdaNXRBdWFvektkR2t2ak9qdTBZVFlDcEV4VzBLbUJvbzBBWjduU2lTZUpHSkp2TDNzc0tXQXdOU2tOblpZYWR2X3ZycktxaGd6eGxkZlk2SlBHaklHN3UxVGVKSWs4ZFFSLUVJMC1WZ1p2WEJLOFByNUROTHE3NUpHSUZ3?oc=5\" target=\"_blank\" rel=\"nofollow noopener\">Kurtieji atletai \u012f deflimpines \u017eaidynes i\u0161lyd\u0117ti jausmingais palink\u0117jimais<\/a>&nbsp;&nbsp;Lrytas<\/li>\n<li><a href=\"https:\/\/news.google.com\/rss\/articles\/CBMipgFBVV95cUxOd3FUWmt0cmdacHZRTGktTTVsdHFKaEhwXzlhNzIyYmdCUVJyRG82Skg0dWt2X2w2a3NHLVQ0YW10WGR6YzNCanpTTG9sSzhrQzBRLWZKb3dsaU90WWR4dzlDajlLWGxRUDNfSTRnOFpsTWxESDFwa3pabngzRmE3Wk5XaGE0X0dOYUpGY0dvZElaenNZTEZtWXBzdkpMSWJRbklyZHRR?oc=5\" target=\"_blank\" rel=\"nofollow noopener\">\u201eKauno diena\u201c tapo kur\u010di\u0173j\u0173 sporto r\u0117m\u0117ja<\/a>&nbsp;&nbsp;Kauno diena<\/li>\n<li><a href=\"https:\/\/news.google.com\/rss\/articles\/CBMizAFBVV95cUxPLUE0R1ZtamtmLUxrSjZaNGEzY0lQcDdfZXJWbkJtMmk5aDkzZ1JrSFZTNlAwdElNN3ZRQnRTa1ZFcUJUMVF2NGFwdkptU0ZmalF0ZVJMMW9GOHpRMTBqaFpTTkZUWWtNNThCbndsTWZrSWVRdGxZNS1kM0FFSFlhMmtaVGtFUVZRa1BUektNSU01WkI5TVNYeFhJSWtkQ1JjVWo1UE1HYUE1QWNRd1FVR2E3Z0J6U1pUN1FfU0lCWi1wdGhkNTB5QXBqNDE?oc=5\" target=\"_blank\" rel=\"nofollow noopener\">Kur\u010di\u0173j\u0173 komiteto vadovas: d\u017eiugu, kad valstyb\u0117 pagaliau mato \u017emoni\u0173 su negalia sport\u0105<\/a>&nbsp;&nbsp;LRT<\/li>\n<li><a href=\"https:\/\/news.google.com\/rss\/articles\/CBMi4AFBVV95cUxQLUNXY252WmhsLVVubEt6cUFaLWYzUUk1Z3ZyNm5EQlBIN3JCcEVRUEs0bGFVYThZMmdhZkU3Q29fR0RJNFZGVWp6ekhqZEdObzkxNkRtQVphdkZma3V4a1RPLVp5ek8yUlZQRm5tcG14c3NPV18zT2c5UlJJclFZR2h0emRMUk9LZ2YxbHZ3c0JaejNlTEEtUjM2cVhMSnVRSHBtWW1ST0JPQUJBaFlrSHNDOFpNWkpUdWFYTFNaQmVGdnBVVWlPaVMtSWZMMk9fLU0tTXpxQTNmWWlTZ3lrWg?oc=5\" target=\"_blank\" rel=\"nofollow noopener\">Prezident\u016broje \u2013 sportinink\u0173 i\u0161lyd\u0117tuv\u0117s \u012f Kur\u010di\u0173j\u0173 vasaros \u017eaidynes Japonijoje<\/a>&nbsp;&nbsp;Kauno diena<\/li>\n<\/ol>\n","protected":false},"excerpt":{"rendered":"Diana Naus\u0117dien\u0117 suspindo ry\u0161kiai raudona spalva: pasipuo\u0161\u0117 ypatingai progai&nbsp;&nbsp;tv3.lt Kurtieji atletai \u012f deflimpines \u017eaidynes i\u0161lyd\u0117ti jausmingais palink\u0117jimais&nbsp;&nbsp;Lrytas \u201eKauno&hellip;\n","protected":false},"author":2,"featured_media":34443,"comment_status":"","ping_status":"","sticky":false,"template":"","format":"standard","meta":{"footnotes":""},"categories":[19],"tags":[9617,57,43,55,48,54,51,49,50,37,39,36,38,40,45,23,44,53,42,56,47,104,41,46,58,52],"class_list":{"0":"post-34442","1":"post","2":"type-post","3":"status-publish","4":"format-standard","5":"has-post-thumbnail","7":"category-sportas","8":"tag-2025-11-06-145500","9":"tag-daiktai","10":"tag-dienos-kronika","11":"tag-gatves-tekstai","12":"tag-gyvenimas","13":"tag-interneto-pievos","14":"tag-keliones","15":"tag-kultura","16":"tag-laisvalaikis","17":"tag-lietuva","18":"tag-lietuviu","19":"tag-lithuania","20":"tag-lithuanian","21":"tag-lt","22":"tag-mokslas-ir-it","23":"tag-naujienos","24":"tag-pasaulis","25":"tag-projektai","26":"tag-rinktiniai-tekstai","27":"tag-simtmecio-portalas","28":"tag-sportas","29":"tag-sports","30":"tag-tv3-lt","31":"tag-verslas","32":"tag-video","33":"tag-zaidimai"},"share_on_mastodon":{"url":"https:\/\/pubeurope.com\/@lt\/115506221092479818","error":""},"_links":{"self":[{"href":"https:\/\/www.europesays.com\/lt\/wp-json\/wp\/v2\/posts\/34442","targetHints":{"allow":["GET"]}}],"collection":[{"href":"https:\/\/www.europesays.com\/lt\/wp-json\/wp\/v2\/posts"}],"about":[{"href":"https:\/\/www.europesays.com\/lt\/wp-json\/wp\/v2\/types\/post"}],"author":[{"embeddable":true,"href":"https:\/\/www.europesays.com\/lt\/wp-json\/wp\/v2\/users\/2"}],"replies":[{"embeddable":true,"href":"https:\/\/www.europesays.com\/lt\/wp-json\/wp\/v2\/comments?post=34442"}],"version-history":[{"count":0,"href":"https:\/\/www.europesays.com\/lt\/wp-json\/wp\/v2\/posts\/34442\/revisions"}],"wp:featuredmedia":[{"embeddable":true,"href":"https:\/\/www.europesays.com\/lt\/wp-json\/wp\/v2\/media\/34443"}],"wp:attachment":[{"href":"https:\/\/www.europesays.com\/lt\/wp-json\/wp\/v2\/media?parent=34442"}],"wp:term":[{"taxonomy":"category","embeddable":true,"href":"https:\/\/www.europesays.com\/lt\/wp-json\/wp\/v2\/categories?post=34442"},{"taxonomy":"post_tag","embeddable":true,"href":"https:\/\/www.europesays.com\/lt\/wp-json\/wp\/v2\/tags?post=34442"}],"curies":[{"name":"wp","href":"https:\/\/api.w.org\/{rel}","templated":true}]}}