{"id":34630,"date":"2025-11-07T09:15:09","date_gmt":"2025-11-07T09:15:09","guid":{"rendered":"https:\/\/www.europesays.com\/lt\/34630\/"},"modified":"2025-11-07T09:15:09","modified_gmt":"2025-11-07T09:15:09","slug":"cekijos-parlamento-pirmininkas-nurode-nukabinti-ukrainos-veliava","status":"publish","type":"post","link":"https:\/\/www.europesays.com\/lt\/34630\/","title":{"rendered":"\u010cekijos parlamento pirmininkas nurod\u0117 nukabinti Ukrainos v\u0117liav\u0105"},"content":{"rendered":"<p>Keletas \u010cekijos politini\u0173 partij\u0173 \u2013 ODS, STAN ir \u201ePiratai\u201c \u2013 savo iniciatyva papuo\u0161\u0117 b\u016bstini\u0173 langus Ukrainos v\u0117liavomis.<\/p>\n<p>\u201eODS nusprend\u0117 nedelsiant i\u0161taisyti pirm\u0105j\u012f naujojo Atstov\u0173 R\u016bm\u0173 pirmininko T. Okamuros \u017eingsn\u012f. Ukrainos v\u0117liava sugr\u012f\u017eo \u012f R\u016bmus ir kabo m\u016bs\u0173 frakcijos languose\u201c, \u2013 parei\u0161k\u0117 partijos atstovai.<\/p>\n<p>\u201ePonas T. Okamura pirm\u0105j\u0105 darbo naujosiose pareigose dien\u0105 parod\u0117, kad vienintelis dalykas, kur\u012f sugeba, \u2013 niekinti tokias vertybes kaip solidarumas ir dr\u0105sa palaikyti \u0161al\u012f, kuri\u0105 u\u017epuol\u0117 Rusija\u201c, \u2013 pakomentavo partija STAN.<\/p>\n<p>\u201eM\u016bs\u0173 partijoje niekas nesikei\u010dia \u2013 v\u0117liav\u0105, kuri\u0105 \u0161iandien g\u0117dingai nukabino T. Okamura, sugr\u0105\u017einame ant Atstov\u0173 R\u016bm\u0173 pastato. \u0160lov\u0117 Ukrainai. Herojams \u2013 garb\u0117\u201c, \u2013 pa\u017eym\u0117jo \u201ePiratai\u201c.<\/p>\n","protected":false},"excerpt":{"rendered":"Keletas \u010cekijos politini\u0173 partij\u0173 \u2013 ODS, STAN ir \u201ePiratai\u201c \u2013 savo iniciatyva papuo\u0161\u0117 b\u016bstini\u0173 langus Ukrainos v\u0117liavomis. \u201eODS&hellip;\n","protected":false},"author":2,"featured_media":34631,"comment_status":"","ping_status":"","sticky":false,"template":"","format":"standard","meta":{"footnotes":""},"categories":[15],"tags":[25,30,31,3167,34,35,24,32,33,37,39,36,38,40,23,22,44,28,29,26,27,5201,74,75,76],"class_list":{"0":"post-34630","1":"post","2":"type-post","3":"status-publish","4":"format-standard","5":"has-post-thumbnail","7":"category-pasaulis","8":"tag-antrastes","9":"tag-breaking-news","10":"tag-breakingnews","11":"tag-cekija","12":"tag-featured-news","13":"tag-featurednews","14":"tag-headlines","15":"tag-latest-news","16":"tag-latestnews","17":"tag-lietuva","18":"tag-lietuviu","19":"tag-lithuania","20":"tag-lithuanian","21":"tag-lt","22":"tag-naujienos","23":"tag-news","24":"tag-pasaulis","25":"tag-populiariausios-naujienos","26":"tag-populiariausiosnaujienos","27":"tag-top-stories","28":"tag-topstories","29":"tag-ukrainos-veliava","30":"tag-world","31":"tag-world-news","32":"tag-worldnews"},"share_on_mastodon":{"url":"https:\/\/pubeurope.com\/@lt\/115507660332908644","error":""},"_links":{"self":[{"href":"https:\/\/www.europesays.com\/lt\/wp-json\/wp\/v2\/posts\/34630","targetHints":{"allow":["GET"]}}],"collection":[{"href":"https:\/\/www.europesays.com\/lt\/wp-json\/wp\/v2\/posts"}],"about":[{"href":"https:\/\/www.europesays.com\/lt\/wp-json\/wp\/v2\/types\/post"}],"author":[{"embeddable":true,"href":"https:\/\/www.europesays.com\/lt\/wp-json\/wp\/v2\/users\/2"}],"replies":[{"embeddable":true,"href":"https:\/\/www.europesays.com\/lt\/wp-json\/wp\/v2\/comments?post=34630"}],"version-history":[{"count":0,"href":"https:\/\/www.europesays.com\/lt\/wp-json\/wp\/v2\/posts\/34630\/revisions"}],"wp:featuredmedia":[{"embeddable":true,"href":"https:\/\/www.europesays.com\/lt\/wp-json\/wp\/v2\/media\/34631"}],"wp:attachment":[{"href":"https:\/\/www.europesays.com\/lt\/wp-json\/wp\/v2\/media?parent=34630"}],"wp:term":[{"taxonomy":"category","embeddable":true,"href":"https:\/\/www.europesays.com\/lt\/wp-json\/wp\/v2\/categories?post=34630"},{"taxonomy":"post_tag","embeddable":true,"href":"https:\/\/www.europesays.com\/lt\/wp-json\/wp\/v2\/tags?post=34630"}],"curies":[{"name":"wp","href":"https:\/\/api.w.org\/{rel}","templated":true}]}}