{"id":34961,"date":"2025-11-07T16:19:14","date_gmt":"2025-11-07T16:19:14","guid":{"rendered":"https:\/\/www.europesays.com\/lt\/34961\/"},"modified":"2025-11-07T16:19:14","modified_gmt":"2025-11-07T16:19:14","slug":"naujausia-gintauto-stankunaviciaus-oru-apzvalga-prognozes-del-atsalimo-pasikeite","status":"publish","type":"post","link":"https:\/\/www.europesays.com\/lt\/34961\/","title":{"rendered":"Naujausia Gintauto Stank\u016bnavi\u010diaus or\u0173 ap\u017evalga: prognoz\u0117s d\u0117l at\u0161alimo pasikeit\u0117"},"content":{"rendered":"<p>Lapkritis Lietuvoje prasid\u0117jo labai \u0161velniais orais ir kol kas jie \u0161al\u010diui vietos u\u017eleisti nenori. Per pirm\u0105sias \u0161io m\u0117nesio dienas vidutin\u0117 paros oro temperat\u016bra paj\u016bryje siek\u0117 beveik +10 \u00b0C, \u0161alies rytuose +7,2 \u2013 +7,8 \u00b0C, o tai 1\u20132,5 \u00b0C \u0161il\u010diau u\u017e daugiamet\u0119 norm\u0105.<\/p>\n<p>D\u0117l labai gili\u0173 ciklon\u0173 vir\u0161 \u0160iaur\u0117s Atlanto, kuriuos dar sustiprino tropini\u0173 s\u016bkuri\u0173 liku\u010diai atkeliav\u0119 i\u0161 Karib\u0173 baseino, susidar\u0117 palankios s\u0105lygos stipriems pietvakari\u0173\u2013vakar\u0173 krypties oro srautams \u012f Vidurio ir \u0160iaur\u0117s Europ\u0105. Tai yra, oro mas\u0117s \u012f \u0161iuos regionus keliavo nuo subtropini\u0173 Atlanto akvatorij\u0173 ir l\u0117m\u0117 \u0161iltus bei vidutini\u0161kai dr\u0117gnus orus.<\/p>\n<p>Jeigu tokios s\u0105lygos b\u016bt\u0173 susidar\u0119 spalio m\u0117nesio pirmoje pus\u0117je b\u016btume tur\u0117j\u0119 bent savait\u0119 puikios \u201ebob\u0173\u201c vasaros. Dabar gi d\u0117l trumpo \u0161viesaus paros meto ir ma\u017eo saul\u0117s auk\u0161\u010dio vir\u0161 horizonto turime tik \u0161iltesnius nei \u012fprasta lapkri\u010dio prad\u017eios orus. \u0160\u012f savaitgal\u012f \u0161is \u0161ilto ir dr\u0117gno oro tiekimas nuo Atlanto \u012f Baltijos region\u0105 bus kiek pristabdytas, ta\u010diau visi\u0161kai i\u0161 regiono \u0161ilta oro mas\u0117 nepasitrauks. Tiesa, \u012fsivyrav\u0119s auk\u0161tesnio sl\u0117gio laukas lems v\u0117sesnes naktis, na ir dienos bus laipsniu kitu \u0161altesn\u0117s, negu buvo iki dabar.<\/p>\n<blockquote class=\"leftside\">\n<p>Pagal kai kuriuos or\u0173 raidos scenarijus (prognozes) Lietuvoje tur\u0117jo b\u016bti neigiama oro temperat\u016bra ne tik nakt\u012f, bet ir dien\u0105. Ta\u010diau \u0161ios ni\u016brios prognoz\u0117s \u0161ios savait\u0117s viduryje pasikeit\u0117.<\/p>\n<\/blockquote>\n<p>Dar pra\u0117jusi\u0105 savait\u0119 buvo skelbiama, kad antr\u0105 lapkri\u010dio de\u0161imtadien\u012f laukia \u017eymus at\u0161alimas d\u0117l poliarinio anticiklono veiklos vir\u0161 Baltijos regiono ir Ryt\u0173 Europos. Pagal kai kuriuos or\u0173 raidos scenarijus (prognozes) Lietuvoje tur\u0117jo b\u016bti neigiama oro temperat\u016bra ne tik nakt\u012f, bet ir dien\u0105. Ta\u010diau \u0161ios ni\u016brios prognoz\u0117s \u0161ios savait\u0117s viduryje pasikeit\u0117 ir prognozuota \u0161al\u010dio banga, tik\u0117tina, praslinks toliau nuo m\u016bs\u0173 \u2013 vir\u0161 \u0161iaurin\u0117s Skandinavijos, Baltosios j\u016bros regiono ir toliau link Kamos ir Pe\u010dioros upi\u0173 baseino bei \u0161iaurinio Uralo. Dar viena \u0161al\u010dio (ar \u0161alto oro) banga tur\u0117t\u0173 atkeliauti \u012f Vidurio Skandinavij\u0105 kitos savait\u0117s pabaigoje. Bet ir ta, prognozuojama, bus trumpalaik\u0117. Remiantis net trimis skirtingais scenarijais bent iki tre\u010dio \u0161io m\u0117nesio de\u0161imtadienio jokia \u0161alto oro porcija netur\u0117t\u0173 pasiekti Lietuvos.<\/p>\n<p>\u0160\u012f \u0161e\u0161tadien\u012f\u2013sekmadien\u012f Lietuvoje vyraus silpnas v\u0117jas (daugiausia pietini\u0173 kryp\u010di\u0173), naktimis daug kur r\u016bkai, dienomis \u2013 besikei\u010diantis debesuotumas. Maksimali dienos oro temperat\u016bra bus +6 \u2013 +11 \u00b0C. Pana\u0161\u016bs, ta\u010diau kiek v\u0117sesni orai bus ir kitos savait\u0117s pirmoje pus\u0117je. \u017dymesni\u0173 krituli\u0173 nelaukiama, tik antradien\u012f d\u0117l tik\u0117tino pietinio ciklono vir\u0161 Ukrainos prognozuojami nedideli krituliai rytiniuose Lietuvos rajonuose. Antroje kitos savait\u0117s pus\u0117je \u017eymesni\u0173 or\u0173 poky\u010di\u0173 nelaukiama, nors ir prognoz\u0117s tam laikotarpiui n\u0117ra labai tikslios.<\/p>\n<blockquote class=\"leftside\">\n<p>Remiantis net trimis skirtingais scenarijais bent iki tre\u010dio \u0161io m\u0117nesio de\u0161imtadienio jokia \u0161alto oro porcija netur\u0117t\u0173 pasiekti Lietuvos.<\/p>\n<\/blockquote>\n<p>Beveik visoje Europoje, tiek dabar, tiek artimiausi\u0105 savait\u0119 orai bus \u0161iltesni, nei \u012fprastai. Did\u017eiausia teigiama oro temperat\u016bros anomalija prognozuojama pietinei Rusijos daliai ir rytinei Ukrainos. \u0160altesni nei \u012fprasta tokiu metu orai bus Islandijoje ir pa\u010dioje Skandinavijos \u0161iaur\u0117je. Tiesa, kiek pana\u0161esni\u0173 \u012f vasari\u0161kus, o tiksliau \u012f \u0161ilto rudens orus (nes ten dar prognozuojami ir krituliai) bus galima tik\u0117tis Andal\u016bzijos (Ispanija) pietuose bei pietin\u0117je Turkijos pakrant\u0117je ir Kipre. Ta\u010diau net ir min\u0117tose vietov\u0117se naktys jau bus v\u0117sios.<\/p>\n<p>Kitos savait\u0117s pabaigoje \u017eymesnis or\u0173 atv\u0117simas prognozuojamas \u0160kotijoje, Norvegijoje bei \u0161iaurin\u0117je \u0160vedijos dalyje. Vidurio ir Ryt\u0173 Europoje bus daugiausia sausi ar su nedideliais krituliais orai, o aktyvi frontin\u0117 veikla su intensyvesniais krituliais (kalnuose su sniegu) prognozuojama pa\u010diame vakariniame Europos pakra\u0161tyje (Portugalija, Airija, \u0160kotija ir kt.) ir Skandinavijoje.<\/p>\n<p>JAV stipresn\u0117 \u0161al\u010dio banga pasieks jau kitos savait\u0117s pirmoje pus\u0117je ir, kaip prognozuojama, \u201epersiritusi\u201c per rytin\u0119 jos dal\u012f bei susilpn\u0117jusi pasieks net Meksikos \u012flankos pakrant\u0119.<\/p>\n<p>Ilgalaiki\u0173 or\u0173 prognozi\u0173 duomenys rodo, kad \u0161io m\u0117nesio pabaiga bei kito m\u0117nesio prad\u017eia Baltijos regiono pietin\u0117je ir pietrytin\u0117je dalyse (t.y. ir pas mus) bus \u0161iltesn\u0117 ir dr\u0117gnesn\u0117 u\u017e norm\u0105, o v\u0117liau gruod\u012f numatoma artima normai tiek oro temperat\u016bra, tiek krituli\u0173 kiekis.<\/p>\n","protected":false},"excerpt":{"rendered":"Lapkritis Lietuvoje prasid\u0117jo labai \u0161velniais orais ir kol kas jie \u0161al\u010diui vietos u\u017eleisti nenori. Per pirm\u0105sias \u0161io m\u0117nesio&hellip;\n","protected":false},"author":2,"featured_media":34962,"comment_status":"","ping_status":"","sticky":false,"template":"","format":"standard","meta":{"footnotes":""},"categories":[6],"tags":[25,30,31,34,35,24,32,33,37,39,36,38,40,23,22,28,29,26,27],"class_list":{"0":"post-34961","1":"post","2":"type-post","3":"status-publish","4":"format-standard","5":"has-post-thumbnail","7":"category-antrastes","8":"tag-antrastes","9":"tag-breaking-news","10":"tag-breakingnews","11":"tag-featured-news","12":"tag-featurednews","13":"tag-headlines","14":"tag-latest-news","15":"tag-latestnews","16":"tag-lietuva","17":"tag-lietuviu","18":"tag-lithuania","19":"tag-lithuanian","20":"tag-lt","21":"tag-naujienos","22":"tag-news","23":"tag-populiariausios-naujienos","24":"tag-populiariausiosnaujienos","25":"tag-top-stories","26":"tag-topstories"},"share_on_mastodon":{"url":"https:\/\/pubeurope.com\/@lt\/115509327571329582","error":""},"_links":{"self":[{"href":"https:\/\/www.europesays.com\/lt\/wp-json\/wp\/v2\/posts\/34961","targetHints":{"allow":["GET"]}}],"collection":[{"href":"https:\/\/www.europesays.com\/lt\/wp-json\/wp\/v2\/posts"}],"about":[{"href":"https:\/\/www.europesays.com\/lt\/wp-json\/wp\/v2\/types\/post"}],"author":[{"embeddable":true,"href":"https:\/\/www.europesays.com\/lt\/wp-json\/wp\/v2\/users\/2"}],"replies":[{"embeddable":true,"href":"https:\/\/www.europesays.com\/lt\/wp-json\/wp\/v2\/comments?post=34961"}],"version-history":[{"count":0,"href":"https:\/\/www.europesays.com\/lt\/wp-json\/wp\/v2\/posts\/34961\/revisions"}],"wp:featuredmedia":[{"embeddable":true,"href":"https:\/\/www.europesays.com\/lt\/wp-json\/wp\/v2\/media\/34962"}],"wp:attachment":[{"href":"https:\/\/www.europesays.com\/lt\/wp-json\/wp\/v2\/media?parent=34961"}],"wp:term":[{"taxonomy":"category","embeddable":true,"href":"https:\/\/www.europesays.com\/lt\/wp-json\/wp\/v2\/categories?post=34961"},{"taxonomy":"post_tag","embeddable":true,"href":"https:\/\/www.europesays.com\/lt\/wp-json\/wp\/v2\/tags?post=34961"}],"curies":[{"name":"wp","href":"https:\/\/api.w.org\/{rel}","templated":true}]}}