{"id":35026,"date":"2025-11-07T17:59:14","date_gmt":"2025-11-07T17:59:14","guid":{"rendered":"https:\/\/www.europesays.com\/lt\/35026\/"},"modified":"2025-11-07T17:59:14","modified_gmt":"2025-11-07T17:59:14","slug":"samsung-ir-vel-remsis-qualcomm-lustais-galaxy-s26-irenginiai-naudos-jav-bendroves-lustus","status":"publish","type":"post","link":"https:\/\/www.europesays.com\/lt\/35026\/","title":{"rendered":"\u201eSamsung\u201c ir v\u0117l remsis \u201eQualcomm\u201c lustais? \u201eGalaxy S26\u201c \u012frenginiai naudos JAV bendrov\u0117s lustus"},"content":{"rendered":"<p>Kor\u0117jos mil\u017ein\u0117 \u201eSamsung\u201c jau ruo\u0161ia ir 2026 met\u0173 flagmanus, apie kuriuos pasirodo vis daugiau \u012fvairi\u0173 prane\u0161im\u0173. Anks\u010diau buvo pasirod\u0119 gand\u0173, jog bendrov\u0117 savo naujienas gali pristatyti tik kovo m\u0117nes\u012f.<\/p>\n<p>Remiantis naujausia informacija, \u201eGalaxy Unpacked\u201c renginys kit\u0105met \u012fvyks vasario 25 dien\u0105. Spaudos konferencija bus surengta San Franciske ir, \u017einoma, kar\u0161iausia vakaro naujiena taps \u201eGalaxy S26\u201c serijos i\u0161manieji telefonai.<\/p>\n<p>Dabar ai\u0161k\u0117ja, jog naujieji \u201eSamsung\u201c flagmanai bus paremti \u201eQualcomm\u201c sukurtais mikroschem\u0173 rinkiniais. JAV bendrov\u0117 tikisi, kad ma\u017edaug 75 proc. \u201eGalaxy S26\u201c serijos i\u0161mani\u0173j\u0173 naudos b\u016btent \u201eSnapdragon 8 Elite Gen 5\u201c lustus.<\/p>\n<p><img loading=\"lazy\" decoding=\"async\" style=\"aspect-ratio:632\/356;\" src=\"https:\/\/bilis.lt\/assets\/nuotraukos\/_tekstuose\/785878\/Galaxy-S25.avif\" width=\"632\" height=\"356\" alt=\"\"\/><\/p>\n<p>Paklausti apie \u201eSamsung\u201c pastangas vystyti vidinius modemus ir procesorius, \u201eQualcomm\u201c atstovai neparod\u0117 nerimo. Prie\u0161ingai, pabr\u0117\u017e\u0117, kad partneryst\u0117 su Piet\u0173 Kor\u0117jos mil\u017eine i\u0161lieka tvirta, o \u201eSnapdragon\u201c ir toliau bus pagrindinis lustas \u201eGalaxy\u201d telefonuose.<\/p>\n<p>\u201eAnks\u010diau m\u016bs\u0173 dalis \u201eGalaxy\u201d telefonuose siekdavo apie 50 proc., dabar tai jau standartas \u2013 75 proc.\u201c, \u2013 teig\u0117 \u201eQualcomm\u201c atstovas. \u201eSu \u201eGalaxy S25\u201c tur\u0117jome 100 proc. dal\u012f. Kiekvienam naujam \u201eGalaxy\u201d modeliui m\u016bs\u0173 prognoz\u0117 i\u0161lieka 75 proc. Tai taikome ir \u201eGalaxy S26\u201c.<\/p>\n<p>Toks parei\u0161kimas rodo \u201eQualcomm\u201c pasitik\u0117jim\u0105, kad \u201eSamsung Galaxy S26\u201c serijos modeli\u0173 did\u017eioji dalis vis dar remsis j\u0173 sprendimais, nepaisant \u201eSamsung\u201c gr\u012f\u017eimo prie dviej\u0173 skirting\u0173 procesori\u0173 strategijos.<\/p>\n","protected":false},"excerpt":{"rendered":"Kor\u0117jos mil\u017ein\u0117 \u201eSamsung\u201c jau ruo\u0161ia ir 2026 met\u0173 flagmanus, apie kuriuos pasirodo vis daugiau \u012fvairi\u0173 prane\u0161im\u0173. Anks\u010diau buvo&hellip;\n","protected":false},"author":2,"featured_media":35027,"comment_status":"","ping_status":"","sticky":false,"template":"","format":"standard","meta":{"footnotes":""},"categories":[17],"tags":[6450,1684,4101,81,5726,37,39,36,38,40,9722,9723,9721,9720,9085,1403,2300,46],"class_list":{"0":"post-35026","1":"post","2":"type-post","3":"status-publish","4":"format-standard","5":"has-post-thumbnail","7":"category-verslas","8":"tag-galaxy","9":"tag-qualcomm","10":"tag-bendroves","11":"tag-business","12":"tag-irenginiai","13":"tag-lietuva","14":"tag-lietuviu","15":"tag-lithuania","16":"tag-lithuanian","17":"tag-lt","18":"tag-lustais","19":"tag-lustus","20":"tag-naudos","21":"tag-remsis","22":"tag-s26","23":"tag-samsung","24":"tag-vel","25":"tag-verslas"},"share_on_mastodon":{"url":"https:\/\/pubeurope.com\/@lt\/115509720793828182","error":""},"_links":{"self":[{"href":"https:\/\/www.europesays.com\/lt\/wp-json\/wp\/v2\/posts\/35026","targetHints":{"allow":["GET"]}}],"collection":[{"href":"https:\/\/www.europesays.com\/lt\/wp-json\/wp\/v2\/posts"}],"about":[{"href":"https:\/\/www.europesays.com\/lt\/wp-json\/wp\/v2\/types\/post"}],"author":[{"embeddable":true,"href":"https:\/\/www.europesays.com\/lt\/wp-json\/wp\/v2\/users\/2"}],"replies":[{"embeddable":true,"href":"https:\/\/www.europesays.com\/lt\/wp-json\/wp\/v2\/comments?post=35026"}],"version-history":[{"count":0,"href":"https:\/\/www.europesays.com\/lt\/wp-json\/wp\/v2\/posts\/35026\/revisions"}],"wp:featuredmedia":[{"embeddable":true,"href":"https:\/\/www.europesays.com\/lt\/wp-json\/wp\/v2\/media\/35027"}],"wp:attachment":[{"href":"https:\/\/www.europesays.com\/lt\/wp-json\/wp\/v2\/media?parent=35026"}],"wp:term":[{"taxonomy":"category","embeddable":true,"href":"https:\/\/www.europesays.com\/lt\/wp-json\/wp\/v2\/categories?post=35026"},{"taxonomy":"post_tag","embeddable":true,"href":"https:\/\/www.europesays.com\/lt\/wp-json\/wp\/v2\/tags?post=35026"}],"curies":[{"name":"wp","href":"https:\/\/api.w.org\/{rel}","templated":true}]}}