{"id":35090,"date":"2025-11-07T19:09:23","date_gmt":"2025-11-07T19:09:23","guid":{"rendered":"https:\/\/www.europesays.com\/lt\/35090\/"},"modified":"2025-11-07T19:09:23","modified_gmt":"2025-11-07T19:09:23","slug":"su-vyriskais-ir-moteriskais-lytiniais-organais-gimes-ukininkas-skaudzia-tiesa-suzinojo-tik-po-daugybes-metu","status":"publish","type":"post","link":"https:\/\/www.europesays.com\/lt\/35090\/","title":{"rendered":"Su vyri\u0161kais ir moteri\u0161kais lytiniais organais gim\u0119s \u016bkininkas skaud\u017ei\u0105 ties\u0105 su\u017einojo tik po daugyb\u0117s met\u0173"},"content":{"rendered":"\n<p>Robas Wilsonas, pauk\u0161tininkyst\u0117s \u016bk\u012f turintis \u016bkininkas i\u0161 Australijos, gim\u0117 tur\u0117damas tiek vyri\u0161kus, tiek moteri\u0161kus lytinius organus, ta\u010diau kai jam buvo tik trys dienos, gydytojai nusprend\u0117, kad jis bus \u201evyri\u0161kos\u201c lyties.<\/p>\n<p>\u201eGydytojai nusprend\u0117, kadangi \u0161lapinausi per varp\u0105, kad b\u016bsiu berniuku. Jie tiesiog u\u017esiuvo mak\u0161t\u012f, buvo \u0161e\u0161ios si\u016bl\u0117s\u201c, \u2013 prisimin\u0119s situacij\u0105 \u201eABC\u201c eteryje pasakojo Robas.<\/p>\n<p>   Ties\u0105 su\u017einojo po daugyb\u0117s met\u0173 <\/p>\n<p>Po operacijos Robas gyveno \u012fprast\u0105 vyro gyvenim\u0105, ta\u010diau jo kasdienyb\u0117je netr\u016bko sunkum\u0173 \u2013 net jo motina abejojo savo ry\u0161iu su juo, su\u017einojusi apie jo situacij\u0105, ra\u0161o\u00a0unilad.com.<\/p>\n<p>\u201eNe\u017einau, kod\u0117l tu esi mano vaikas, kaip Dievas man gal\u0117jo duoti tok\u012f vaik\u0105\u201c, \u2013 mamos \u017eod\u017eius prisimin\u0117 jis.<\/p>\n<p>Nuo a\u0161tuoneri\u0173 met\u0173 jam taip pat buvo skiriami testosterono papildai, kurie suk\u0117l\u0117 daugyb\u0119 sveikatos problem\u0173 \u2013 jo mokymasis taip pat nukent\u0117jo, nes nuolat buvo pa\u0161iepiamas.<\/p>\n<p>Robui taip pat buvo sunku su broliais \u2013 vienas j\u0173 kart\u0105 pasak\u0117: \u201eTu esi pusiau kaip a\u0161 ir pusiau kaip m\u016bs\u0173 sesuo.\u201c<\/p>\n<p>Nors vis\u0105 gyvenim\u0105 jaut\u0117si kitoks, tik \u012f\u017eeng\u0119s \u012f \u0161e\u0161t\u0105j\u0105 de\u0161imt\u012f\u00a0Robas gal\u0173 gale su\u017einojo ties\u0105 apie savo genetik\u0105. Tiesa paai\u0161k\u0117jo, kai jo mir\u0161tanti teta jam visk\u0105 pasak\u0117.<\/p>\n<p>\u201eJi man paskambino ir pasak\u0117: \u201eTu geriau atva\u017eiuok, turiu tau svarbios informacijos\u201c, \u2013 prisimin\u0117 jis.<\/p>\n<p>Tada ji atskleid\u0117, kad Robas gim\u0117 su retu chromosom\u0173 sutrikimu, vadinamu 48 XXXY, kuris pasitaiko nuo vieno i\u0161 17 t\u016bkst. iki vieno i\u0161 50 t\u016bkst. vyr\u0173 visame pasaulyje.<\/p>\n<p>         <a href=\"https:\/\/www.tv3.lt\/Uploads\/UGallery\/photos\/72\/f8\/24\/5d\/72f8245d9a7f04dad4e2fca49f9af97a.jpg\" data-fancybox=\"photos-embed\" data-caption=\"Robas Wilsonas (nuotr. Twitter)\" target=\"_self\" rel=\"nofollow noopener\"> <img decoding=\"async\" class=\"photo-inside-article\" align=\"center\" alt=\"Robas Wilsonas (nuotr. Twitter)\" title=\"Robas Wilsonas (nuotr. Twitter)\" src=\"https:\/\/www.europesays.com\/lt\/wp-content\/uploads\/2025\/11\/72f8245d9a7f04dad4e2fca49f9af97a.jpg\" width=\"684\" height=\"654\" loading=\"lazy\" \/> <\/a>       Paai\u0161k\u0117jus tiesai viskas pasikeit\u0117 <\/p>\n<p>Su\u017einojus ties\u0105, staiga Robui viskas tapo ai\u0161kiau. Jis dabar tiki, kad skausmas, kur\u012f jaut\u0117 dirbdamas darbus, i\u0161 ties\u0173 buvo \u017eenklas, kad prasid\u0117jo menstruacijos.<\/p>\n<p>Jis taip pat mano, kad didelis gele\u017eies kiekis jo kraujyje gali b\u016bti d\u0117l susikaupusio m\u0117nesini\u0173 kraujo, kuris negal\u0117jo pasi\u0161alinti po vaikyst\u0117je atliktos operacijos.<\/p>\n<p>Nors n\u0117ra oficialiai nustatyta, kod\u0117l Robas gim\u0117 su \u0161ia b\u016bkle, jis pats mano, kad tai gali b\u016bti susij\u0119 su tuo, k\u0105 jo t\u0117vas patyr\u0117 Antrojo pasaulinio karo metu.<\/p>\n<p>Karo metu jo t\u0117vas buvo paimtas \u012f nelaisv\u0119 ir tapo vokie\u010di\u0173 karo belaisviu, o naciai jam \u201eka\u017ek\u0105 \u0161virk\u0161t\u0117\u201c.<\/p>\n<p>Su\u017einoj\u0119s ties\u0105 apie savo lyt\u012f, Robas praleido pastaruosius 14 met\u0173 keliaudamas \u012f Ukrain\u0105 tam, kad gaut\u0173 gydym\u0105, kuris jo gimtojoje Australijoje n\u0117ra teis\u0117tai leid\u017eiamas.<\/p>\n<p>Dabar jis kasdien vartoja kontraceptines tabletes, augimo hormonus ir testosterono slopintoj\u0105, kad gal\u0117t\u0173 gyventi patogiau \u2013 tai itin svarbu, nes medikai nustat\u0117, kad biologi\u0161kai jis yra labiau moteris nei vyras.<\/p>\n<p>Pri\u0117m\u0119s savo tikr\u0105j\u0105 tapatyb\u0119, Robas taip pat prad\u0117jo keliauti po pasaul\u012f ir skaityti paskaitas universitetuose, kad didint\u0173 informuotum\u0105 apie interseksualum\u0105.<\/p>\n<p>Kalb\u0117damas apie \u0161ios misijos svarb\u0105, Robas prid\u016br\u0117: \u201eTikiuosi, kad kitam varg\u0161ui, tokiam kaip a\u0161, pasiseks labiau nei man. Ir jei tokie kaip a\u0161 to nepasakos ir nevie\u0161ins, tai t\u0119sis toliau.\u201c<\/p>\n","protected":false},"excerpt":{"rendered":"Robas Wilsonas, pauk\u0161tininkyst\u0117s \u016bk\u012f turintis \u016bkininkas i\u0161 Australijos, gim\u0117 tur\u0117damas tiek vyri\u0161kus, tiek moteri\u0161kus lytinius organus, ta\u010diau kai&hellip;\n","protected":false},"author":2,"featured_media":35091,"comment_status":"","ping_status":"","sticky":false,"template":"","format":"standard","meta":{"footnotes":""},"categories":[15],"tags":[9737,25,30,31,57,43,34,35,55,48,24,54,51,49,50,32,33,37,39,36,38,40,45,23,22,44,28,29,53,42,56,47,26,27,41,46,58,74,75,76,52],"class_list":{"0":"post-35090","1":"post","2":"type-post","3":"status-publish","4":"format-standard","5":"has-post-thumbnail","7":"category-pasaulis","8":"tag-2025-11-06-145000","9":"tag-antrastes","10":"tag-breaking-news","11":"tag-breakingnews","12":"tag-daiktai","13":"tag-dienos-kronika","14":"tag-featured-news","15":"tag-featurednews","16":"tag-gatves-tekstai","17":"tag-gyvenimas","18":"tag-headlines","19":"tag-interneto-pievos","20":"tag-keliones","21":"tag-kultura","22":"tag-laisvalaikis","23":"tag-latest-news","24":"tag-latestnews","25":"tag-lietuva","26":"tag-lietuviu","27":"tag-lithuania","28":"tag-lithuanian","29":"tag-lt","30":"tag-mokslas-ir-it","31":"tag-naujienos","32":"tag-news","33":"tag-pasaulis","34":"tag-populiariausios-naujienos","35":"tag-populiariausiosnaujienos","36":"tag-projektai","37":"tag-rinktiniai-tekstai","38":"tag-simtmecio-portalas","39":"tag-sportas","40":"tag-top-stories","41":"tag-topstories","42":"tag-tv3-lt","43":"tag-verslas","44":"tag-video","45":"tag-world","46":"tag-world-news","47":"tag-worldnews","48":"tag-zaidimai"},"share_on_mastodon":{"url":"","error":"Validation failed: Text character limit of 500 exceeded"},"_links":{"self":[{"href":"https:\/\/www.europesays.com\/lt\/wp-json\/wp\/v2\/posts\/35090","targetHints":{"allow":["GET"]}}],"collection":[{"href":"https:\/\/www.europesays.com\/lt\/wp-json\/wp\/v2\/posts"}],"about":[{"href":"https:\/\/www.europesays.com\/lt\/wp-json\/wp\/v2\/types\/post"}],"author":[{"embeddable":true,"href":"https:\/\/www.europesays.com\/lt\/wp-json\/wp\/v2\/users\/2"}],"replies":[{"embeddable":true,"href":"https:\/\/www.europesays.com\/lt\/wp-json\/wp\/v2\/comments?post=35090"}],"version-history":[{"count":0,"href":"https:\/\/www.europesays.com\/lt\/wp-json\/wp\/v2\/posts\/35090\/revisions"}],"wp:featuredmedia":[{"embeddable":true,"href":"https:\/\/www.europesays.com\/lt\/wp-json\/wp\/v2\/media\/35091"}],"wp:attachment":[{"href":"https:\/\/www.europesays.com\/lt\/wp-json\/wp\/v2\/media?parent=35090"}],"wp:term":[{"taxonomy":"category","embeddable":true,"href":"https:\/\/www.europesays.com\/lt\/wp-json\/wp\/v2\/categories?post=35090"},{"taxonomy":"post_tag","embeddable":true,"href":"https:\/\/www.europesays.com\/lt\/wp-json\/wp\/v2\/tags?post=35090"}],"curies":[{"name":"wp","href":"https:\/\/api.w.org\/{rel}","templated":true}]}}