{"id":35253,"date":"2025-11-08T06:23:11","date_gmt":"2025-11-08T06:23:11","guid":{"rendered":"https:\/\/www.europesays.com\/lt\/35253\/"},"modified":"2025-11-08T06:23:11","modified_gmt":"2025-11-08T06:23:11","slug":"enefit-pakele-mokesti-kaip-elgsis-kiti-tiekejai-fiksuotos-kainos-ir-mokesciai","status":"publish","type":"post","link":"https:\/\/www.europesays.com\/lt\/35253\/","title":{"rendered":"\u201eEnefit\u201c pak\u0117l\u0117 mokest\u012f \u2013 kaip elgsis kiti tiek\u0117jai? Fiksuotos kainos ir mokes\u010diai"},"content":{"rendered":"<p>\u0160ioje temoje persipina elektros tiekimo rinkos liberalizavimo ir saul\u0117s elektrini\u0173 gamybos temos, nes nepriklausomi tiek\u0117jai skelbia patiriantys nuostoli\u0173 d\u0117l gaminan\u010di\u0173 vartotoj\u0173.<\/p>\n<p>Taigi, bendrov\u0117 \u201e<a rel=\"noopener nofollow\" target=\"_blank\" href=\"https:\/\/www.delfi.lt\/temos\/enefit\" tag-id=\"80013691\">Enefit<\/a>\u201c prane\u0161\u0117, kad nuo lapkri\u010dio 5 dienos naujoms elektros tiekimo sutartims taikys didesnius fiksuotus m\u0117nesinius mokes\u010dius. Pasak \u012fmon\u0117s atstov\u0173, sprendimas priimtas \u012fvertinus tiek\u0117j\u0173 patiriamus nuostolius ir \u201evald\u017eios nenor\u0105 adaptuoti \u012fstatymin\u0117s baz\u0117s taip, kad ji atitikt\u0173 esam\u0105 situacij\u0105\u201c.<\/p>\n<p>\u012estatymai nedraud\u017eia<\/p>\n<p>Valstybin\u0117 energetikos reguliavimo taryba (<a rel=\"noopener nofollow\" target=\"_blank\" href=\"https:\/\/www.delfi.lt\/temos\/vert\" tag-id=\"87337963\">VERT<\/a>) naujien\u0173 portalui \u201eDelfi\u201c kol kas lakoni\u0161kai pakomentavo situacij\u0105. Didesnio ai\u0161kumo tikimasi v\u0117liau.<\/p>\n<p>\u201eVERT mato poreik\u012f atlikti detalesn\u0119 analiz\u0119 ir aptars susidariusi\u0105 situacij\u0105 su elektros tiek\u0117ju \u201eEnefit\u201c, \u2013 sako rink\u0105 reguliuojanti institucija.<\/p>\n<p><a rel=\"noopener nofollow\" target=\"_blank\" href=\"https:\/\/www.delfi.lt\/temos\/energetikos-ministerija\" tag-id=\"49463160\">Energetikos ministerija<\/a> komentuoja, kad ji pati jau pateik\u0117 si\u016blym\u0105, kuriuo ir siekia u\u017etikrinti, kad tiek\u0117j\u0173 patiriami ka\u0161tai d\u0117l dvipus\u0117s gaminan\u010di\u0173 vartotoj\u0173 apskaitos schemos (tai yra, <a rel=\"noopener nofollow\" target=\"_blank\" href=\"https:\/\/www.delfi.lt\/temos\/net-metering\" tag-id=\"96605076\">net metering<\/a>) taikymo b\u016bt\u0173 pilnai kompensuojami tiek, kiek tai susij\u0119 su tiek\u0117j\u0173 pareiga priimti ir v\u0117liau gr\u0105\u017einti elektros energij\u0105 gaminantiems vartotojams.<\/p>\n<p>Nepriklausom\u0173 elektros tiek\u0117j\u0173 m\u0117nesio mokes\u010diai buitiniams vartotojams (2025 m. lapkritis):<\/p>\n<p>\u201eTiek\u0117jai taip pat siekia, kad papildomai jiems b\u016bt\u0173 kompensuojami ir disbalanso ka\u0161tai, kurie i\u0161 esm\u0117s nepriklauso nuo dvipus\u0117s gaminan\u010di\u0173 vartotoj\u0173 apskaitos schemos. <\/p>\n<p>Energetikos ministerijos vertinimu, \u0161iuo metu pasi\u016blytas kompensacinis mechanizmas u\u017etikrina tiek\u0117jams galimybes suvaldyti rizikas, susijusias su gaminan\u010di\u0173 vartotoj\u0173 pl\u0117tra, taip pat sudaro palankias s\u0105lygas atsirasti ir naujiems gaminantiems vartotojams. Artimiausiu metu ministerija planuoja pateikti patobulint\u0105 \u012fstatym\u0173 paket\u0105 Vyriausybei\u201c, \u2013 sakoma komentare. <\/p>\n<p>Jame turimas omenyje ministerijos pasi\u016blytas variantas paskirstyti nuostoli\u0173 kompensavim\u0105 visiems vartotojams (ir gaminantiems, ir negaminantiems). \u201eDelfi\u201c apie tai ra\u0161\u0117 <a rel=\"noopener follow nofollow\" target=\"_blank\" href=\"https:\/\/www.delfi.lt\/verslas\/energetika\/elektra-gali-brangti-visiems-ivertino-ministerijos-siulyma-del-saules-elektriniu-120166374\" data-rel-date-range=\"[]\">\u010cIA<\/a> (galutinis Vyriausybei teikiamas variantas dar gali keistis).<\/p>\n<p>Energetikos ministerija kartu pabr\u0117\u017eia, kad nors remiantis \u012fstatymais tiek\u0117jai yra \u012fpareigoti \u012f galutin\u0119 elektros energijos kain\u0105 \u012ftraukti visas kainos dedam\u0105sias bei mokes\u010dius, o kartu ai\u0161kiai visa tai atskleisti vartotojui, \u2013 vis d\u0117lto galiojantys teis\u0117s aktai nenustato draudim\u0173 ar ribojim\u0173 savo kainodaroje taikyti m\u0117nesinius mokes\u010dius.<\/p>\n<p>\u201eTiek\u0117jai gali savaranki\u0161kai taikyti kain\u0173 strukt\u016bras, \u012fskaitant fiksuotus m\u0117nesinius mokes\u010dius, jeigu tai ai\u0161kiai nurodyta sutartyje.<\/p>\n<p>M\u0117nesiniai <a rel=\"noopener nofollow\" target=\"_blank\" href=\"https:\/\/www.delfi.lt\/temos\/mokesciai\" tag-id=\"40144469\">mokes\u010diai<\/a> buitiniams elektros energijos vartotojams nepriklausom\u0173 tiek\u0117j\u0173 planuose prad\u0117ti taikyti 2020 metais, nuo elektros energijos rinkos liberalizavimo prad\u017eios\u201c, \u2013 sako ministerija.<\/p>\n<p>Prognozuoja tolesn\u012f mokes\u010di\u0173 did\u0117jim\u0105<\/p>\n<p>Energetikos ekspertas Martynas Nagevi\u010dius socialiniuose tinkluose i\u0161platino pozicij\u0105, kad \u201eEnefit\u201c pasi\u016blymas naudingas tiems vartotojams, kurie perka daugiau elektros.<\/p>\n<p>    <img decoding=\"async\" src=\"https:\/\/www.europesays.com\/lt\/wp-content\/uploads\/2025\/11\/73ba1a3f-d101-439d-b687-572178d1f4bb.jpg\" loading=\"lazy\" alt=\"Martynas Nagevi\u010dius\"\/>    <\/p>\n<p>\u201eAkivaizd\u017eiai matyti, kad \u201eEnefit\u201c tiesiog nori atsikratyti nemokamo gaminan\u010di\u0173 vartotoj\u0173 aptarnavimo, ne\u0161an\u010dio tiek\u0117jui tik nuostolius. Kad gaminantys vartotojai eit\u0173 pas kitus elektros tiek\u0117jus arba pas visuomenin\u012f\/garantin\u012f tiek\u0117jus. To ir reik\u0117jo tik\u0117tis. Logi\u0161kas \u017eingsnis.<\/p>\n<p>Kitas logi\u0161kas \u017eingsnis, matyt, bus tas, kad ir kiti elektros tiek\u0117jai padarys t\u0105 pat\u012f, nes niekas nenori nemokamai aptarnauti gaminan\u010di\u0173 vartotoj\u0173, at\u0117jusi\u0173 i\u0161 \u201eEnefit\u201c, \u2013 tinkle \u201eLinkedIn\u201c ra\u0161o Lietuvos atsinaujinan\u010di\u0173 i\u0161tekli\u0173 energetikos konfederacijos (LAIEK) prezidentas M. Nagevi\u010dius.<\/p>\n<p>Jis daro i\u0161vad\u0105, kad visi gaminantys vartotojai ilgainiui gali nukeliauti pas garantin\u012f tiek\u0117j\u0105 (<a rel=\"noopener nofollow\" target=\"_blank\" href=\"https:\/\/www.delfi.lt\/temos\/eso\" tag-id=\"61250775\">ESO<\/a>) (i\u0161skyrus galb\u016bt tuos, kuriems neturi reik\u0161m\u0117s tie keli eurai per m\u0117nes\u012f).<\/p>\n<p>Ekspertas toliau prognozuoja, kad galiausiai gali brangti elektros skirstymas \u2013 \u201etyliai, nekei\u010diant joki\u0173 \u012fstatym\u0173, nepolitikuojant \u0161ia tema\u201c.<\/p>\n<p>Kiti tiek\u0117jai kol kas neturi toki\u0173 plan\u0173<\/p>\n<p>\u201e<a rel=\"noopener nofollow\" target=\"_blank\" href=\"https:\/\/www.delfi.lt\/temos\/ignitis\" tag-id=\"82180685\">Ignitis<\/a>\u201c \u0161iuo metu neketina didinti mokes\u010dio.<\/p>\n<p>\u201eM\u0117nesio mokes\u010dius pristat\u0117me prie\u0161 kur\u012f laik\u0105, jie leid\u017eia ne tik geriau valdyti veiklos s\u0105naudas ir planuoti investicijas, bet ir pasi\u016blyti klientams ma\u017eesn\u0119 kilovatvaland\u0117s kain\u0105. Pastaruoju metu m\u016bs\u0173 taikoma m\u0117nesio mokes\u010di\u0173 kainodara nesikeit\u0117\u201c, \u2013 teigia \u201eIgnitis grup\u0117s\u201c komunikacijos partneris Valdas Lopeta.<\/p>\n<p>       <img decoding=\"async\" src=\"https:\/\/www.europesays.com\/lt\/wp-content\/uploads\/2025\/11\/7b96c8d0-e41c-11ed-bdb4-bf445eaad462.jpg\" loading=\"lazy\" alt=\"Valdas Lopeta\"\/>    <\/p>\n<p>Bendrov\u0117s \u201e<a rel=\"noopener nofollow\" target=\"_blank\" href=\"https:\/\/www.delfi.lt\/temos\/elektrum-lietuva\" tag-id=\"90994369\">Elektrum Lietuva<\/a>\u201c komercijos vadovas Mantas Kavaliauskas sako, kad artimiausiu metu nenumato mokes\u010di\u0173 augimo.<\/p>\n<p>\u201eKol kas kelti m\u0117nesio mokes\u010dio ir taip didinti finansin\u0119 na\u0161t\u0105 gyventojams neplanuojame, bent jau artimiausiu laikotarpiu toki\u0173 plan\u0173 n\u0117ra. \u0160iuo metu savo fiksuotiems planams taikome 1,9 ir 2 eur\u0173 m\u0117nesio mokes\u010dius\u201c, \u2013 komentuoja jis.<\/p>\n<p>Vis d\u0117lto atstovas pabr\u0117\u017eia, kad verslas negali nieko nedaryti, kai mato, kad patiriami nuostoliai tik auga.<\/p>\n<p>\u201eTai yra vienas i\u0161 b\u016bd\u0173 su tuo tvarkytis, ir visi rinkos dalyviai tur\u0117sime spr\u0119sti, koki\u0173 priemoni\u0173 imtis nuostoliams ma\u017einti. Laikom\u0117s pozicijos, kad rinka kei\u010diasi, gaminan\u010di\u0173 vartotoj\u0173 skai\u010dius spar\u010diai auga, tod\u0117l ir juos reguliuojanti \u012fstatymin\u0117 baz\u0117 taip pat turi b\u016bti per\u017ei\u016br\u0117ta\u201c, \u2013 sako M. Kavaliauskas.<\/p>\n<p>Lietuvos energetikos agent\u016bros (LEA) preliminar\u016bs skai\u010diavimai kilovatvaland\u0117s kainai fiksuotose sutartyse lapkri\u010dio prad\u017eioje: <\/p>\n<p>Pasak jo, \u0161iuo metu negalima i\u0161skirti gaminan\u010di\u0173 vartotoj\u0173 kaip atskiros klient\u0173 grup\u0117s ir jiems taikyti kitokios kainodaros.<\/p>\n<p>\u201eTa\u010diau \u0161iuo metu jau vyksta diskusijos su Energetikos ministerija d\u0117l susijusi\u0173 \u012fstatym\u0173 pakeitim\u0173, mes jose dalyvaujame, pateik\u0117me savo pastabas naujai parengtiems teis\u0117s aktams. Svarbu, kad ir VERT, ir Energetikos ministerija pripa\u017e\u012fsta tiek\u0117j\u0173 nuostolius ir supranta, kad juos turi kompensuoti ir tie gyventojai, kurie neturi saul\u0117s elektrini\u0173.<\/p>\n<p>Belieka laukti sprendim\u0173 i\u0161 \u012fstatym\u0173 leid\u0117j\u0173, o kai jie bus, tuomet ir mes spr\u0119sime d\u0117l savo kainodaros\u201c, \u2013 teigia \u201eElektrum Lietuvos\u201c komercijos vadovas.<\/p>\n<p>       <img decoding=\"async\" src=\"https:\/\/www.europesays.com\/lt\/wp-content\/uploads\/2025\/11\/39d65cb3-d9f7-48c5-93c1-65bf3465c81d.jpg\" loading=\"lazy\" alt=\"Mantas Kavaliauskas \"\/>    <\/p>\n<p>Neatmeta galimyb\u0117s gr\u0105\u017einti senus dyd\u017eius<\/p>\n<p>\u201eEnefit\u201c papildomai patvirtino \u201eDelfi\u201c, kad didesnis fiksuotas m\u0117nesio mokestis bus taikomas tik naujoms tiekimo sutartims.<\/p>\n<p>\u201eKlient\u0173, kurie sutartis sudar\u0117 anks\u010diau, \u0161ie poky\u010diai nepalies\u201c, \u2013 sako \u201eEnefit\u201c vadovas Valdemar Fiodorovi\u010d.<\/p>\n<p>\u012e klausim\u0105, ar tai nesustabdys nauj\u0173 klient\u0173 pritraukimo (su s\u0105lyga, kad kiti tiek\u0117jai nedidins mokes\u010di\u0173), jis teig\u0117, jog sunku apie tai kalb\u0117ti. <\/p>\n<p>\u201ePrognozuoti, koki\u0105 tiksliai \u012ftak\u0105 \u0161is pokytis tur\u0117s klient\u0173 pasirinkimui ar m\u016bs\u0173 verslo t\u0119stinumui, \u2013 kol kas neverta.<\/p>\n<p>Sprendim\u0105 pri\u0117m\u0117me siekdami ir toliau teikti kokybi\u0161kas paslaugas klientams, i\u0161laikyti darbo vietas ir bent i\u0161 dalies suma\u017einti patiriamus nuostolius. Su \u0161iais i\u0161\u0161\u016bkiais susiduriame ne tik mes \u2013 tai visos rinkos problematika, kylanti d\u0117l dabartini\u0173 rinkos s\u0105lyg\u0173\u201c, \u2013 sako V. Fiodorovi\u010d.<\/p>\n<p>Anot jo, jei situacija pasikeist\u0173, bendrov\u0117 neatmeta galimyb\u0117s gr\u012f\u017eti prie buvusi\u0173 ar net ma\u017eesni\u0173 kain\u0173.<\/p>\n<p>\u201eNepaisant vykdom\u0173 poky\u010di\u0173, kaip ir iki \u0161iol siekiame nuolat gerinti klientams teikiamas paslaugas ir dedame visas pastangas, kad esami ar potencial\u016bs klientai gaut\u0173 kuo geresn\u0119 patirt\u012f\u201c, \u2013 prid\u016br\u0117 jis.<\/p>\n<p>    <img decoding=\"async\" src=\"https:\/\/www.europesays.com\/lt\/wp-content\/uploads\/2025\/11\/1762582991_395_c83f66c8-9950-4477-921a-6a8ae1d0cd42.jpg\" loading=\"lazy\" alt=\"Valdemaras Fiodorovi\u010dius\"\/>    <\/p>\n<p>Dabartin\u0117 mokes\u010di\u0173 situacija<\/p>\n<p>\u201eEnefit\u201c iki \u0161iol naujiems klientams taik\u0117 2\u20133 eur\u0173 m\u0117nesio mokest\u012f, bet dabar tiekimo planus \u201eLaisvas\u201c arba \u201eFiksuotas\u201c m\u0117nesinis mokestis bus 5 eurai, o planui \u201eFiksuotas+\u201e bus taikomas 7 eur\u0173 mokestis. \u201eIgnitis\u201c taiko 1,36\u20132,90 euro mokest\u012f, \u201eElektrum Lietuvos\u201c m\u0117nesio mokestis yra 1,90\u20132 eurai. <\/p>\n<p>Energetikos ministerijos nuomone, m\u0117nesinio mokes\u010dio taikymas savaime n\u0117ra ydinga praktika, jeigu vartotojas mainais gali naudotis planais su ma\u017eesne elektros energijos u\u017e kWh kaina, kartu: jeigu \u0161is mokestis ai\u0161kiai nurodytas sutartyje, vartotojas informuojamas apie j\u012f, o i\u0161 \u0161io mokes\u010dio gaunamos pajamos naudojamos teikiam\u0173 paslaug\u0173 kokybei gerinti ar padengti tiek\u0117jo fakti\u0161kai patiriamas s\u0105naudas (pvz., IT sistem\u0173 vystymas, vartotoj\u0173 aptarnavimas ir kt.).<\/p>\n<p>\u201eM\u0117nesinis mokestis turi b\u016bti pagr\u012fstas objektyviais elektros energijos tiek\u0117jo patiriamais ka\u0161tais ir gali b\u016bti taikomas visiems vartotojams vienodai, nei\u0161skiriant atskir\u0173 grupi\u0173\u201c, \u2013 sako ministerija.<\/p>\n<p>Tiek\u0117j\u0173 u\u017eimama rinkos dalis:<\/p>\n<p>Ji kartu primena, kad buitiniai vartotojai, tarp j\u0173 ir gaminantys vartotojai, turi teis\u0119 be joki\u0173 baud\u0173 ir kit\u0173 mokes\u010di\u0173 bet kada viena\u0161ali\u0161kai nutraukti esam\u0105 elektros energijos pirkimo\u2013pardavimo sutart\u012f, nepriklausomai nuo to, ar sutartis terminuota, ar ne, ir sudaryti nauj\u0105 sutart\u012f su tuo pa\u010diu arba kitu tiek\u0117ju.<\/p>\n<p>M. Nagevi\u010dius vis d\u0117lto apgailestauja d\u0117l situacijos. Pasak jo, auk\u0161\u010diau min\u0117tas Energetikos ministerijos si\u016blymas d\u0117l gaminan\u010di\u0173 vartotoj\u0173 ir tiek\u0117j\u0173 nuostoli\u0173 yra pernelyg atsargus ir l\u0117tas (\u012fsigaliojimo laiko prasme), neapimantis, pavyzd\u017eiui, tiek\u0117j\u0173 balansavimo ka\u0161t\u0173.<\/p>\n<p>Anot jo, tikrai buvo si\u016blyta ir kit\u0173 variant\u0173, kurie b\u016bt\u0173 naudingi ir investuojantiems \u012f saul\u0117s elektrines, ir minimizuot\u0173 \u201ekit\u0173 elektros vartotoj\u0173 papildomus ka\u0161tus gaminan\u010di\u0173 vartotoj\u0173 aptarnavimui\u201c, kartu galima skatinti gaminan\u010dius vartotojus b\u016bti aktyviais vartotojais, reaguoti \u012f besikei\u010dian\u010dias kainas.<\/p>\n<p>\u201eKaip lobistas jau\u010diuosi nesugeb\u0117j\u0119s \u012ftikinti, kad tai geriau, nei procesas, kuris vyksta dabar. Kartais nepavyksta\u201c, \u2013 sak\u0117 M. Nagevi\u010dius.<\/p>\n","protected":false},"excerpt":{"rendered":"\u0160ioje temoje persipina elektros tiekimo rinkos liberalizavimo ir saul\u0117s elektrini\u0173 gamybos temos, nes nepriklausomi tiek\u0117jai skelbia patiriantys nuostoli\u0173&hellip;\n","protected":false},"author":2,"featured_media":35254,"comment_status":"","ping_status":"","sticky":false,"template":"","format":"standard","meta":{"footnotes":""},"categories":[17],"tags":[81,543,8481,9338,455,6111,1229,37,39,36,38,40,3172,9785,46,4677],"class_list":{"0":"post-35253","1":"post","2":"type-post","3":"status-publish","4":"format-standard","5":"has-post-thumbnail","7":"category-verslas","8":"tag-business","9":"tag-elektra","10":"tag-elektrum-lietuva","11":"tag-enefit","12":"tag-energetikos-ministerija","13":"tag-eso","14":"tag-ignitis","15":"tag-lietuva","16":"tag-lietuviu","17":"tag-lithuania","18":"tag-lithuanian","19":"tag-lt","20":"tag-mokesciai","21":"tag-net-metering","22":"tag-verslas","23":"tag-vert"},"share_on_mastodon":{"url":"https:\/\/pubeurope.com\/@lt\/115512646350211034","error":""},"_links":{"self":[{"href":"https:\/\/www.europesays.com\/lt\/wp-json\/wp\/v2\/posts\/35253","targetHints":{"allow":["GET"]}}],"collection":[{"href":"https:\/\/www.europesays.com\/lt\/wp-json\/wp\/v2\/posts"}],"about":[{"href":"https:\/\/www.europesays.com\/lt\/wp-json\/wp\/v2\/types\/post"}],"author":[{"embeddable":true,"href":"https:\/\/www.europesays.com\/lt\/wp-json\/wp\/v2\/users\/2"}],"replies":[{"embeddable":true,"href":"https:\/\/www.europesays.com\/lt\/wp-json\/wp\/v2\/comments?post=35253"}],"version-history":[{"count":0,"href":"https:\/\/www.europesays.com\/lt\/wp-json\/wp\/v2\/posts\/35253\/revisions"}],"wp:featuredmedia":[{"embeddable":true,"href":"https:\/\/www.europesays.com\/lt\/wp-json\/wp\/v2\/media\/35254"}],"wp:attachment":[{"href":"https:\/\/www.europesays.com\/lt\/wp-json\/wp\/v2\/media?parent=35253"}],"wp:term":[{"taxonomy":"category","embeddable":true,"href":"https:\/\/www.europesays.com\/lt\/wp-json\/wp\/v2\/categories?post=35253"},{"taxonomy":"post_tag","embeddable":true,"href":"https:\/\/www.europesays.com\/lt\/wp-json\/wp\/v2\/tags?post=35253"}],"curies":[{"name":"wp","href":"https:\/\/api.w.org\/{rel}","templated":true}]}}