{"id":35357,"date":"2025-11-08T09:06:04","date_gmt":"2025-11-08T09:06:04","guid":{"rendered":"https:\/\/www.europesays.com\/lt\/35357\/"},"modified":"2025-11-08T09:06:04","modified_gmt":"2025-11-08T09:06:04","slug":"es-karines-juru-pajegos-skubejo-i-pagalba-piratu-uzpultam-laivui","status":"publish","type":"post","link":"https:\/\/www.europesays.com\/lt\/35357\/","title":{"rendered":"ES karin\u0117s j\u016br\u0173 paj\u0117gos skub\u0117jo \u012f pagalb\u0105 pirat\u0173 u\u017epultam laivui"},"content":{"rendered":"<p>Ginkluoti u\u017epuolikai Graikijos bendrov\u0117s \u201eLatsco Marine Management\u201c valdom\u0105 laiv\u0105 su 24 \u017emoni\u0173 \u012fgula u\u017epuol\u0117, kai jis ketvirtadien\u012f plauk\u0117 i\u0161 Indijos \u012f Piet\u0173 Afrik\u0105.<\/p>\n<p>\u0160i Afrikos Ky\u0161ulio \u0161alis kadaise buvo pagars\u0117jusi i\u0161pirkos reikalaujan\u010di\u0173 <a rel=\"noopener nofollow\" target=\"_blank\" href=\"https:\/\/www.delfi.lt\/temos\/piratai\" tag-id=\"51464417\">pirat\u0173<\/a> antpuoliais, ta\u010diau dabar tokie incidentai tapo retesni.<\/p>\n<p>ES karini\u0173 j\u016br\u0173 paj\u0117g\u0173 prane\u0161ime teigiama, kad po to, kai buvo \u201eanksti pademonstruota j\u0117ga\u201c, piratai paliko prekybin\u012f tanklaiv\u012f ramyb\u0117je.<\/p>\n<p>\u201e\u012egula, kuri\u0105 sudaro 24 asmenys, yra saugi, apie su\u017eeistuosius neprane\u0161ama.\u201c<\/p>\n<p>Karin\u0117s j\u016br\u0173 paj\u0117gos prane\u0161\u0117, kad tebevyksta intensyvios pirat\u0173, kurie, manoma, vis dar yra \u0161ioje teritorijoje, paie\u0161kos, ir prid\u016br\u0117, kad, jei bus sugauti, jie bus patraukti atsakomyb\u0117n.<\/p>\n<p>Jungtin\u0117s Karalyst\u0117s j\u016br\u0173 prekybos operacij\u0173 centras (UKMTO) pirmiau prane\u0161\u0117, kad prie tanklaivio \u201eHellas Aphrodite\u201c i\u0161 laivagalio pus\u0117s prisiartino kateris.<\/p>\n<p>Pasak j\u016br\u0173 naujien\u0173 agent\u016bros \u201eLloyd&#8217;s List\u201c, u\u017epuolimo metu laive jokios apsaugos nebuvo.<\/p>\n<p>\u0160is i\u0161puolis \u012fvykdytas pra\u0117jus kelioms dienoms po nes\u0117kmingo bandymo prie Somalio krant\u0173 u\u017egrobti tanklaiv\u012f \u201eMV Stolt Sagaland\u201c.<\/p>\n<p>Pranc\u016bzijos j\u016br\u0173 informacijos bendradarbiavimo ir informavimo centro (MICA) prane\u0161ime teigiama, kad \u0161\u012f laiv\u0105 pirmadien\u012f band\u0117 u\u017egrobti keturi asmenys.<\/p>\n<p>MICA teigimu, dien\u0105 prie\u0161 tai prie laivo \u201eFV Intertuna Tres\u201c priart\u0117jo kateris, ta\u010diau, laivui \u012fjungus sirenas, jis pasi\u0161alino.<\/p>\n","protected":false},"excerpt":{"rendered":"Ginkluoti u\u017epuolikai Graikijos bendrov\u0117s \u201eLatsco Marine Management\u201c valdom\u0105 laiv\u0105 su 24 \u017emoni\u0173 \u012fgula u\u017epuol\u0117, kai jis ketvirtadien\u012f plauk\u0117&hellip;\n","protected":false},"author":2,"featured_media":35358,"comment_status":"","ping_status":"","sticky":false,"template":"","format":"standard","meta":{"footnotes":"","_share_on_mastodon":"0"},"categories":[15],"tags":[25,30,31,1068,34,35,24,3561,32,33,37,39,36,38,40,23,22,44,9809,28,29,26,27,74,75,76],"class_list":["post-35357","post","type-post","status-publish","format-standard","has-post-thumbnail","category-pasaulis","tag-antrastes","tag-breaking-news","tag-breakingnews","tag-europos-sajunga","tag-featured-news","tag-featurednews","tag-headlines","tag-laivas","tag-latest-news","tag-latestnews","tag-lietuva","tag-lietuviu","tag-lithuania","tag-lithuanian","tag-lt","tag-naujienos","tag-news","tag-pasaulis","tag-piratai","tag-populiariausios-naujienos","tag-populiariausiosnaujienos","tag-top-stories","tag-topstories","tag-world","tag-world-news","tag-worldnews"],"share_on_mastodon":{"url":"https:\/\/pubeurope.com\/@lt\/115513287176291671","error":""},"_links":{"self":[{"href":"https:\/\/www.europesays.com\/lt\/wp-json\/wp\/v2\/posts\/35357","targetHints":{"allow":["GET"]}}],"collection":[{"href":"https:\/\/www.europesays.com\/lt\/wp-json\/wp\/v2\/posts"}],"about":[{"href":"https:\/\/www.europesays.com\/lt\/wp-json\/wp\/v2\/types\/post"}],"author":[{"embeddable":true,"href":"https:\/\/www.europesays.com\/lt\/wp-json\/wp\/v2\/users\/2"}],"replies":[{"embeddable":true,"href":"https:\/\/www.europesays.com\/lt\/wp-json\/wp\/v2\/comments?post=35357"}],"version-history":[{"count":0,"href":"https:\/\/www.europesays.com\/lt\/wp-json\/wp\/v2\/posts\/35357\/revisions"}],"wp:featuredmedia":[{"embeddable":true,"href":"https:\/\/www.europesays.com\/lt\/wp-json\/wp\/v2\/media\/35358"}],"wp:attachment":[{"href":"https:\/\/www.europesays.com\/lt\/wp-json\/wp\/v2\/media?parent=35357"}],"wp:term":[{"taxonomy":"category","embeddable":true,"href":"https:\/\/www.europesays.com\/lt\/wp-json\/wp\/v2\/categories?post=35357"},{"taxonomy":"post_tag","embeddable":true,"href":"https:\/\/www.europesays.com\/lt\/wp-json\/wp\/v2\/tags?post=35357"}],"curies":[{"name":"wp","href":"https:\/\/api.w.org\/{rel}","templated":true}]}}