{"id":35416,"date":"2025-11-08T10:10:22","date_gmt":"2025-11-08T10:10:22","guid":{"rendered":"https:\/\/www.europesays.com\/lt\/35416\/"},"modified":"2025-11-08T10:10:22","modified_gmt":"2025-11-08T10:10:22","slug":"sulaikyti-29-eriu-ir-30-ies-vyrai-dar-du-ieskomi-kontrabandininkai-ikliuvo-pasienieciams","status":"publish","type":"post","link":"https:\/\/www.europesays.com\/lt\/35416\/","title":{"rendered":"Sulaikyti 29-eri\u0173 ir 30-ies vyrai, dar du \u2013 ie\u0161komi: kontrabandininkai \u012fkliuvo pasienie\u010diams"},"content":{"rendered":"\n<p>Jos teigimu, du 29-eri\u0173 ir 30-ies met\u0173 \u0160al\u010dinink\u0173 rajono gyventojai buvo sulaikyti, dar du \u2013 ie\u0161komi.\u00a0<\/p>\n<p>\u201eVar\u0117nos rajone pasienie\u010diai sulaik\u0117 du automobilius, kuri\u0173 vienu buvo gabenama 12 d\u0117\u017ei\u0173 baltarusi\u0161k\u0173 cigare\u010di\u0173, kitu \u2013 va\u017eiavo kontrabandinink\u0173 palyda. Ve\u017e\u0117jams pavyko pasprukti i\u0161 sugedusio automobilio, apsaugininkai \u2013 su\u010diupti. Ketvirtadien\u012f jie buvo m\u0117nesiui suimti, b\u0117gliai tebeie\u0161komi\u201c, \u2013 teigiama prane\u0161ime.\u00a0<\/p>\n<p>VSAT Kriminalin\u0117s \u017evalgybos skyriaus pareig\u016bnai antradienio vakar\u0105 patikrinimui stabd\u0117 du vienas paskui kit\u0105 va\u017eiuojan\u010dius automobilius \u2013 \u201e<a href=\"https:\/\/www.autobilis.lt\/skelbimai\/naudoti-automobiliai\/audi\" target=\"_blank\" class=\"phrase\" rel=\"nofollow noopener\">Audi<\/a> A6\u201c sustojo, o \u201e\u0160koda Oktavia\u201c band\u0117 pab\u0117gti.\u00a0<\/p>\n<p>\u201eJos persekiojimas ilgai netruko. I\u0161sukus i\u0161 kelio, suartame lauke \u0161kodai buvo pramu\u0161tas karteris. I\u0161b\u0117gus alyvai, automobilis sustojo, o i\u0161 jo i\u0161\u0161ok\u0119 du vyrai pasileido greta esan\u010dio mi\u0161ko link. J\u0173 paie\u0161kai buvo pasitelktas pasienie\u010di\u0173 kinologas su tarnybiniu \u0161unimi, ta\u010diau b\u0117gli\u0173 rasti nepavyko\u201c, \u2013 sak\u0117 VSAT.<\/p>\n<p>Jos teigimu, \u201e\u0160koda Oktavia\u201c automobilyje rasta 12 d\u0117\u017ei\u0173, kuriose buvo po 500 pakeli\u0173 cigare\u010di\u0173 \u201eNZ Gold\u201c su baltarusi\u0161komis banderol\u0117mis. J\u0173 vert\u0117 siekia 28,6 t\u016bkst. eur\u0173.\u00a0<\/p>\n<p>Tuo metu sustabdytoje <a href=\"https:\/\/www.tv3.lt\/rubrika\/naujienos\/verslas\/transportas\" target=\"_blank\" class=\"phrase\" rel=\"nofollow noopener\">transporto<\/a> priemon\u0117je \u201eAudi A6\u201c rasti penki GPS si\u0173stuvai.\u00a0<\/p>\n<p>\u201e\u0160al\u010dininkie\u010diai sulaikyti d\u0117l veikimo organizuotoje grup\u0117je gabenant kontraband\u0105\u201c, \u2013 teig\u0117 VSAT.<\/p>\n<p>Prad\u0117tas ikiteisminis tyrimas. Ketvirtadien\u012f teismas sulaikytiems dviem \u0160al\u010dinink\u0173 rajono gyventojams skyr\u0117 sulaikym\u0105 vienam m\u0117nesiui.\u00a0<\/p>\n<p>\n                                        \u0160altinis:<br \/>\n                                                                                    BNS\n                                                                                <\/p>\n<p>Patiko straipsnis? <a href=\"https:\/\/www.tv3.lt\/prenumeruoti\" rel=\"nofollow noopener\" target=\"_blank\">U\u017esiprenumeruokite m\u016bs\u0173 naujienlai\u0161k\u012f ir gaukite svarbiausias dienos naujienas bei \u012fdomiausius straipsnius kiekvien\u0105 darbo dien\u0105 11 val. Tiesiai \u012f J\u016bs\u0173 el. pa\u0161t\u0105!<\/a><\/p>\n","protected":false},"excerpt":{"rendered":"Jos teigimu, du 29-eri\u0173 ir 30-ies met\u0173 \u0160al\u010dinink\u0173 rajono gyventojai buvo sulaikyti, dar du \u2013 ie\u0161komi.\u00a0 \u201eVar\u0117nos rajone&hellip;\n","protected":false},"author":2,"featured_media":35417,"comment_status":"","ping_status":"","sticky":false,"template":"","format":"standard","meta":{"footnotes":""},"categories":[6],"tags":[9814,25,30,31,57,43,34,35,55,48,24,54,51,49,50,32,33,37,39,36,38,40,45,23,22,44,28,29,53,42,56,47,26,27,41,46,58,52],"class_list":{"0":"post-35416","1":"post","2":"type-post","3":"status-publish","4":"format-standard","5":"has-post-thumbnail","7":"category-antrastes","8":"tag-2025-11-07-200211","9":"tag-antrastes","10":"tag-breaking-news","11":"tag-breakingnews","12":"tag-daiktai","13":"tag-dienos-kronika","14":"tag-featured-news","15":"tag-featurednews","16":"tag-gatves-tekstai","17":"tag-gyvenimas","18":"tag-headlines","19":"tag-interneto-pievos","20":"tag-keliones","21":"tag-kultura","22":"tag-laisvalaikis","23":"tag-latest-news","24":"tag-latestnews","25":"tag-lietuva","26":"tag-lietuviu","27":"tag-lithuania","28":"tag-lithuanian","29":"tag-lt","30":"tag-mokslas-ir-it","31":"tag-naujienos","32":"tag-news","33":"tag-pasaulis","34":"tag-populiariausios-naujienos","35":"tag-populiariausiosnaujienos","36":"tag-projektai","37":"tag-rinktiniai-tekstai","38":"tag-simtmecio-portalas","39":"tag-sportas","40":"tag-top-stories","41":"tag-topstories","42":"tag-tv3-lt","43":"tag-verslas","44":"tag-video","45":"tag-zaidimai"},"share_on_mastodon":{"url":"","error":"Validation failed: Text character limit of 500 exceeded"},"_links":{"self":[{"href":"https:\/\/www.europesays.com\/lt\/wp-json\/wp\/v2\/posts\/35416","targetHints":{"allow":["GET"]}}],"collection":[{"href":"https:\/\/www.europesays.com\/lt\/wp-json\/wp\/v2\/posts"}],"about":[{"href":"https:\/\/www.europesays.com\/lt\/wp-json\/wp\/v2\/types\/post"}],"author":[{"embeddable":true,"href":"https:\/\/www.europesays.com\/lt\/wp-json\/wp\/v2\/users\/2"}],"replies":[{"embeddable":true,"href":"https:\/\/www.europesays.com\/lt\/wp-json\/wp\/v2\/comments?post=35416"}],"version-history":[{"count":0,"href":"https:\/\/www.europesays.com\/lt\/wp-json\/wp\/v2\/posts\/35416\/revisions"}],"wp:featuredmedia":[{"embeddable":true,"href":"https:\/\/www.europesays.com\/lt\/wp-json\/wp\/v2\/media\/35417"}],"wp:attachment":[{"href":"https:\/\/www.europesays.com\/lt\/wp-json\/wp\/v2\/media?parent=35416"}],"wp:term":[{"taxonomy":"category","embeddable":true,"href":"https:\/\/www.europesays.com\/lt\/wp-json\/wp\/v2\/categories?post=35416"},{"taxonomy":"post_tag","embeddable":true,"href":"https:\/\/www.europesays.com\/lt\/wp-json\/wp\/v2\/tags?post=35416"}],"curies":[{"name":"wp","href":"https:\/\/api.w.org\/{rel}","templated":true}]}}