{"id":35423,"date":"2025-11-08T10:21:10","date_gmt":"2025-11-08T10:21:10","guid":{"rendered":"https:\/\/www.europesays.com\/lt\/35423\/"},"modified":"2025-11-08T10:21:10","modified_gmt":"2025-11-08T10:21:10","slug":"sukciai-vilniuje-isviliojo-daugiau-nei-364-tukst-euru","status":"publish","type":"post","link":"https:\/\/www.europesays.com\/lt\/35423\/","title":{"rendered":"Suk\u010diai Vilniuje i\u0161viliojo daugiau nei 36,4 t\u016bkst. eur\u0173"},"content":{"rendered":"<p>Ketvirtadien\u012f 1948 m. gimusi moteris apie 16 val. sulauk\u0117 nepa\u017e\u012fstam\u0173 rusakalbi\u0173 asmen\u0173 skambu\u010dio. Jie, prisistat\u0119 telekomunikacij\u0173 \u012fmon\u0117s darbuotojais, apgaule i\u0161viliojo 8 t\u016bkst. eur\u0173<\/p>\n<p>Penktadien\u012f apie 11 val. 1971 m. gimusiai moteriai taip pat paskambino nepa\u017e\u012fstami rusakalbiai asmenys, kurie, prisistat\u0119 telekomunikacij\u0173 \u012fmon\u0117s ir banko darbuotojais bei policijos pareig\u016bnais, apgaule i\u0161viliojo 2,5 t\u016bkst. eur\u0173. <\/p>\n<p>T\u0105 pa\u010di\u0105 dien\u0105 apie 11 val. 1938 m. gimusi moteris sulauk\u0117 nepa\u017e\u012fstamos moters skambu\u010dio, neva jos dukra pateko \u012f eismo \u012fvyk\u012f ir jos operacijai reikalingi <a rel=\"noopener nofollow\" target=\"_blank\" href=\"https:\/\/www.delfi.lt\/temos\/pinigai\" tag-id=\"39421205\">pinigai<\/a>, taip apgaule i\u0161viliota 6 t\u016bkst. eur\u0173.<\/p>\n<p>Taip pat penktadien\u012f apie 18 val. i\u0161 1954 m. gimusios moters, aktyvavus \u012f mobiliojo ry\u0161io telefone gaut\u0105 nuorod\u0105 d\u0117l dalyvavimo \u017eaidime, banko s\u0105skaitos buvo pasisavinta vir\u0161 25,8 t\u016bkst. eur\u0173.<\/p>\n<p>Visais atvejais prad\u0117tas ikiteisminis tyrimas pagal LR BK 182 str. d\u0117l <a rel=\"noopener nofollow\" target=\"_blank\" href=\"https:\/\/www.delfi.lt\/temos\/sukciavimas\" tag-id=\"53919337\">suk\u010diavimo<\/a>.<\/p>\n","protected":false},"excerpt":{"rendered":"Ketvirtadien\u012f 1948 m. gimusi moteris apie 16 val. sulauk\u0117 nepa\u017e\u012fstam\u0173 rusakalbi\u0173 asmen\u0173 skambu\u010dio. Jie, prisistat\u0119 telekomunikacij\u0173 \u012fmon\u0117s darbuotojais,&hellip;\n","protected":false},"author":2,"featured_media":35424,"comment_status":"","ping_status":"","sticky":false,"template":"","format":"standard","meta":{"footnotes":""},"categories":[13],"tags":[25,30,31,34,35,24,32,33,37,39,36,38,40,23,22,1666,28,29,2682,1153,26,27,626],"class_list":{"0":"post-35423","1":"post","2":"type-post","3":"status-publish","4":"format-standard","5":"has-post-thumbnail","7":"category-lietuva","8":"tag-antrastes","9":"tag-breaking-news","10":"tag-breakingnews","11":"tag-featured-news","12":"tag-featurednews","13":"tag-headlines","14":"tag-latest-news","15":"tag-latestnews","16":"tag-lietuva","17":"tag-lietuviu","18":"tag-lithuania","19":"tag-lithuanian","20":"tag-lt","21":"tag-naujienos","22":"tag-news","23":"tag-pinigai","24":"tag-populiariausios-naujienos","25":"tag-populiariausiosnaujienos","26":"tag-sukciai","27":"tag-sukciavimas","28":"tag-top-stories","29":"tag-topstories","30":"tag-vilnius"},"share_on_mastodon":{"url":"https:\/\/pubeurope.com\/@lt\/115513582113700506","error":""},"_links":{"self":[{"href":"https:\/\/www.europesays.com\/lt\/wp-json\/wp\/v2\/posts\/35423","targetHints":{"allow":["GET"]}}],"collection":[{"href":"https:\/\/www.europesays.com\/lt\/wp-json\/wp\/v2\/posts"}],"about":[{"href":"https:\/\/www.europesays.com\/lt\/wp-json\/wp\/v2\/types\/post"}],"author":[{"embeddable":true,"href":"https:\/\/www.europesays.com\/lt\/wp-json\/wp\/v2\/users\/2"}],"replies":[{"embeddable":true,"href":"https:\/\/www.europesays.com\/lt\/wp-json\/wp\/v2\/comments?post=35423"}],"version-history":[{"count":0,"href":"https:\/\/www.europesays.com\/lt\/wp-json\/wp\/v2\/posts\/35423\/revisions"}],"wp:featuredmedia":[{"embeddable":true,"href":"https:\/\/www.europesays.com\/lt\/wp-json\/wp\/v2\/media\/35424"}],"wp:attachment":[{"href":"https:\/\/www.europesays.com\/lt\/wp-json\/wp\/v2\/media?parent=35423"}],"wp:term":[{"taxonomy":"category","embeddable":true,"href":"https:\/\/www.europesays.com\/lt\/wp-json\/wp\/v2\/categories?post=35423"},{"taxonomy":"post_tag","embeddable":true,"href":"https:\/\/www.europesays.com\/lt\/wp-json\/wp\/v2\/tags?post=35423"}],"curies":[{"name":"wp","href":"https:\/\/api.w.org\/{rel}","templated":true}]}}