{"id":35961,"date":"2025-11-09T08:42:17","date_gmt":"2025-11-09T08:42:17","guid":{"rendered":"https:\/\/www.europesays.com\/lt\/35961\/"},"modified":"2025-11-09T08:42:17","modified_gmt":"2025-11-09T08:42:17","slug":"pranesa-apie-tarnybu-sujudima-garliavoje-2","status":"publish","type":"post","link":"https:\/\/www.europesays.com\/lt\/35961\/","title":{"rendered":"Prane\u0161a apie tarnyb\u0173 sujudim\u0105 Garliavoje"},"content":{"rendered":"<p>\u201eLabas vakaras, gal galite i\u0161siai\u0161kinti, kas vyksta Garliavoje, Dobil\u0173 gatv\u0117je? Suva\u017eiavo apie 10\u201312 policijos ir <a rel=\"noopener nofollow\" target=\"_blank\" href=\"https:\/\/www.delfi.lt\/temos\/greitoji-pagalba\" tag-id=\"55816045\">greitosios<\/a> ekipa\u017e\u0173. <a rel=\"noopener nofollow\" target=\"_blank\" href=\"https:\/\/www.delfi.lt\/temos\/policija\" tag-id=\"41418589\">Policija<\/a> ir tarnybin\u012f \u0161un\u012f ved\u0117si&#8230; Baisu i\u0161 nam\u0173 i\u0161eiti. Kas gal\u0117jo nutikti, kad tiek tarnyb\u0173 suva\u017eiavo?\u201c \u2013 \u201eKas vyksta Kaune\u201c ra\u0161\u0117 skaitytoja.<\/p>\n<p>\u012evykdytas nu\u017eudymas<\/p>\n<p>Kauno policija \u201eDelfi\u201c informavo, kad 16:45 val. gautas prane\u0161imas, jog Garliavoje, Dobil\u0173 g., \u012fvyko konfliktas, su\u017ealotas vyras.<\/p>\n<p>\u201eNuvykus \u012f \u012fvykio viet\u0105, rastas vyras (gim. 1989 m.), kuriam konstatuota mirtis. Sulaikytas neblaivus (2,22 prom.) vyras (gim. 1998 m.) ir neblaivi (1,37 prom.) moteris (gim. 1967 m.). <\/p>\n<p>Kauno apskr. VPK prad\u0117tas ikiteisminis tyrimas d\u0117l nu\u017eudymo pagal Lietuvos Respublikos baud\u017eiamojo kodekso 129 str. 1 d.\u201c, \u2013 nurodoma komentare.<\/p>\n<p>Nurodoma, kad kas, kas nu\u017eud\u0117 kit\u0105 \u017emog\u0173, baud\u017eiamas laisv\u0117s at\u0117mimu nuo septyneri\u0173 iki penkiolikos met\u0173.<\/p>\n<p>\u012evykio vietoje dirba policijos pareig\u016bnai.<\/p>\n<p>Budin\u010dio pareig\u016bno teigimu, gyventojams gr\u0117sm\u0117s n\u0117ra.<\/p>\n","protected":false},"excerpt":{"rendered":"\u201eLabas vakaras, gal galite i\u0161siai\u0161kinti, kas vyksta Garliavoje, Dobil\u0173 gatv\u0117je? Suva\u017eiavo apie 10\u201312 policijos ir greitosios ekipa\u017e\u0173. Policija&hellip;\n","protected":false},"author":2,"featured_media":35962,"comment_status":"","ping_status":"","sticky":false,"template":"","format":"standard","meta":{"footnotes":""},"categories":[13],"tags":[25,30,31,34,35,3223,9873,24,32,33,37,39,36,38,40,23,22,601,28,29,26,27],"class_list":{"0":"post-35961","1":"post","2":"type-post","3":"status-publish","4":"format-standard","5":"has-post-thumbnail","7":"category-lietuva","8":"tag-antrastes","9":"tag-breaking-news","10":"tag-breakingnews","11":"tag-featured-news","12":"tag-featurednews","13":"tag-garliava","14":"tag-greitoji-pagalba","15":"tag-headlines","16":"tag-latest-news","17":"tag-latestnews","18":"tag-lietuva","19":"tag-lietuviu","20":"tag-lithuania","21":"tag-lithuanian","22":"tag-lt","23":"tag-naujienos","24":"tag-news","25":"tag-policija","26":"tag-populiariausios-naujienos","27":"tag-populiariausiosnaujienos","28":"tag-top-stories","29":"tag-topstories"},"share_on_mastodon":{"url":"https:\/\/pubeurope.com\/@lt\/115518855108103256","error":""},"_links":{"self":[{"href":"https:\/\/www.europesays.com\/lt\/wp-json\/wp\/v2\/posts\/35961","targetHints":{"allow":["GET"]}}],"collection":[{"href":"https:\/\/www.europesays.com\/lt\/wp-json\/wp\/v2\/posts"}],"about":[{"href":"https:\/\/www.europesays.com\/lt\/wp-json\/wp\/v2\/types\/post"}],"author":[{"embeddable":true,"href":"https:\/\/www.europesays.com\/lt\/wp-json\/wp\/v2\/users\/2"}],"replies":[{"embeddable":true,"href":"https:\/\/www.europesays.com\/lt\/wp-json\/wp\/v2\/comments?post=35961"}],"version-history":[{"count":0,"href":"https:\/\/www.europesays.com\/lt\/wp-json\/wp\/v2\/posts\/35961\/revisions"}],"wp:featuredmedia":[{"embeddable":true,"href":"https:\/\/www.europesays.com\/lt\/wp-json\/wp\/v2\/media\/35962"}],"wp:attachment":[{"href":"https:\/\/www.europesays.com\/lt\/wp-json\/wp\/v2\/media?parent=35961"}],"wp:term":[{"taxonomy":"category","embeddable":true,"href":"https:\/\/www.europesays.com\/lt\/wp-json\/wp\/v2\/categories?post=35961"},{"taxonomy":"post_tag","embeddable":true,"href":"https:\/\/www.europesays.com\/lt\/wp-json\/wp\/v2\/tags?post=35961"}],"curies":[{"name":"wp","href":"https:\/\/api.w.org\/{rel}","templated":true}]}}