{"id":35980,"date":"2025-11-09T09:28:09","date_gmt":"2025-11-09T09:28:09","guid":{"rendered":"https:\/\/www.europesays.com\/lt\/35980\/"},"modified":"2025-11-09T09:28:09","modified_gmt":"2025-11-09T09:28:09","slug":"robotai-perims-darbus-is-600-tukstanciu-darbuotoju","status":"publish","type":"post","link":"https:\/\/www.europesays.com\/lt\/35980\/","title":{"rendered":"robotai perims darbus i\u0161 600 t\u016bkstan\u010di\u0173 darbuotoj\u0173"},"content":{"rendered":"<p>Nors tikimasi, kad per \u0161\u012f laikotarp\u012f pardavim\u0173 apimtys padvigub\u0117s, \u201eAmazon\u201c stato ant robot\u0173, kurie tur\u0117t\u0173 perimti iki trij\u0173 ketvirtadali\u0173 vis\u0173 u\u017eduo\u010di\u0173.<\/p>\n<p>Vidiniai \u012fmon\u0117s dokumentai atskleid\u017eia, kad robotikos komanda planuoja automatizuoti 75 procentus logistikos proces\u0173. Jau iki 2027 met\u0173 \u012fmon\u0117 gal\u0117s apsieiti be 160000 darbo viet\u0173, kurias kitu atveju tekt\u0173 sukurti.\u00a0<\/p>\n<p>Tai leist\u0173 sutaupyti apie 30 cent\u0173, tenkan\u010di\u0173 kiekvienai klientui pristatomai prekei, o bendra numatoma ekonomija 2025\u20132027 metais siekt\u0173 ma\u017edaug 12,6 mlrd. JAV doleri\u0173.<\/p>\n<p>\u012emon\u0117 suvokia galim\u0105 neigiam\u0105 reakcij\u0105<\/p>\n<p>\u201eAmazon\u201c viduje suprantama, kad masin\u0117 automatizacija nei\u0161vengiamai sukels neigiam\u0105 visuomen\u0117s reakcij\u0105. NYT duomenimis, \u012fmon\u0117 aptar\u0117 b\u016bdus, kaip pagerinti savo, kaip \u201esocialiai atsakingo darbdavio\u201c, \u012fvaizd\u012f.\u00a0<\/p>\n<p>Tarp id\u0117j\u0173 minimas dalyvavimas labdaros iniciatyvose ir vengimas toki\u0173 \u017eod\u017ei\u0173 kaip \u201edirbtinis intelektas\u201c ar \u201eautomatizacija\u201c, juos kei\u010diant neutralesn\u0117mis fraz\u0117mis, pavyzd\u017eiui, \u201e\u0161iuolaikin\u0117s technologijos\u201c ar \u201erobotai-pagalbininkai\u201c.<\/p>\n<p>\u201eAmazon\u201c atstov\u0117 Kelly Nantel, komentuodama situacij\u0105 leidiniui \u201eThe Verge\u201c, teig\u0117, kad nutekinta informacija atspindi tik vienos komandos po\u017ei\u016br\u012f ir neatspindi visos \u012fmon\u0117s strategijos:<\/p>\n<p>\u201eMes aktyviai samdome darbuotojus visoje \u0161alyje ir neseniai paskelb\u0117me planus priimti 250000 \u017emoni\u0173 \u0161ventiniam sezonui. Informacijos nutekinimai da\u017enai pateikia nepiln\u0105 ar i\u0161kreipt\u0105 vaizd\u0105, ir \u0161is atvejis \u2013 b\u016btent toks.\u201c<\/p>\n<p>Nepaisant \u0161io paneigimo, ekonomistai mano, kad tendencija yra akivaizdi. Nobelio ekonomikos premijos laureatas Daronas Acemoglu pa\u017eym\u0117jo, kad \u201eAmazon\u201c turi unikal\u0173 stimul\u0105 diegti robotizacij\u0105, ir jei \u012fmonei pavyks, jos pavyzd\u017eiu nei\u0161vengiamai paseks kitos korporacijos.<\/p>\n","protected":false},"excerpt":{"rendered":"Nors tikimasi, kad per \u0161\u012f laikotarp\u012f pardavim\u0173 apimtys padvigub\u0117s, \u201eAmazon\u201c stato ant robot\u0173, kurie tur\u0117t\u0173 perimti iki trij\u0173&hellip;\n","protected":false},"author":2,"featured_media":35981,"comment_status":"","ping_status":"","sticky":false,"template":"","format":"standard","meta":{"footnotes":""},"categories":[17],"tags":[81,37,39,36,38,40,46],"class_list":{"0":"post-35980","1":"post","2":"type-post","3":"status-publish","4":"format-standard","5":"has-post-thumbnail","7":"category-verslas","8":"tag-business","9":"tag-lietuva","10":"tag-lietuviu","11":"tag-lithuania","12":"tag-lithuanian","13":"tag-lt","14":"tag-verslas"},"share_on_mastodon":{"url":"https:\/\/pubeurope.com\/@lt\/115519035987269061","error":""},"_links":{"self":[{"href":"https:\/\/www.europesays.com\/lt\/wp-json\/wp\/v2\/posts\/35980","targetHints":{"allow":["GET"]}}],"collection":[{"href":"https:\/\/www.europesays.com\/lt\/wp-json\/wp\/v2\/posts"}],"about":[{"href":"https:\/\/www.europesays.com\/lt\/wp-json\/wp\/v2\/types\/post"}],"author":[{"embeddable":true,"href":"https:\/\/www.europesays.com\/lt\/wp-json\/wp\/v2\/users\/2"}],"replies":[{"embeddable":true,"href":"https:\/\/www.europesays.com\/lt\/wp-json\/wp\/v2\/comments?post=35980"}],"version-history":[{"count":0,"href":"https:\/\/www.europesays.com\/lt\/wp-json\/wp\/v2\/posts\/35980\/revisions"}],"wp:featuredmedia":[{"embeddable":true,"href":"https:\/\/www.europesays.com\/lt\/wp-json\/wp\/v2\/media\/35981"}],"wp:attachment":[{"href":"https:\/\/www.europesays.com\/lt\/wp-json\/wp\/v2\/media?parent=35980"}],"wp:term":[{"taxonomy":"category","embeddable":true,"href":"https:\/\/www.europesays.com\/lt\/wp-json\/wp\/v2\/categories?post=35980"},{"taxonomy":"post_tag","embeddable":true,"href":"https:\/\/www.europesays.com\/lt\/wp-json\/wp\/v2\/tags?post=35980"}],"curies":[{"name":"wp","href":"https:\/\/api.w.org\/{rel}","templated":true}]}}