{"id":35991,"date":"2025-11-09T09:39:05","date_gmt":"2025-11-09T09:39:05","guid":{"rendered":"https:\/\/www.europesays.com\/lt\/35991\/"},"modified":"2025-11-09T09:39:05","modified_gmt":"2025-11-09T09:39:05","slug":"lionelis-messi-atvede-komanda-i-kita-mls-etapa-pasieke-dar-viena-ispudinga-atzyma","status":"publish","type":"post","link":"https:\/\/www.europesays.com\/lt\/35991\/","title":{"rendered":"Lionelis Messi atved\u0117 komand\u0105 \u012f kit\u0105 MLS etap\u0105, pasiek\u0117 dar vien\u0105 \u012fsp\u016bding\u0105 at\u017eym\u0105"},"content":{"rendered":"<p>JAV MLS pirmenyb\u0117se \u012f kit\u0105 atkrint\u0105m\u0173j\u0173 var\u017eyb\u0173 etap\u0105 \u017eeng\u0117 Majamio \u201eInter\u201c.<\/p>\n<p>Lionelio Messi \u012f priek\u012f vedina komanda u\u017etikrintai 4:0 sutriu\u0161kino \u201eNashville FC\u201c ir laim\u0117jo serij\u0105 2-1.<\/p>\n<p>Argentinietis jau nuo rungtyni\u0173 prad\u017eios \u0117m\u0117si iniciatyvos. 10-\u0105j\u0105 minut\u0119 po perimto kamuolio jis prasibrov\u0117 tarp keli\u0173 var\u017eov\u0173 ir \u017eemu sm\u016bgiu i\u0161 toli atidar\u0117 \u012fvar\u010di\u0173 s\u0105skait\u0105 rungtyn\u0117se.<\/p>\n<p>Dar pirmajame k\u0117linyje L. Messi padvigubino savo ekipos prana\u0161um\u0105. \u0160\u012f kart\u0105 jis sulauk\u0117 puikaus Mateo Silvetti perdavimo, po kurio jam beliko pasi\u0173sti kamuol\u012f \u012f tu\u0161\u010dius vartus.<\/p>\n<p>Sustoti L. Messi nesiruo\u0161\u0117 ir po pertraukos. Jis du kartus asistavo Tadeo Allend\u0117s \u012fvar\u010diams.<\/p>\n<p>Po \u0161i\u0173 rungtyni\u0173 L. Messi pasiek\u0117 400 rezultatyvi\u0173 perdavim\u0173 at\u017eym\u0105. Iki vis\u0173 laik\u0173 rekordo, kurio savininkas Ferencas Puskas, jam tr\u016bksta vos keturi\u0173 asistavim\u0173 komandos draugams.<\/p>\n<p>Ketvirtfinalio etape \u201eInter\u201c kausis su \u201eFC Cincinnati\u201c.<\/p>\n","protected":false},"excerpt":{"rendered":"JAV MLS pirmenyb\u0117se \u012f kit\u0105 atkrint\u0105m\u0173j\u0173 var\u017eyb\u0173 etap\u0105 \u017eeng\u0117 Majamio \u201eInter\u201c. Lionelio Messi \u012f priek\u012f vedina komanda u\u017etikrintai&hellip;\n","protected":false},"author":2,"featured_media":35992,"comment_status":"","ping_status":"","sticky":false,"template":"","format":"standard","meta":{"footnotes":""},"categories":[19],"tags":[57,43,55,48,54,51,49,50,37,39,36,38,40,45,23,44,53,42,56,47,112,104,46,58,52],"class_list":{"0":"post-35991","1":"post","2":"type-post","3":"status-publish","4":"format-standard","5":"has-post-thumbnail","7":"category-sportas","8":"tag-daiktai","9":"tag-dienos-kronika","10":"tag-gatves-tekstai","11":"tag-gyvenimas","12":"tag-interneto-pievos","13":"tag-keliones","14":"tag-kultura","15":"tag-laisvalaikis","16":"tag-lietuva","17":"tag-lietuviu","18":"tag-lithuania","19":"tag-lithuanian","20":"tag-lt","21":"tag-mokslas-ir-it","22":"tag-naujienos","23":"tag-pasaulis","24":"tag-projektai","25":"tag-rinktiniai-tekstai","26":"tag-simtmecio-portalas","27":"tag-sportas","28":"tag-sportas-lt","29":"tag-sports","30":"tag-verslas","31":"tag-video","32":"tag-zaidimai"},"share_on_mastodon":{"url":"https:\/\/pubeurope.com\/@lt\/115519079232701606","error":""},"_links":{"self":[{"href":"https:\/\/www.europesays.com\/lt\/wp-json\/wp\/v2\/posts\/35991","targetHints":{"allow":["GET"]}}],"collection":[{"href":"https:\/\/www.europesays.com\/lt\/wp-json\/wp\/v2\/posts"}],"about":[{"href":"https:\/\/www.europesays.com\/lt\/wp-json\/wp\/v2\/types\/post"}],"author":[{"embeddable":true,"href":"https:\/\/www.europesays.com\/lt\/wp-json\/wp\/v2\/users\/2"}],"replies":[{"embeddable":true,"href":"https:\/\/www.europesays.com\/lt\/wp-json\/wp\/v2\/comments?post=35991"}],"version-history":[{"count":0,"href":"https:\/\/www.europesays.com\/lt\/wp-json\/wp\/v2\/posts\/35991\/revisions"}],"wp:featuredmedia":[{"embeddable":true,"href":"https:\/\/www.europesays.com\/lt\/wp-json\/wp\/v2\/media\/35992"}],"wp:attachment":[{"href":"https:\/\/www.europesays.com\/lt\/wp-json\/wp\/v2\/media?parent=35991"}],"wp:term":[{"taxonomy":"category","embeddable":true,"href":"https:\/\/www.europesays.com\/lt\/wp-json\/wp\/v2\/categories?post=35991"},{"taxonomy":"post_tag","embeddable":true,"href":"https:\/\/www.europesays.com\/lt\/wp-json\/wp\/v2\/tags?post=35991"}],"curies":[{"name":"wp","href":"https:\/\/api.w.org\/{rel}","templated":true}]}}