{"id":36297,"date":"2025-11-09T17:36:09","date_gmt":"2025-11-09T17:36:09","guid":{"rendered":"https:\/\/www.europesays.com\/lt\/36297\/"},"modified":"2025-11-09T17:36:09","modified_gmt":"2025-11-09T17:36:09","slug":"nebetikiu-ne-vienu-socialdemokratu-zodziu","status":"publish","type":"post","link":"https:\/\/www.europesays.com\/lt\/36297\/","title":{"rendered":"nebetikiu n\u0117 vienu socialdemokrat\u0173 \u017eod\u017eiu"},"content":{"rendered":"<p>Nors Lietuvos socialdemokrat\u0173 partija (LSDP) penktadien\u012f galiausiai nusprend\u0117 gr\u012f\u017eti prie pradinio savo varianto ir \u012f ministres deleguoti partiet\u0119 Vaid\u0105 Aleknavi\u010dien\u0119, re\u017eisierius tikina, kad tol, kol ji nebus paskirta, nepatik\u0117s, jog valdantieji nebandys dar kart\u0105 apgauti kult\u016bros bendruomen\u0117s ir paki\u0161ti jai Remigijaus \u017demaitai\u010dio \u201eNemuno au\u0161r\u0105\u201c.<\/p>\n<p>\u201eTai yra komunist\u0173 partijos nomenklat\u016bros suei\u017e\u0117j\u0119s kiautas, kuris jau ne kart\u0105 per vis\u0105 partijos istorij\u0105 sugangrenavo, ir b\u016bdavo bandoma t\u0105 sugangrenavusi\u0105 dal\u012f atkabinti nuo sav\u0119s, bet tai visada padaroma per v\u0117lai ir gangrena persimeta \u012f k\u016bn\u0105\u201c, \u2013 did\u017eiausiai valdan\u010di\u0173j\u0173 partijai itin a\u0161trios kritikos negail\u0117jo K.Kaupinis.<\/p>\n<p>Pasak jo, detektyvas, kur\u012f pastarosiomis dienomis steb\u0117jome ir su dabar jau pasitraukusiu kult\u016bros viceministru bei jo ry\u0161iais su R.\u017demaitai\u010diu, puikiai parodo, kuo gyvena valstyb\u0117 vietoje to, kuo ji tur\u0117t\u0173 gyventi.<\/p>\n<p>\u201eJeigu Lietuvos politin\u0117 padang\u0117 yra tu\u0161\u010dia, jeigu Lietuvos politin\u0117 padang\u0117 neturi absoliu\u010diai jokios krypties, tada t\u0105 krypt\u012f mums ka\u017ekas nubr\u0117\u0161. Tada t\u0105 krypt\u012f mums ka\u017ekas nurodys. Jeigu mes ne\u017einome, kur mes judame, tada ka\u017ekas mus prikabins prie sav\u0119s ir nujudins ten, kur mes jud\u0117ti nenorime. J\u016bs turb\u016bt suprantate, k\u0105 a\u0161 turiu omeny\u201c, \u2013 sak\u0117 K.Kaupinis.<\/p>\n<p>Vienas i\u0161 garsiausi\u0173 kult\u016brinink\u0173 protesto bals\u0173 taip pat prabilo apie jau padaryt\u0105 mil\u017eini\u0161k\u0105 \u017eal\u0105 kult\u016bros sektoriuje dirbantiems \u017emon\u0117ms, kuri\u0105 i\u0161taisyti bus be galo sunku, taip pat prakalbo ir apie netolimus ateities planus, kurie tur\u0117t\u0173 i\u0161 esm\u0117s pakeisti kult\u016brinio gyvenimo krypt\u012f.<\/p>\n<p>\u2013 Lapkri\u010dio pabaigoje sueis du m\u0117nesiai po to, kai kult\u016bros bendruomen\u0117 prad\u0117jo protestuoti \u2013 tuomet d\u0117l dar buvusio ministro Ignoto Adomavi\u010diaus, politini\u0173 socialdemokrat\u0173 main\u0173 su \u201eNemuno au\u0161ra\u201c. Visgi ir iki \u0161iol \u012fvairiomis formomis kult\u016brininkai protestuoja visoje Lietuvoje. Paklausiu atvirai \u2013 ar dar nepavargote?<\/p>\n<p>\u2013 Ne, nepavargom. Kaip tik atsirado didel\u0117 veikimo prasm\u0117, kai mes matome, kiek \u017emoni\u0173 prisijung\u0117, ir kad tai, nuo ko prad\u0117jome, ka\u017ekaip konsoliduoja, sutelkia \u017emones. Manom, kad atsirado veikimo prasm\u0117 tiek mums, tiek ir daugeliui \u017emoni\u0173.<\/p>\n<p>Man atrodo, kad kur\u012f laik\u0105 mes gal ir gyvenom tokiam bej\u0117gi\u0161kumo jausme, kur tu, viena vertus, matai atskirus neteisyb\u0117s, nelogi\u0161kumo, neefektyvumo, nekompetencijos d\u0117menis \u012fvairiuose valstyb\u0117s laukuose, bet kadangi gyveni t\u0105 savo gyvenim\u0105, kuriame ka\u017ekaip stengiesi atsiriboti \u2013 ypa\u010d, man atrodo, kult\u016bros ir meno \u017emon\u0117s tokiu b\u016bdu da\u017enai veikia, kai jie stengiasi susikurti savo pasaul\u012f, kur jie gali gyventi taip, kaip jie nor\u0117t\u0173, kad b\u016bt\u0173 \u2013 tai i\u0161 principo daugelis k\u016brybos yra tokia.<\/p>\n<p>Ir ta rugs\u0117jo 22-oji mus i\u0161judino d\u0117l to, kad \u012frod\u0117, jog tu i\u0161 principo negali nuo nieko pab\u0117gti. Gal\u0173 gale tai atsiris iki pat tavo koj\u0173 \u2013 jeigu yra ka\u017ekokia neteisyb\u0117 ir tu galvoji, kad ta neteisyb\u0117 yra ne mano reikalas, arba yra ka\u017ekas, kas nefunkcionuoja valstyb\u0117je ir tu galvoji, kad gerai, mano lauke funkcionuoja, tai plinta kaip epidemija, ir gal\u0173 gale plinta iki tav\u0119s. Ir tada kiekvienam ateina klausimas d\u0117l asmenin\u0117s atsakomyb\u0117s.<\/p>\n<p>\u0160it\u0105 supratim\u0105, manau, kad bent jau kult\u016bros lauke labai daugelis i\u0161 m\u016bs\u0173 suprato ir pajuto, ir kai jis atsiranda, atsiranda ir stiprus prasm\u0117s jausmas, gyvenimo kryptis.<\/p>\n<p>Nuovargis gali b\u016bti fizinis, kai tu nueini n kilometr\u0173, turi \u0161imt\u0105 susitikim\u0173 ar atsakai \u012f 20 t\u016bkstan\u010di\u0173 \u017einu\u010di\u0173, bet tai ne tas nuovargis. Tai malonus nuovargis. Jis greitai praeina ir judina veikti toliau.<\/p>\n<p>\u2013 Nor\u0117jau klausti, ar tik\u0117jot\u0117s, kad visa tai i\u0161augs \u012f tai, k\u0105 matome \u0161iandien. Bet i\u0161 to, k\u0105 kalbate, matau, kad tik\u0117jot\u0117s?<\/p>\n<p>\u2013 A\u0161 tik\u0117jausi. Ties\u0105 sakant, ir mano k\u016bryba apie tai kalba \u2013 \u201eNova Lituania\u201c (K.Kaupinio filmas, \u2013 aut.past.) buvo apie \u0161it\u0105 jausm\u0105. Jausm\u0105, kad tai kaupiasi valstyb\u0117je ir anks\u010diau ar v\u0117liau \u0161itas p\u016blinys pratr\u016bks, a\u0161 tur\u0117jau labai seniai \u2013 dar liepos m\u0117nes\u012f, skatinant G.Paluck\u0105 atsistatydinti, t\u0105 pat\u012f sakiau ir nuo scenos apie t\u0105 kritim\u0105 auk\u0161tais \u017eemyn.<\/p>\n<p>Ir man Kazio Pak\u0161to fig\u016bra, kuri vaik\u0161to per Vyriausyb\u0117s koridorius ir sako, kad ateina tragedija, darykime k\u0105 nors \u2013 \u0161itas jausmas man buvo seniai, bet tai buvo toks mano asmeninis jausmas, ir a\u0161 gal ne vis\u0105 laik\u0105 surasdavau jam atliepim\u0105 i\u0161 didesn\u0117s \u017emoni\u0173 dalies. O dabar pavyko.<\/p>\n<p>\u2013 \u0160iandien jau pasirod\u0117 \u017einia (kalb\u0117jom\u0117s penktadien\u012f popiet, \u2013 aut.past.), kad \u012f kult\u016bros ministrus socialdemokratai teiks Seimo nar\u0117s V.Aleknavi\u010dien\u0117s kandidat\u016br\u0105. J\u016bs esate ne tik re\u017eisierius, bet ir politologas \u2013 kod\u0117l, j\u016bs\u0173 galva, buvo taip delsiama, jeigu jau ir anks\u010diau \u0161i pavard\u0117 buvo svarstoma kaip pagrindinis variantas, netgi pra\u0117jo prezidento filtr\u0105?<\/p>\n<p>\u2013 Vis\u0173 pirma, a\u0161 nebetikiu n\u0117\u00a0vienu socialdemokrat\u0173 \u017eod\u017eiu. Kas bus, pamatysime tada, kai bus, ir man bet koks \u017eodis apie tai, kas bus, nebeturi absoliu\u010diai jokios vert\u0117s. Lygiai nul\u012f.<\/p>\n<p>\u0160i partija, jos lyderiai, nuolat meluoja, nuolat vien\u0105\u00a0sako, o kit\u0105\u00a0daro, tai a\u0161 tiesiog negaliu jais pasitik\u0117ti. \u017dmogus, kuris savo \u017eod\u017eiais ir savo darbais neprie\u0161tarauja sau, yra vienas i\u0161 esmini\u0173 visuomen\u0117s princip\u0173, kuriais mes tur\u0117tume gyventi, d\u0117l to negaliu pasakyti nieko apie tai, kas bus, ir nenoriu daryti joki\u0173 projekcij\u0173 apie tai, kas bus, kol tai ne\u012fvyko kaip k\u016bnas, kaip faktas, kaip materija.<\/p>\n<p>Kod\u0117l taip yra, kad \u0161i partija \u0161itaip elgiasi ir \u0161itaip veikia \u2013 tod\u0117l, kad \u0161i partija pamir\u0161o savo \u0161aknis, o galb\u016bt j\u0173 niekada ir netur\u0117jo. Jeigu \u012fsijungsite \u0161itos partijos puslap\u012f, j\u016bs rasite minim\u0105 Stepono Kairio socialdemokratij\u0105 \u2013 tai yra Lietuvos socialdemokratija i\u0161 XIX am\u017eiaus pabaigos, kai tautiniame s\u0105j\u016bdyje k\u016br\u0117si Lietuvos politikos ideologin\u0117s kryptys. Bet \u0161ita partija neturi nieko bendro su \u0161ita tarpukarine arba XX am\u017eiaus prad\u017eios lietuvi\u0161k\u0105ja socialdemokratija.<\/p>\n<p>Viskas, kas tai yra, tai yra komunist\u0173 partijos nomenklat\u016bros suei\u017e\u0117j\u0119s kiautas, kuris jau ne kart\u0105 per vis\u0105 partijos istorij\u0105 sugangrenavo, ir b\u016bdavo bandoma t\u0105 sugangrenavusi\u0105 dal\u012f atkabinti nuo sav\u0119s, bet tai visada padaroma per v\u0117lai ir gangrena persimeta \u012f k\u016bn\u0105.<\/p>\n<p>Pirmas kartas buvo tada, kai Lietuvos komunist\u0173 partija atsiskyrin\u0117jo nuo Taryb\u0173 S\u0105jungos komunist\u0173 partijos, bet kiekvien\u0105 kart\u0105 ji v\u0117l pavirsta ta pa\u010dia komunist\u0173 partija, kuri\u0105 valdo nomenklat\u016bra, kurios esminis didysis noras yra nauda sau. Ne bendrasis g\u0117ris.<\/p>\n<p>Ir tai yra esmin\u0117 \u0161itos partijos problema, ir kai \u0161itoje partijoje gali\u0105 ir vald\u017ei\u0105 perims \u017emon\u0117s, kurie nori \u012fgyvendinti socialdemokratij\u0105 kaip ideologij\u0105, tada gal ka\u017ekas joje ir pasikeis.<\/p>\n<p>Kol \u0161itoje partijoje yra de\u0161imt galios centr\u0173, kur kiekvienas veikia savo asmeninei naudai, tarpusavyje nekomunikuoja, tarpusavyje nesusitaria, apie k\u0105 yra \u0161ita partija, tol ji jud\u0117s kaip absoliu\u010diai atsitiktinis kamuoliukas, besitrankantis, beje, ir partijos viduje vienas \u012f kit\u0105.<\/p>\n<p>\u2013 Sureaguosiu \u012f j\u016bs\u0173 mintis apie netik\u0117jim\u0105 socialdemokrat\u0173 \u017eod\u017eiu. Jeigu socialdemokratai partijoje nusprend\u017eia \u012f ministrus deleguoti savo kandidat\u0119 V.Aleknavi\u010dien\u0119, vadinasi, j\u016bs jau nesate toks tikras, kad galiausiai b\u016btent ji ir taps ministre?<\/p>\n<p>\u2013 Nei a\u0161 tikras, kad ji tapt\u0173 ministre, nei a\u0161 \u017einau, kas bus per politinis kabinetas, kur v\u0117l ten bus bandoma \u012fki\u0161ti kok\u012f \u201eNemuno au\u0161ros\u201c viceministr\u0105. A\u0161 dar niekuo nesu tikras.<\/p>\n<p>\u2013 Kur\u012f laik\u0105 Kult\u016bros ministerijos klausimas buvo \u0161iek tiek pastumtas \u012f \u0161on\u0105, nes vyko kandidato \u012f kra\u0161to apsaugos ministrus paie\u0161ka, premjer\u0117 ir pati sak\u0117, kad dabar tai yra prioritetas. Visgi \u0161i\u0105 savait\u0119 daug k\u0105 nustebino trij\u0173 viceministr\u0173 paskyrimas \u2013 tiesa, vieno jau nebeturime \u2013 bet premjer\u0117 si\u016bl\u0117 susitikti su formuojama ministerijos komanda, j\u016bs atsisak\u0117te. Ar tikrai visai nebuvo k\u0105 pasakyti?<\/p>\n<p>\u2013 Ai\u0161ku, kad nebuvo k\u0105 pasakyti. O k\u0105 mes gal\u0117jome pasakyti viceministrams, kuri\u0173 vienas pasitrauk\u0117 po poros dien\u0173? K\u0105 ir su kuo \u010dia kalb\u0117ti? Su \u017emon\u0117mis, kurie nevykdo ir nepriima absoliu\u010diai joki\u0173 sprendim\u0173? Kurie yra deleguojami savo atskir\u0173 politini\u0173 j\u0117g\u0173 \u012fgyvendinti ka\u017ekokius povandeninius interesus? Apie k\u0105 \u010dia? Apie kult\u016br\u0105? Apie Lietuvos kult\u016bros k\u016brim\u0105, strategij\u0105 30-\u010diai met\u0173 \u012f priek\u012f, apie k\u0105 mes nuolat kalbame?<\/p>\n<p>Kada gal\u0173 gale \u0161ita valstyb\u0117 tur\u0117s k\u0105 nors, kas nebesikeist\u0173, kas b\u016bt\u0173 sutartinis vis\u0173 partij\u0173 dalykas, kokios ideologijos jos beb\u016bt\u0173, kad jos pasira\u0161yt\u0173 ir vykdyt\u0173 ka\u017ek\u0105 nuosekliai? Ir tai lie\u010dia ne tik kult\u016bros lauk\u0105, bet ir Lietuvos demografijos politik\u0105, u\u017esienio politik\u0105, ekonomik\u0105. Kada baigsis \u0161itas rusi\u0161ko \u017eaisliuko Vanka-Vstanka sukin\u0117jimasis, lingavimas pirmyn ir atgal?<\/p>\n<p>\u0160ita valstyb\u0117 turi tur\u0117ti tam tikrus principus, kurie nekinta \u2013 tik tada ji gali augti, stipr\u0117ti ir klest\u0117ti. O visa kita yra kaip koks loterijos automatas, kuris ka\u017ek\u0105 i\u0161suka. Mes toki\u0105 politik\u0105 turime, tai apie k\u0105 mes ten galime kalb\u0117ti, susitik\u0119 su trimis viceministrais, i\u0161 kuri\u0173 nei vienas n\u0117ra jokios politikos dalis? Nu\u0117j\u0119 su tais viceministrais susitikti apsimesti, kad \u010dia normalu, kad trys viceministrai paskirti be ministro? \u010cia absurdas.<\/p>\n<p>Pasi\u016blymas tai daryti i\u0161 premjer\u0117s, jos nedr\u0105sa eiti su mumis susitikti, premjer\u0117s ne\u017einojimas, k\u0105 pasakyti, premjer\u0117s negal\u0117jimas paai\u0161kinti, kod\u0117l viskas vyksta taip, kaip vyksta \u2013 \u010dia n\u0117ra apie k\u0105 kalb\u0117ti. Kai bus apie k\u0105 kalb\u0117ti, kai bus konstruktyvi, ai\u0161ki kult\u016bros politika, tada bus galima \u0161nek\u0117ti.<\/p>\n<p>\u2013 O jeigu dabar sulauksite kvietimo, kai jau paai\u0161k\u0117s galutin\u0117 kandidat\u016bra, ar eisite?<\/p>\n<p>\u2013 A\u0161 joki\u0173 \u201ejeigu\u201c nebesvarstau. A\u0161 gyvenu tuo, kas \u012fvyksta, ir Asambl\u0117ja, manau, pana\u0161iai \u0161itos pozicijos laikosi. Kai bus faktas, bus ir svarstoma. Nes kult\u016bros laukui buvo duota per daug pa\u017ead\u0173, pradedant V.Blinkevi\u010di\u016bt\u0117s pa\u017eadu pasir\u016bpinti \u0161ituo lauku rinkimin\u0117s kampanijos metu, kai buvo pakviesti kult\u016bros lauko atstovai, ir buvo kalbama apie tai, kad kult\u016bra taps prioritetine sritimi, kad socialdemokratai ja r\u016bpinsis.<\/p>\n<p>Ko verti V.Blinkevi\u010di\u016bt\u0117s pa\u017eadai, pamat\u0117te jau tada, kai ji pasi\u017ead\u0117jo tapti premjere ir gr\u012f\u017eo \u012f Briusel\u012f. Taip pat ji pa\u017ead\u0117jo neiti \u012f koalicij\u0105 su \u201eNemuno au\u0161ra\u201c. Tai vien jau lyder\u0117s, nors atrodo, kad ten t\u0173 lyderi\u0173 de\u0161imt ir jie patys nesusitaria, kurie ten lyderiai, pa\u017eadas yra nulin\u0117s vert\u0117s.<\/p>\n<p>Nei vieno pa\u017eado i\u0161 tos partijos nebuvo, u\u017e kur\u012f mes gal\u0117tume tik\u0117tis, kad bus atsakoma. Nei vieno. I\u0161 premjer\u0117s, ir V.Blinkevi\u010di\u016bt\u0117s, i\u0161 M.Sinkevi\u010diaus, i\u0161 G.Palucko. Galiu vardinti ir vardinti.<\/p>\n<p>\u2013 Galima li\u016bdnai pajuokauti, kad Aleksandras Brokas pagerino eksministro I.Adomavi\u010diaus rekord\u0105, nes pareigose nei\u0161buvo net vienos darbo savait\u0117s. Bet atrod\u0117, kad kelias dienas steb\u0117jome tam tikr\u0105 detektyv\u0105, ar tikrai tas viceministras toks nepriklausomas \u2013 A.Brokas su R.\u017demaitai\u010diu u\u017efiksuotas keliuose vaizdo \u012fra\u0161uose, i\u0161 prad\u017ei\u0173 sak\u0117, kad jo nepa\u017e\u012fsta, tada jau teig\u0117, kad taip nesak\u0117, bet j\u012f delegavo ne \u201eNemuno au\u0161ra\u201c, v\u0117liau R.\u017demaitaitis sak\u0117, kad kartu koalicijoje rinko viceministrus, premjer\u0117 sak\u0117, kad net neatsimena, kas A.Brok\u0105 pasi\u016bl\u0117. Sud\u0117liojus vis\u0105 \u0161\u012f paveiksl\u0105, ar turite paai\u0161kinim\u0105, kas \u010dia \u012fvyko ir kas yra tokios situacijos autoriai?<\/p>\n<p>\u2013 J\u016bs labai gerai sud\u0117liojot, kas \u010dia vyksta. Interpretuoti \u0161it\u0105 detektyv\u0105 yra ne m\u016bs\u0173 reikalas. \u0160itas detektyvas puikiai parodo, kuo gyvena valstyb\u0117 vietoje to, kuo ji tur\u0117t\u0173 gyventi.<\/p>\n<p>Kult\u016bros ministerija socialdemokratams laim\u0117jus rinkimus ir tapus politine j\u0117ga, kuri formuoja valdan\u010di\u0105j\u0105 daugum\u0105, jau tur\u0117jo tur\u0117ti i\u0161 anksto paruo\u0161usi kult\u016bros lauko pasitik\u0117jim\u0105 turint\u012f \u017emog\u0173, kuris tur\u0117t\u0173 strategij\u0105 ma\u017eiausiai \u0161iai Seimo kadencijai, o m\u016bs\u0173 preferencija, ir, man atrodo, daugelio \u017emoni\u0173 svajon\u0117 apie politikus, kurie turi strategij\u0105 de\u0161imtme\u010diams \u012f priek\u012f.<\/p>\n<p>Tai yra politikos idealas, tai yra politika, kur bendrasis g\u0117ris svarbiau nei asmenin\u0117 nauda, ir tai tur\u0117t\u0173 b\u016bti valstyb\u0117s veikimo principas.<\/p>\n<p>Kai viskas susmulk\u0117ja iki detektyvo, apie kur\u012f mes kalbame, mes gyvename kaip feisbuko algoritme, kur mes kaip vienadienis drugelis neatsimename nei kas vakar buvo, nei kas buvo \u0161iandien. Tokia valstyb\u0117 pasmerkta \u017elugti. Tokia valstyb\u0117, kurioje politika vyksta tokiu principu, sulauks galo taip, kaip jo sulauk\u0117 pirmoji Lietuvos Respublika 1940 met\u0173 bir\u017eelio 15 dien\u0105, tod\u0117l, kad \u0161itokia valstyb\u0117 nepasiruo\u0161usi, nesupranta ir nem\u0105sto daugiau negu viena diena \u012f priek\u012f.<\/p>\n<p>Ji nem\u0105sto nei apie vakar, nei apie ateit\u012f \u2013 a\u0161 turiu omenyje valdan\u010di\u0105j\u0105 daugum\u0105 ir politikus. Yra valstyb\u0117s institucijos, kurios tai daro, yra tam tikri laukai, kurie tai daro ir daro labai atsakingai, bet valdan\u010dioji Lietuvos klas\u0117 \u0161iuo metu neturi jokios krypties, jokios strategijos, jokio matymo. Niekada to netur\u0117jo. \u0116jo \u012f rinkimus jos netur\u0117dama, \u0117jo \u012f rinkimus vaidindama, kad turi ka\u017ek\u0105 viduje, bet i\u0161 tikr\u0173j\u0173 tai yra balionas, kurio viduje nieko n\u0117ra. Yra grynoji tu\u0161tuma.<\/p>\n<p>Jeigu Lietuvos politin\u0117 padang\u0117 yra tu\u0161\u010dia, jeigu Lietuvos politin\u0117 padang\u0117 neturi absoliu\u010diai jokios krypties, tada t\u0105 krypt\u012f mums ka\u017ekas nubr\u0117\u0161. Tada t\u0105 krypt\u012f mums ka\u017ekas nurodys. Jeigu mes ne\u017einome, kur mes judame, tada ka\u017ekas mus prikabins prie sav\u0119s ir nujudins ten, kur mes jud\u0117ti nenorime. J\u016bs turb\u016bt suprantate, k\u0105 a\u0161 turiu omeny.<\/p>\n<p>\u2013 Bet koks tada tas receptas, kaip tai pakeisti? Pirmalaikiai rinkimai?<\/p>\n<p>\u2013 Receptas, vis\u0173 pirma, yra kiekvienam Lietuvos \u017emogui prisiimti atsakomyb\u0119 u\u017e savo valstyb\u0119 ir u\u017e savo valstyb\u0117s krypt\u012f, kiek jam tai yra \u012fmanoma pagal jo veikimo galimybes.<\/p>\n<p>Jeigu \u017emogus mato neteisyb\u0119, mel\u0105, jeigu jis mato, kad yra ka\u017ekas, su kuo jis negali susitaikyti, at\u0117jo metas tam \u017emogui pa\u010diam prad\u0117ti \u0161it\u0105 problem\u0105 spr\u0119sti, o ne laukti, kol ka\u017ekas j\u0105 i\u0161spr\u0119s vietoj jo.<\/p>\n<p>Mes turime nustoti b\u016bti r\u016bpintoj\u0117li\u0173 visuomen\u0117, kurie gimin\u0117s susitikime, draug\u0173 pokalbyje identifikuoja nesibaigian\u010dias problemas ir sako \u201enu taip yra, negerai, b\u016bt\u0173 gerai, kad ka\u017ekas tai padaryt\u0173\u201c. Ir ties tuo pabaigia. Reikia pereiti i\u0161 \u0161ito veikimo \u012f sprendim\u0173 veikim\u0105.<\/p>\n<p>Jeigu \u017emogus yra arti savivaldos, jis turi eiti \u012f savivald\u0105 ir daryti dalykus, jeigu \u017emogus dirba \u017einiasklaidoje ir mato neteisyb\u0119, jis turi susiimti ir prad\u0117ti t\u0105 neteisyb\u0119 demaskuoti, jeigu \u017emogus dirba institucijoje, kurioje vyksta mobingas, jis turi stoti ir prie\u0161 j\u012f kovoti, jeigu \u017emogus dirba institucijoje, kurioje yra chaosas ir bevaldyst\u0117, jis turi eiti, tapti lyderiu ir tai spr\u0119sti. Kiekvienas i\u0161 m\u016bs\u0173 tai gali daryti ir turi atsakomyb\u0119 u\u017e savo valstyb\u0119. I\u0161 to ir susideda valstyb\u0117.<\/p>\n<p>\u2013 Dar trumpam gr\u012f\u017etant prie dabar jau buvusio viceministro A.Broko \u2013 jis pats teig\u0117, kad buvo pasira\u0161\u0119s peticij\u0105 prie\u0161 \u201eNemuno au\u0161ros\u201c buvim\u0105 Kult\u016bros ministerijoje, jis taip pat pristatomas kaip re\u017eisierius \u2013 tai rei\u0161kia, kad j\u016bs tur\u0117tum\u0117te suktis tame pa\u010diame lauke, tose pa\u010diose erdv\u0117se. Ar jums \u017einomas \u0161is \u017emogus, galb\u016bt praeityje ka\u017ekur prasilenk\u0117te?<\/p>\n<p>\u2013 Niekada nebuvau gird\u0117j\u0119s apie \u0161it\u0105 \u017emog\u0173 iki jo paskyrimo viceministru. Niekada nesu su juo susid\u016br\u0119s.<\/p>\n<p>\u2013 Savo feisbuke skelb\u0117te, kad lapkri\u010dio 21 dien\u0105 rengsite pilietinio nepaklusnumo pratybas, penktadien\u012f prane\u0161\u0117te ir apie nauj\u0105 miting\u0105. Patikslinkite, ar \u010dia ir yra tos pratybos, ar planuojami dar ka\u017ekokie veiksmai?<\/p>\n<p>\u2013 Kai a\u0161 paskelbiau, kad mes rengsim pilietinio nepaklusnumo pratybas, tai neina kalba tik apie lapkri\u010dio 21 dien\u0105. Lapkri\u010dio 21 dienos mitingas yra viena i\u0161 pratyb\u0173 dali\u0173. Bet pratybos dabar vyks nuolat ir ilgai \u2013 tol, kol Lietuva sugr\u012f\u0161 atgal \u012f normal\u0173 politin\u012f gyvenim\u0105, kai Lietuva i\u0161 juod\u0173j\u0173 technologij\u0173 politikos ir savanaudi\u0161kumo politikos gr\u012f\u0161 \u012f vertybi\u0173 politik\u0105.<\/p>\n<p>Mes \u0161itai politikai, kuri Lietuvoje vyrauja dabar, nenusileisime, ir skatinsime tai daryti visus visoje valstyb\u0117je, ir aktyviai tai darysime \u2013 inicijuosime, telksime, pad\u0117sime.<\/p>\n<p>Tai pratyb\u0173 bus daug, jos bus \u012fvairios, ir manau, j\u016bs jas matysite tiek \u012fvairi\u0173 m\u016bs\u0173 akcij\u0173 b\u016bdu, tiek \u012fvairi\u0173 m\u016bs\u0173 iniciatyv\u0173 b\u016bdu, mes dirbsime su \u0161vietimu, mes dirbsime su rajon\u0173 telkimu, kryp\u010di\u0173 Asambl\u0117ja tur\u0117s \u012fvairi\u0173 ir dirbs ilgai.<\/p>\n<p>\u2013 O gal galite pateikti kelis pavyzd\u017eius, kaip tos iniciatyvos atrodys?<\/p>\n<p>\u2013 Kaip ir su socialdemokrat\u0173 veikimu \u2013 bus faktas ir tada apie j\u012f kalb\u0117sime.<\/p>\n<p>\u2013 Gali b\u016bti, kad iki lapkri\u010dio pabaigos kult\u016bros ministras jau bus prisiek\u0119s. Ar visa tai nepraras aktualumo?<\/p>\n<p>\u2013 Lapkri\u010dio 21-\u0105j\u0105, jeigu bus paskirtas ministras, susirinks kiti laukai ir identifikuos kitas problemas. Per du m\u0117nesius mes supratome, kad \u201eNemuno au\u0161ros\u201c atsiradimas Kult\u016bros ministerijoje n\u0117ra liga \u2013 tai yra simptomas, ir liga, kuri yra ap\u0117musi \u0161it\u0105 valstyb\u0119, yra gerokai didesn\u0117.<\/p>\n<p>Simptomo panaikinimas, u\u017eglu\u0161inimas kokiu nors analgetiku, tos ligos nei\u0161spr\u0119s.<\/p>\n<p>\u2013 Argumentas, kuris kartais i\u0161girstamas i\u0161 t\u0173, kurie nepritaria j\u016bs\u0173 protestams, yra tas, jog j\u016bs kvestionuojate rinkim\u0173 rezultatus, \u017emoni\u0173 demokratiniu b\u016bdu i\u0161rinktas partijas. Kaip j\u016bs \u012f toki\u0105 kritik\u0105 reaguojate?<\/p>\n<p>\u2013 Mes sakome nuo pat prad\u017ei\u0173, kad mes prisiimame vertybin\u0119 pozicij\u0105 ir vertiname partijos veikim\u0105. Partija, kuri taiko juod\u0105sias technologijas prie\u0161 savo pa\u010di\u0173 pilie\u010dius, partija, kuri papirkin\u0117ja savo pa\u010di\u0173 pilie\u010dius smulkmen\u0117l\u0117mis, \u017ead\u0117dama juos i\u0161gelb\u0117ti i\u0161 sistemini\u0173 problem\u0173, kurios Lietuvoje nesprend\u017eiamos ilg\u0105 laik\u0105, partija, kuri veikia neapykantos skatinimu, visuomen\u0117s skaldymu, n\u0117ra normalus politinio lauko \u017eaid\u0117jas.<\/p>\n<p>Tai yra \u017eaid\u0117jas, kuris tokiu veikimu naikina demokratin\u012f Lietuvos valstyb\u0117s k\u016bn\u0105, demokratin\u0119 Lietuvos valstyb\u0117s s\u0105rang\u0105. Mes kovojame su tokiu veikimu, nesutinkame su tokiu principu, ir m\u016bs\u0173 \u012fsitraukimas \u012f \u0161it\u0105 kov\u0105 yra tikrasis demokratinis pilie\u010di\u0173 dalyvavimas valstyb\u0117s k\u016brime.<\/p>\n<p>\u2013 Viename i\u0161 miting\u0173 sak\u0117te, jog reikia eiti ir kalb\u0117tis su tais \u017emon\u0117mis, kurie i\u0161rinko \u201eNemuno au\u0161r\u0105\u201c. K\u0105 jiems reik\u0117t\u0173 pasakyti?<\/p>\n<p>\u2013 Pirmiausia\u00a0mes turime prad\u0117ti j\u0173 klausyti. Tam, kad mes su \u0161itais \u017emon\u0117mis gal\u0117tume kalb\u0117tis, pirmiausia jie turi i\u0161sikalb\u0117ti. Tiek, kiek a\u0161 esu patyr\u0119s i\u0161 savo susid\u016brim\u0173 su \u0161itais \u017emon\u0117mis, kurie balsuoja u\u017e \u201eNemuno au\u0161r\u0105\u201c, da\u017eniausiai a\u0161 turiu tiesiog ilgai s\u0117d\u0117ti ir klausyti gana \u012fnir\u0161usios, gana agresyvios kalbos.<\/p>\n<p>Paskui ji mink\u0161t\u0117ja, \u017emogus pradeda sk\u0173stis, paskui jis atveria \u0161ird\u012f ka\u017ekokioms ilgalaik\u0117ms nuoskaudoms, ir supranti, kad tas \u012fnir\u0161is yra tik ilgalaik\u0117 pasekm\u0117 ka\u017ekoki\u0173 ilgalaiki\u0173 nei\u0161spr\u0119st\u0173 problem\u0173. Tai pirmiausia yra klausymasis.<\/p>\n<p>Ir t\u0105 klausym\u0105si mes jau prad\u0117jome va\u017ein\u0117dami \u012f regionus, t\u0105 darysime vis intensyviau \u2013 va\u017eiuosime \u012f visus regionus, \u012f visas savivaldybes Lietuvoje. Tiek mes, kaip iniciatyvin\u0117s grup\u0117s nariai, tiek Asambl\u0117jos \u017emon\u0117s, \u012f susitikimus, darysime vie\u0161as paskaitas, pasitarimus, diskutuosime apie savivaldos problemas su \u0161itais \u017emon\u0117mis. Mes va\u017eiuosime visur, kalb\u0117sim\u0117s su visais, klausysim\u0117s vis\u0173, ir tokiu b\u016bdu tas dialogas vyks.<\/p>\n<p>\u2013 \u017dinome, kad ir prezidentui yra svarbus kult\u016bros sektorius, G.Naus\u0117da tikrai ne kart\u0105 kritikavo \u201eNemuno au\u0161r\u0105\u201c. Ar jau\u010diate palaikym\u0105 i\u0161 Prezident\u016bros, ar sulaukiate oficiali\u0173 ar neoficiali\u0173 kvietim\u0173 pasikalb\u0117ti?<\/p>\n<p>\u2013 Tur\u0117jome param\u0105 vien\u0105 kart\u0105, \u017eodin\u0119, tuo metu, kai mes susitikome su prezidentu pirm\u0105j\u0105 protesto savait\u0119. Prezidentas pasak\u0117 \u201enesustokite\u201c.<\/p>\n<p>\u2013 Kaip j\u016bs supratote \u0161it\u0105 paraginim\u0105?<\/p>\n<p>\u2013 Rei\u0161kia, kad m\u016bs\u0173 kryptis teisinga.<\/p>\n<p>\u2013 Bet vie\u0161o palaikymo \u017eod\u017eio protestuojantiems i\u0161 jo kol kas neteko gird\u0117ti.<\/p>\n<p>\u2013 O j\u016bs i\u0161girstate i\u0161 prezidento palaikant\u012f \u017eod\u012f kam nors? J\u016bs i\u0161girstate i\u0161 prezidento \u017eod\u012f apie valstyb\u0117s politik\u0105, krypt\u012f, strategij\u0105? Koki\u0173 \u017eod\u017ei\u0173 i\u0161girstate i\u0161 prezidento pastaruoju metu, kurie jus \u012fkv\u0117pt\u0173? Parodyt\u0173 valstybei, kaip jai lipti i\u0161 \u0161itos situacijos? J\u016bs man neatsakote&#8230;<\/p>\n<p>\u2013 Dabar sunkoka b\u016bt\u0173 konkre\u010diai prisiminti&#8230;<\/p>\n<p>\u2013 Tai va.<\/p>\n<p>\u2013 O ar galima b\u016bt\u0173 ka\u017ekaip \u012fvertinti, apskai\u010diuoti, kokia reali \u017eala yra padaryta kult\u016bros bendruomenei iki \u0161iol dirbant be ministro?<\/p>\n<p>\u2013 \u017dmon\u0117s, kurie ilgus metus dirba kult\u016bros lauke ir susidurdavo su daugybe problem\u0173, vis d\u0117lto surasdavo savyje prasm\u0119 veikti ir surasdavo savyje tiksl\u0105, savimotyvacij\u0105 siekti maksimali\u0173 tiksl\u0173 minimaliomis priemon\u0117mis, taip pat ir finansin\u0117mis.<\/p>\n<p>Dirbti lauke, kur i\u0161 politin\u0117s pus\u0117s niekada n\u0117ra jokios ai\u0161kios strategijos, kur viskas kei\u010diasi, viskas labai nema\u017eai \u0161itame lauke paliekama ant \u017emoni\u0173, kurie yra pagrindiniai \u0161io lauko veik\u0117jai, a\u0161 turiu omenyje ir biurokratus ministerijoje, ir did\u017eiausia \u017eala, kuri\u0105 mes matome dabar, kad \u0161ie \u017emon\u0117s nebeturi ir neberanda prasm\u0117s savo darbe.<\/p>\n<p>Tai yra pati svarbiausia \u017eala, kuri\u0105 i\u0161taisyti bus labai labai sunku. \u017dmogus, kuris neberanda prasm\u0117s, \u017emogus be prasm\u0117s savo gyvenime, savo veikloje labai sunkiai atsistoja ir labai sunkiai atgauna savo stubur\u0105.<\/p>\n<p>Politikai nesupranta \u0161ito. Jie kartais skai\u010diuoja skai\u010diais, kaip skai\u010diuoja premjer\u0117, kuri, atrodo, kad vienintel\u0117 kalba, kuri\u0105 supranta \u2013 daugiau skai\u010di\u0173 ir ma\u017eiau skai\u010di\u0173.<\/p>\n<p>Bet jie nesupranta \u0161itos fundamentalios \u017ealos, o ji dabar plinta kaip epidemija, ir ne tik Kult\u016bros ministerijoje. Ji plinta per vis\u0105 kult\u016bros lauk\u0105, per vis\u0105 Lietuv\u0105. Pakalb\u0117kite su Panev\u0117\u017eio rajone atleid\u017eiam\u0173 kult\u016bros centr\u0173 darbuotojais, kai jie i\u0161vakar\u0117se su\u017eino, kad jie bus atleisti ir bus u\u017edaryti kult\u016bros centrai. Jie klausia kod\u0117l, meras juos ap\u0161aukia, o pos\u0117dyje opozicijai klausiant kod\u0117l, meras pripa\u017e\u012fsta, kad n\u0117ra jokio paai\u0161kinimo \u2013 tiesiog.<\/p>\n<p>Kitaip tariant, paai\u0161kinimus jis turi, partija turi, bet nesakys. O kam? Kas j\u016bs tokie, kad a\u0161 jums saky\u010diau? Kaip jau\u010diasi \u0161it\u0173 kult\u016bros centr\u0173 darbuotojai, kurie veik\u0117, dirbo, k\u016br\u0117, stat\u0117 spektaklius, ve\u017e\u0117 chorus \u012f Dain\u0173 \u0161vent\u0119 u\u017e minimalius pinigus, repetavo ne\u0161ildomoje sal\u0117je? Paklauskite j\u0173, kaip jie \u0161iandien jau\u010diasi. Ir j\u016bs su\u017einosite, koki\u0105 \u017eal\u0105 \u0161ita politika daro Lietuvos kult\u016bros laukui. Paskambinkite tiems \u017emon\u0117ms \u012f Ramygal\u0105. \u012e Krekenav\u0105.<\/p>\n<p>\u2013 Kalbate apie motyvacij\u0105. Tik prasid\u0117jus visam bruzdesiui kult\u016bros bendruomen\u0117je i\u0161plito ir tam tikri lai\u0161kai, kur \u017emon\u0117s buvo raginami laikytis neutralumo, neprotestuoti. Pasiprie\u0161inti tikrai yra sunkiau tiems, kurie, kaip sakote, gyvena ma\u017eesniuose miestuose, regionuose. J\u016bs ir pats mitinge raginote juos nebijoti, vienytis. Kiek da\u017eni yra tokie spaudimo atvejai?<\/p>\n<p>\u2013 Kiekvien\u0105 dien\u0105. Mes juos girdime de\u0161imtimis kasdien i\u0161 Lietuvos savivaldybi\u0173. Visus \u0161ituos \u017emones mes remsime, ginsime, juos palaikysime, dr\u0105sinsime, pad\u0117sime jiems teisi\u0161kai per savo kontaktus ir per savo partnerius. Mes pad\u0117sime jiems \u017eod\u017eiu, mes atvyksime, mes su jais kalb\u0117sime, mes pad\u0117sime jiems kurti, mes rasime jiems strategij\u0105 veikti, mes neapleisime n\u0117\u00a0vieno \u0161ito \u017emogaus.<\/p>\n<p>\u2013 Turb\u016bt tikslu b\u016bt\u0173 pasakyti, kad Kult\u016bros ministerija tikriausiai dar niekada nebuvo sulaukusi tiek d\u0117mesio. Ar tai rei\u0161kia, kad j\u016bs nuo \u0161iol ir vis\u0105 kadencij\u0105 dar atid\u017eiau steb\u0117site \u0161ios ministerijos veikl\u0105?<\/p>\n<p>\u2013 Mes nesteb\u0117sime \u2013 mes kursime ilgalaik\u0119 kult\u016bros politik\u0105. Mes matome, kad politin\u0117 vald\u017eia nepaj\u0117gi to padaryti ir to nepadarys, bet mes tai padarysime. Mes susikursime kult\u016bros strategij\u0105 Lietuvai, mes susikursime \u0161ito lauko veikimo model\u012f taip, kad jis niekada nebeatsidurt\u0173 \u0161itoje situacijoje.<\/p>\n<p>Per \u0161ituos trejus metus mes tai padarysime, gal padarysime gerokai grei\u010diau, prie to jau dirba m\u016bs\u0173 komanda kiekvien\u0105 dien\u0105. Kadangi patys u\u017e savo lauk\u0105 atsistojome protestuoti, mes patys pirmiausia ir prad\u0117sime spr\u0119sti problemas, kuri\u0173 negali i\u0161spr\u0119sti vald\u017eia.<\/p>\n","protected":false},"excerpt":{"rendered":"Nors Lietuvos socialdemokrat\u0173 partija (LSDP) penktadien\u012f galiausiai nusprend\u0117 gr\u012f\u017eti prie pradinio savo varianto ir \u012f ministres deleguoti partiet\u0119&hellip;\n","protected":false},"author":2,"featured_media":36298,"comment_status":"","ping_status":"","sticky":false,"template":"","format":"standard","meta":{"footnotes":""},"categories":[13],"tags":[25,30,31,34,35,24,32,33,37,39,36,38,40,23,22,28,29,26,27],"class_list":{"0":"post-36297","1":"post","2":"type-post","3":"status-publish","4":"format-standard","5":"has-post-thumbnail","7":"category-lietuva","8":"tag-antrastes","9":"tag-breaking-news","10":"tag-breakingnews","11":"tag-featured-news","12":"tag-featurednews","13":"tag-headlines","14":"tag-latest-news","15":"tag-latestnews","16":"tag-lietuva","17":"tag-lietuviu","18":"tag-lithuania","19":"tag-lithuanian","20":"tag-lt","21":"tag-naujienos","22":"tag-news","23":"tag-populiariausios-naujienos","24":"tag-populiariausiosnaujienos","25":"tag-top-stories","26":"tag-topstories"},"share_on_mastodon":{"url":"https:\/\/pubeurope.com\/@lt\/115520955067494328","error":""},"_links":{"self":[{"href":"https:\/\/www.europesays.com\/lt\/wp-json\/wp\/v2\/posts\/36297","targetHints":{"allow":["GET"]}}],"collection":[{"href":"https:\/\/www.europesays.com\/lt\/wp-json\/wp\/v2\/posts"}],"about":[{"href":"https:\/\/www.europesays.com\/lt\/wp-json\/wp\/v2\/types\/post"}],"author":[{"embeddable":true,"href":"https:\/\/www.europesays.com\/lt\/wp-json\/wp\/v2\/users\/2"}],"replies":[{"embeddable":true,"href":"https:\/\/www.europesays.com\/lt\/wp-json\/wp\/v2\/comments?post=36297"}],"version-history":[{"count":0,"href":"https:\/\/www.europesays.com\/lt\/wp-json\/wp\/v2\/posts\/36297\/revisions"}],"wp:featuredmedia":[{"embeddable":true,"href":"https:\/\/www.europesays.com\/lt\/wp-json\/wp\/v2\/media\/36298"}],"wp:attachment":[{"href":"https:\/\/www.europesays.com\/lt\/wp-json\/wp\/v2\/media?parent=36297"}],"wp:term":[{"taxonomy":"category","embeddable":true,"href":"https:\/\/www.europesays.com\/lt\/wp-json\/wp\/v2\/categories?post=36297"},{"taxonomy":"post_tag","embeddable":true,"href":"https:\/\/www.europesays.com\/lt\/wp-json\/wp\/v2\/tags?post=36297"}],"curies":[{"name":"wp","href":"https:\/\/api.w.org\/{rel}","templated":true}]}}