{"id":36321,"date":"2025-11-09T18:32:08","date_gmt":"2025-11-09T18:32:08","guid":{"rendered":"https:\/\/www.europesays.com\/lt\/36321\/"},"modified":"2025-11-09T18:32:08","modified_gmt":"2025-11-09T18:32:08","slug":"po-gimtadienio-i-sarm-el-seih-nerijus-juska-su-seima-leidosi-i-pasakiska-kelione","status":"publish","type":"post","link":"https:\/\/www.europesays.com\/lt\/36321\/","title":{"rendered":"Po gimtadienio \u2013 \u012f \u0160arm el \u0160eih: Nerijus Ju\u0161ka su \u0161eima leidosi \u012f pasaki\u0161k\u0105 kelion\u0119"},"content":{"rendered":"<p>Jau kelias dienas N. Ju\u0161kos sek\u0117jai socialiniuose tinkluose gali matyti atostog\u0173 akimirkas, kuriomis dalijasi jo \u0161eima. Kartu su \u017emona ir vaikais garsusis baleto primarijus nusprend\u0117 trumpam atsikv\u0117pti ir i\u0161 karto po at\u0161v\u0119sto gimtaidneio i\u0161vyko \u012f populiar\u0173 Egipto kurort\u0105 prie Raudonosios j\u016bros \u2013 \u0160arm el \u0160eih\u0105.<\/p>\n<p>Pana\u0161u, kad \u0161eima i\u0161ties m\u0117gaujasi ramiomis kelion\u0117s akimirkomis. Jau sp\u0117jo aplankyti \u010dia esan\u010di\u0105 me\u010det\u0119, pasim\u0117gauti maudyn\u0117mis j\u016broje ir saul\u0117s spinduliais.<\/p>\n<p>\u201eTarp dykumos ir j\u016bros. Skaidrus vanduo, koraliniai rifai ir begalin\u0117 ramyb\u0117\u201c, \u2013 ra\u0161\u0117 N. Ju\u0161ka pasidalij\u0119s dar keliomis atostog\u0173 akimirkomis.<\/p>\n<p>Ketvirtadien\u012f N. Ju\u0161ka papasakojo ir apie savo \u0161eimos patirt\u012f \u201eSeven Pools\u201c nat\u016brali\u0173 basein\u0173 ir koralinio rifo zonoje, kuris, anot jo, yra Dahabe, Sinajaus pusiasalyje, prie Raudonosios j\u016bros. <\/p>\n<p>\u201eTai viena i\u0161 populiariausi\u0173 viet\u0173 nardymui su kauke (snorkelingui) ir pavir\u0161iniam plaukimui d\u0117l itin \u0161varaus vandens, spalving\u0173 koral\u0173 ir gausyb\u0117s tropini\u0173 \u017euv\u0173\u201c, \u2013 ra\u0161\u0117 N. Ju\u0161ka.<\/p>\n<p>Prie\u0161 dvi dienas garsus vyras parod\u0117 viet\u0105, kurioje apsistojo kartu su \u0161eima. Nuotraukose galima matyti, kad visi m\u0117gaujasi didele basein\u0173, esan\u010di\u0173 \u0161alie vie\u0161bu\u010dio erdve bei skaniu maistu.<\/p>\n<p>\u201eTaip atrodo laikini m\u016bs\u0173 namai\u201c, \u2013 ra\u0161\u0117 N. Ju\u0161ka.<\/p>\n","protected":false},"excerpt":{"rendered":"Jau kelias dienas N. Ju\u0161kos sek\u0117jai socialiniuose tinkluose gali matyti atostog\u0173 akimirkas, kuriomis dalijasi jo \u0161eima. Kartu su&hellip;\n","protected":false},"author":2,"featured_media":36322,"comment_status":"","ping_status":"","sticky":false,"template":"","format":"standard","meta":{"footnotes":""},"categories":[21],"tags":[4751,113,37,39,36,38,40,7044,114],"class_list":{"0":"post-36321","1":"post","2":"type-post","3":"status-publish","4":"format-standard","5":"has-post-thumbnail","7":"category-pramogos","8":"tag-egiptas","9":"tag-entertainment","10":"tag-lietuva","11":"tag-lietuviu","12":"tag-lithuania","13":"tag-lithuanian","14":"tag-lt","15":"tag-nerijus-juska","16":"tag-pramogos"},"share_on_mastodon":{"url":"https:\/\/pubeurope.com\/@lt\/115521175101675786","error":""},"_links":{"self":[{"href":"https:\/\/www.europesays.com\/lt\/wp-json\/wp\/v2\/posts\/36321","targetHints":{"allow":["GET"]}}],"collection":[{"href":"https:\/\/www.europesays.com\/lt\/wp-json\/wp\/v2\/posts"}],"about":[{"href":"https:\/\/www.europesays.com\/lt\/wp-json\/wp\/v2\/types\/post"}],"author":[{"embeddable":true,"href":"https:\/\/www.europesays.com\/lt\/wp-json\/wp\/v2\/users\/2"}],"replies":[{"embeddable":true,"href":"https:\/\/www.europesays.com\/lt\/wp-json\/wp\/v2\/comments?post=36321"}],"version-history":[{"count":0,"href":"https:\/\/www.europesays.com\/lt\/wp-json\/wp\/v2\/posts\/36321\/revisions"}],"wp:featuredmedia":[{"embeddable":true,"href":"https:\/\/www.europesays.com\/lt\/wp-json\/wp\/v2\/media\/36322"}],"wp:attachment":[{"href":"https:\/\/www.europesays.com\/lt\/wp-json\/wp\/v2\/media?parent=36321"}],"wp:term":[{"taxonomy":"category","embeddable":true,"href":"https:\/\/www.europesays.com\/lt\/wp-json\/wp\/v2\/categories?post=36321"},{"taxonomy":"post_tag","embeddable":true,"href":"https:\/\/www.europesays.com\/lt\/wp-json\/wp\/v2\/tags?post=36321"}],"curies":[{"name":"wp","href":"https:\/\/api.w.org\/{rel}","templated":true}]}}