{"id":36496,"date":"2025-11-10T04:31:08","date_gmt":"2025-11-10T04:31:08","guid":{"rendered":"https:\/\/www.europesays.com\/lt\/36496\/"},"modified":"2025-11-10T04:31:08","modified_gmt":"2025-11-10T04:31:08","slug":"sio-kvartalo-gyventojai-namus-pasiekia-patirdami-itampa-ir-nerima-nejauku-ir-suaugusiajam","status":"publish","type":"post","link":"https:\/\/www.europesays.com\/lt\/36496\/","title":{"rendered":"\u0160io kvartalo gyventojai namus pasiekia patirdami \u012ftamp\u0105 ir nerim\u0105: \u201eNejauku ir suaugusiajam\u201c"},"content":{"rendered":"<p>Tam, kad patekt\u0173 \u012f namus jiems tenka kirsti tams\u0173, neap\u0161viest\u0105 skersgatv\u012f, kuriame, kaip patys sako \u2013 nors \u012f ak\u012f durk. Ypa\u010d ruden\u012f ir \u017eiem\u0105.<\/p>\n<p>\u012e \u201eVakar\u0173 ekspres\u0105\u201c kreip\u0117si Klaip\u0117dos gyventojai, kurie, at\u0117jus tamsiam sezonui, ir v\u0117l suka galvas kaip i\u0161sivaduoti i\u0161 Helovyno siaubo film\u0105 primenan\u010dios situacijos.<\/p>\n<p>\u201eBotanikos sodo sustojime i\u0161lipus i\u0161 9,14,17 autobus\u0173 gyvenantiems Drag\u016bn\u0173 kvartale reikia praeiti skersgatv\u012f, kuris neap\u0161viestas.<\/p>\n<p>Jame n\u0117ra n\u0117 vieno \u0161viestuvo. Vakarais ir rytais taip tamsu, kad nors \u012f ak\u012f durk, kas mobiliaisiais telefonais pasi\u0161vie\u010dia, kas aklinoj tamsoj pereina t\u0105 skersgatv\u012f apgraibomis. Vaikai ypa\u010d bijo tos vietos.<\/p>\n<p>Tamsu, nejauku ir suaugusiam, gr\u012f\u017eus i\u0161 koncert\u0173, rengini\u0173 ar darbo eiti tuo skersgatviu\u201c,\u2013 \u201eVakar\u0173 ekspresui\u201c ra\u0161o gyventojai.<\/p>\n<p>\u017dmon\u0117s svarsto, kod\u0117l iki \u0161iol ap\u0161vietimo problema \u0161ioje Kretingos gatv\u0117s atkarpoje yra tiek ilgai nesprend\u017eiama ir miestui ne\u012fdomi.<\/p>\n<p>\u201eVakar\u0173 ekspresas\u201c \u0161\u012f klausim\u0105 peradresavo Klaip\u0117dos miesto savivaldybei.<\/p>\n<p>Miesto tvarkymo skyriaus ved\u0117ja Inga Kubilien\u0117 reaguodama \u012f situacij\u0105, neap\u0161viest\u0105 teritorij\u0105 i\u0161siunt\u0117 ap\u017ei\u016br\u0117ti ir \u012fvertinti UAB \u201eKlaip\u0117dos paslaugos\u201c specialistus.<\/p>\n<p>\u201eKlaip\u0117dos paslaugos\u201c informavo, kad \u0161is skersgatvis yra siauras ir turi daug po\u017eemini\u0173 komunikacij\u0173, tod\u0117l ap\u0161vietimo \u012frengimo projektavimas reikalauja papildomo pasiruo\u0161imo bei techninio \u012fvertinimo.<\/p>\n<p>Siekiant tinkamai \u012fvertinti galimybes ir parengti projekt\u0105, skersgatvis bus \u012ftrauktas \u012f 2026\u20132027 m. projektavimo plan\u0105\u201c, \u2013 geromis \u017einiomis dalijasi I.Kubilien\u0117.<\/p>\n","protected":false},"excerpt":{"rendered":"Tam, kad patekt\u0173 \u012f namus jiems tenka kirsti tams\u0173, neap\u0161viest\u0105 skersgatv\u012f, kuriame, kaip patys sako \u2013 nors \u012f&hellip;\n","protected":false},"author":2,"featured_media":36497,"comment_status":"","ping_status":"","sticky":false,"template":"","format":"standard","meta":{"footnotes":""},"categories":[13],"tags":[25,30,31,34,35,24,32,33,37,39,36,38,40,23,22,28,29,26,27],"class_list":{"0":"post-36496","1":"post","2":"type-post","3":"status-publish","4":"format-standard","5":"has-post-thumbnail","7":"category-lietuva","8":"tag-antrastes","9":"tag-breaking-news","10":"tag-breakingnews","11":"tag-featured-news","12":"tag-featurednews","13":"tag-headlines","14":"tag-latest-news","15":"tag-latestnews","16":"tag-lietuva","17":"tag-lietuviu","18":"tag-lithuania","19":"tag-lithuanian","20":"tag-lt","21":"tag-naujienos","22":"tag-news","23":"tag-populiariausios-naujienos","24":"tag-populiariausiosnaujienos","25":"tag-top-stories","26":"tag-topstories"},"share_on_mastodon":{"url":"https:\/\/pubeurope.com\/@lt\/115523530436945688","error":""},"_links":{"self":[{"href":"https:\/\/www.europesays.com\/lt\/wp-json\/wp\/v2\/posts\/36496","targetHints":{"allow":["GET"]}}],"collection":[{"href":"https:\/\/www.europesays.com\/lt\/wp-json\/wp\/v2\/posts"}],"about":[{"href":"https:\/\/www.europesays.com\/lt\/wp-json\/wp\/v2\/types\/post"}],"author":[{"embeddable":true,"href":"https:\/\/www.europesays.com\/lt\/wp-json\/wp\/v2\/users\/2"}],"replies":[{"embeddable":true,"href":"https:\/\/www.europesays.com\/lt\/wp-json\/wp\/v2\/comments?post=36496"}],"version-history":[{"count":0,"href":"https:\/\/www.europesays.com\/lt\/wp-json\/wp\/v2\/posts\/36496\/revisions"}],"wp:featuredmedia":[{"embeddable":true,"href":"https:\/\/www.europesays.com\/lt\/wp-json\/wp\/v2\/media\/36497"}],"wp:attachment":[{"href":"https:\/\/www.europesays.com\/lt\/wp-json\/wp\/v2\/media?parent=36496"}],"wp:term":[{"taxonomy":"category","embeddable":true,"href":"https:\/\/www.europesays.com\/lt\/wp-json\/wp\/v2\/categories?post=36496"},{"taxonomy":"post_tag","embeddable":true,"href":"https:\/\/www.europesays.com\/lt\/wp-json\/wp\/v2\/tags?post=36496"}],"curies":[{"name":"wp","href":"https:\/\/api.w.org\/{rel}","templated":true}]}}