{"id":36961,"date":"2025-11-10T15:21:09","date_gmt":"2025-11-10T15:21:09","guid":{"rendered":"https:\/\/www.europesays.com\/lt\/36961\/"},"modified":"2025-11-10T15:21:09","modified_gmt":"2025-11-10T15:21:09","slug":"zemaitaiciui-prezidenturos-kritika-jis-gyvena-alternatyvioje-realybeje","status":"publish","type":"post","link":"https:\/\/www.europesays.com\/lt\/36961\/","title":{"rendered":"\u017demaitai\u010diui \u2013 prezident\u016bros kritika: jis gyvena alternatyvioje realyb\u0117je"},"content":{"rendered":"<p><img decoding=\"async\" src=\"https:\/\/static.delfi.lt\/portal\/images\/article\/icon-pullout.svg\" alt=\"\"\/> <\/p>\n<p>\u201eTaip, tai yra bandymas kurti alternatyvi\u0105 u\u017esienio politik\u0105. Ta\u010diau kas gal\u0117t\u0173 paneigti, kad p. \u017demaitaitis gyvena alternatyvioje realyb\u0117je?\u201c \u2013 Eltai atsi\u0173stame atsakyme teig\u0117 Prezident\u016bros atstovai. <\/p>\n<p>Kaip skelbta, \u201eNemuno au\u0161ros\u201c pirmininkas R. \u017demaitaitis pirmadien\u012f susitiko su Vengrijos u\u017esienio reikal\u0173 ministru P. Szijjartu.<\/p>\n<p>\u201eAu\u0161rie\u010di\u0173\u201c lyderis teig\u0117 Vengrijos diplomatijos vadovui pad\u0117koj\u0119s u\u017e jo \u0161alies ind\u0117l\u012f vykdant NATO oro policijos misij\u0105 Baltijos \u0161alyse bei aptar\u0119s kitus, jo at\u017evilgiu, aktualius klausimus. Jis taip pat sak\u0117 nesibaiminantis oponent\u0173 kritikos d\u0117l susitikimo su prie\u0161taringai vertinamu Vengrijos politiku. <\/p>\n<p>Savo ruo\u017etu premjer\u0117s patar\u0117jas Ignas Dobrovolskas ragino laikytis vienos u\u017esienio politikos linijos.<\/p>\n<p>P. Szijjarto ministro pareigas eina nuo 2014 m. ir yra vienas i\u0161 artimiausi\u0173 Vengrijos premjero Viktoro Orbano komandos \u017emoni\u0173.<\/p>\n<p>Pastaruoju metu R. \u017demaitaitis \u017eeria kritik\u0105 Lietuvos u\u017esienio politikai. Politiko vertinimu, netinkama u\u017esienio politika griauna pasitik\u0117jim\u0105 valstybe. Be to, \u201eNemuno au\u0161ros\u201c lyderio manymu, b\u016btent d\u0117l netinkam\u0173 diplomatini\u0173 sprendim\u0173 Lietuva nesusitvarko su kontrabandini\u0173 balion\u0173 antpl\u016bd\u017eiu i\u0161 Baltarusijos. <\/p>\n<p>\u201eAu\u0161rie\u010di\u0173\u201c pirmininkas negaili pastab\u0173 ir \u0161alies diplomatijos vadovui K\u0119stu\u010diui Budriui, vadindamas politik\u0105 \u201ebaud\u017eiauninko mentaliteto \u017emogu\u010diu\u201c. Naujien\u0173 portalui \u201eDelfi\u201c pirmadien\u012f politikas u\u017esimin\u0117 man\u0105s, kad ministrei pirmininkei der\u0117t\u0173 atsisveikinti su K. Budriu.<\/p>\n","protected":false},"excerpt":{"rendered":"\u201eTaip, tai yra bandymas kurti alternatyvi\u0105 u\u017esienio politik\u0105. Ta\u010diau kas gal\u0117t\u0173 paneigti, kad p. \u017demaitaitis gyvena alternatyvioje realyb\u0117je?\u201c&hellip;\n","protected":false},"author":2,"featured_media":36962,"comment_status":"","ping_status":"","sticky":false,"template":"","format":"standard","meta":{"footnotes":""},"categories":[13],"tags":[25,30,31,34,35,24,32,33,37,39,36,38,40,23,22,10093,28,29,68,26,27],"class_list":{"0":"post-36961","1":"post","2":"type-post","3":"status-publish","4":"format-standard","5":"has-post-thumbnail","7":"category-lietuva","8":"tag-antrastes","9":"tag-breaking-news","10":"tag-breakingnews","11":"tag-featured-news","12":"tag-featurednews","13":"tag-headlines","14":"tag-latest-news","15":"tag-latestnews","16":"tag-lietuva","17":"tag-lietuviu","18":"tag-lithuania","19":"tag-lithuanian","20":"tag-lt","21":"tag-naujienos","22":"tag-news","23":"tag-peteris-szijjarto","24":"tag-populiariausios-naujienos","25":"tag-populiariausiosnaujienos","26":"tag-remigijus-zemaitaitis","27":"tag-top-stories","28":"tag-topstories"},"share_on_mastodon":{"url":"https:\/\/pubeurope.com\/@lt\/115526086406063845","error":""},"_links":{"self":[{"href":"https:\/\/www.europesays.com\/lt\/wp-json\/wp\/v2\/posts\/36961","targetHints":{"allow":["GET"]}}],"collection":[{"href":"https:\/\/www.europesays.com\/lt\/wp-json\/wp\/v2\/posts"}],"about":[{"href":"https:\/\/www.europesays.com\/lt\/wp-json\/wp\/v2\/types\/post"}],"author":[{"embeddable":true,"href":"https:\/\/www.europesays.com\/lt\/wp-json\/wp\/v2\/users\/2"}],"replies":[{"embeddable":true,"href":"https:\/\/www.europesays.com\/lt\/wp-json\/wp\/v2\/comments?post=36961"}],"version-history":[{"count":0,"href":"https:\/\/www.europesays.com\/lt\/wp-json\/wp\/v2\/posts\/36961\/revisions"}],"wp:featuredmedia":[{"embeddable":true,"href":"https:\/\/www.europesays.com\/lt\/wp-json\/wp\/v2\/media\/36962"}],"wp:attachment":[{"href":"https:\/\/www.europesays.com\/lt\/wp-json\/wp\/v2\/media?parent=36961"}],"wp:term":[{"taxonomy":"category","embeddable":true,"href":"https:\/\/www.europesays.com\/lt\/wp-json\/wp\/v2\/categories?post=36961"},{"taxonomy":"post_tag","embeddable":true,"href":"https:\/\/www.europesays.com\/lt\/wp-json\/wp\/v2\/tags?post=36961"}],"curies":[{"name":"wp","href":"https:\/\/api.w.org\/{rel}","templated":true}]}}