{"id":37942,"date":"2025-11-11T22:06:16","date_gmt":"2025-11-11T22:06:16","guid":{"rendered":"https:\/\/www.europesays.com\/lt\/37942\/"},"modified":"2025-11-11T22:06:16","modified_gmt":"2025-11-11T22:06:16","slug":"dubai-pries-rungtynes-su-zalgiriu-nutrauke-motiejuno-ekipos-dominavima","status":"publish","type":"post","link":"https:\/\/www.europesays.com\/lt\/37942\/","title":{"rendered":"\u201eDubai\u201c prie\u0161 rungtynes su \u201e\u017dalgiriu\u201c nutrauk\u0117 Motiej\u016bno ekipos dominavim\u0105"},"content":{"rendered":"<p>\u201eDubai\u201c var\u017eovus pranoko 102:86 (29:21, 22:26, 18:18, 33:21). Serbijos ekipai tai buvo pirma nes\u0117km\u0117 po septyni\u0173 i\u0161 eil\u0117s pergali\u0173.<\/p>\n<p>Donatas Motiej\u016bnas Belgrado klubui per 16 minu\u010di\u0173 peln\u0117 12 ta\u0161k\u0173 (4\/5 dvit., 1\/1 trit., 1\/4 baud.), atkovojo 4 kamuolius, atliko rezultatyv\u0173 perdavim\u0105 ir surinko 12 naudingumo bal\u0173.<\/p>\n<p>\u201eDubai\u201c penktadien\u012f namie priims Kauno \u201e\u017dalgir\u012f\u201c (7-2), kuris tre\u010diadien\u012f Pir\u0117juje dar su\u017eais su \u201eOlympiakos\u201c (6-3).<\/p>\n<p>\u201eCrvena Zvezda\u201c vert\u0117si be b\u016brio traumuot\u0173 \u017eaid\u0117j\u0173, o prie \u0161i\u0173 prie\u0161 pat rungtynes prisijung\u0117 ir antras naudingiausias ekipos \u017eaid\u0117jas Chima Moneke, ap\u0161ilimo metu pajut\u0119s skausmus.<\/p>\n<p>\u201eDubai\u201c \u0161iose rungtyn\u0117se atrado netik\u0117t\u0105 lyder\u012f \u2013 iki tol Eurolygoje po 1,7 ta\u0161ko rinkus\u012f centr\u0105 Kenan\u0105 Kamenja\u0161\u0105. 25-eri\u0173 bosnis suvert\u0117 20 ta\u0161k\u0173 (9\/12 dvit., 2\/4 baud.), sugrieb\u0117 9 kamuolius ir surinko 29 naudingumo balus.<\/p>\n<p>\u0160eimininkai pirmavo did\u017ei\u0105j\u0105 rungtyni\u0173 dal\u012f, bet serbai laik\u0117si \u0161alia iki ketvirto k\u0117linio vidurio. Vis tik tada McKinley Wrightas IV ir Klemenas Prepeli\u010dius smeig\u0117 po trita\u0161k\u012f, d\u0117jim\u0105 greitoje atakoje prid\u0117jo Dwayne\u2019as Baconas ir \u201eDubai\u201c nur\u016bko \u012f priek\u012f 90:75.<\/p>\n<p>\u201eDubai\u201c: K. Kamenja\u0161as 20, M. Wrightas IV 18, A. Avramovi\u010dius 17, D. Baconas 16, F. Petru\u0161evas 13, K. Prepeli\u010dius ir D. Bertanis po 8.<\/p>\n<p>\u201eCrvena Zvezda\u201c: E. Izundu 16, S. Ojeleye 15, D. Motiej\u016bnas 12, J. Butleris 10, C. Milleris-McIntyre\u2019as ir O. Dobri\u010dius po 9.<\/p>\n","protected":false},"excerpt":{"rendered":"\u201eDubai\u201c var\u017eovus pranoko 102:86 (29:21, 22:26, 18:18, 33:21). Serbijos ekipai tai buvo pirma nes\u0117km\u0117 po septyni\u0173 i\u0161 eil\u0117s&hellip;\n","protected":false},"author":2,"featured_media":37943,"comment_status":"","ping_status":"","sticky":false,"template":"","format":"standard","meta":{"footnotes":""},"categories":[19],"tags":[3293,37,39,36,38,40,47,104],"class_list":{"0":"post-37942","1":"post","2":"type-post","3":"status-publish","4":"format-standard","5":"has-post-thumbnail","7":"category-sportas","8":"tag-donatas-motiejunas","9":"tag-lietuva","10":"tag-lietuviu","11":"tag-lithuania","12":"tag-lithuanian","13":"tag-lt","14":"tag-sportas","15":"tag-sports"},"share_on_mastodon":{"url":"https:\/\/pubeurope.com\/@lt\/115533341183401412","error":""},"_links":{"self":[{"href":"https:\/\/www.europesays.com\/lt\/wp-json\/wp\/v2\/posts\/37942","targetHints":{"allow":["GET"]}}],"collection":[{"href":"https:\/\/www.europesays.com\/lt\/wp-json\/wp\/v2\/posts"}],"about":[{"href":"https:\/\/www.europesays.com\/lt\/wp-json\/wp\/v2\/types\/post"}],"author":[{"embeddable":true,"href":"https:\/\/www.europesays.com\/lt\/wp-json\/wp\/v2\/users\/2"}],"replies":[{"embeddable":true,"href":"https:\/\/www.europesays.com\/lt\/wp-json\/wp\/v2\/comments?post=37942"}],"version-history":[{"count":0,"href":"https:\/\/www.europesays.com\/lt\/wp-json\/wp\/v2\/posts\/37942\/revisions"}],"wp:featuredmedia":[{"embeddable":true,"href":"https:\/\/www.europesays.com\/lt\/wp-json\/wp\/v2\/media\/37943"}],"wp:attachment":[{"href":"https:\/\/www.europesays.com\/lt\/wp-json\/wp\/v2\/media?parent=37942"}],"wp:term":[{"taxonomy":"category","embeddable":true,"href":"https:\/\/www.europesays.com\/lt\/wp-json\/wp\/v2\/categories?post=37942"},{"taxonomy":"post_tag","embeddable":true,"href":"https:\/\/www.europesays.com\/lt\/wp-json\/wp\/v2\/tags?post=37942"}],"curies":[{"name":"wp","href":"https:\/\/api.w.org\/{rel}","templated":true}]}}