{"id":38026,"date":"2025-11-12T03:27:09","date_gmt":"2025-11-12T03:27:09","guid":{"rendered":"https:\/\/www.europesays.com\/lt\/38026\/"},"modified":"2025-11-12T03:27:09","modified_gmt":"2025-11-12T03:27:09","slug":"ministras-su-jav-pareigunais-apie-trasu-tranzito-draudimo-svelninima-kalbama-nebuvo","status":"publish","type":"post","link":"https:\/\/www.europesays.com\/lt\/38026\/","title":{"rendered":"Ministras: su JAV pareig\u016bnais apie tr\u0105\u0161\u0173 tranzito draudimo \u0161velninim\u0105 kalbama nebuvo"},"content":{"rendered":"<p>\u201eD\u0117l tr\u0105\u0161\u0173 tranzito, tai Europos S\u0105jungos sankcijos ir Lietuvos nacionalin\u0117s priemon\u0117s. Apie tai nekalb\u0117jome, tai n\u0117ra \u012fd\u0117ta \u012f bendr\u0105 pokalbi\u0173 tem\u0173 s\u0105ra\u0161\u0105. Tai yra m\u016bs\u0173 reikalas\u201c, \u2013 LRT televizijos laidai \u201eDienos tema\u201c antradien\u012f sak\u0117 Lietuvos diplomatijos vadovas.<\/p>\n<p>\u201eTai, k\u0105 daro JAV, \u017einoma, kad koordinuojasi, informuoja, bet tai jie daro dvi\u0161aliai. M\u016bs\u0173 sankcijos yra ES reikalas. Nebuvo tos temos. \u010cia buvo nuog\u0105stavim\u0173, kad bus pareikalauta ir pana\u0161iai, kaip s\u0105lyga tai nebuvo to\u201c, \u2013 teig\u0117 jis.<\/p>\n<p>K.Budrys Va\u0161ingtone \u0161i\u0105 savait\u0119 susitiko su JAV valstyb\u0117s sekretoriumi Marco Rubio, JAV specialiuoju pasiuntiniu Baltarusijai Johnu Coale\u2018u.<\/p>\n<p>Pasak ministro, \u0161veln\u0117jantis Va\u0161ingtono tonas Minsko at\u017evilgiu yra susij\u0119s su JAV noru i\u0161laisvinti politinius kalinius visame pasaulyje.<\/p>\n<p>\u201eManau, kad jei kam nors ir gali pavykti, tai tik jiems, nes niekas kitas nei pakelt\u0173 tokio klausimo, nei toki\u0173 \u012franki\u0173 turi. Amerikie\u010diai prad\u0117jo globali\u0105 vis\u0173 politini\u0173 \u012fkait\u0173 ir belaisvi\u0173 i\u0161laisvinimo kampanij\u0105, jie tai daro Azijoje, Afrikoje, Piet\u0173 Amerikoje, taip pat ir Baltarusijoje, jie mano, kad galima pasiekti rezultat\u0105, ir a\u0161 labai noriu, kad pavykt\u0173 tas rezultatas\u201c, \u2013 kalb\u0117jo K.Budrys.<\/p>\n<p>\u201eBet tikrai negalima leisti, kad siekiant to rezultato (Aliaksandras \u2013 BNS) Luka\u0161enka \u012fsijaust\u0173, manyt\u0173, kad jis dabar gali sau leisti naudoti hibridines atakas prie\u0161 kaimynus. Apie tai ir \u0161nek\u0117jome. Tai negali b\u016bti to kaina ir mes \u010dia turime supratim\u0105\u201c, \u2013 teig\u0117 jis.<\/p>\n<p>Kaip ra\u0161\u0117 BNS, po JAV ir Baltarusijos deryb\u0173 i\u0161 pastarosios \u0161alies kal\u0117jim\u0173 bir\u017eel\u012f ir rugs\u0117j\u012f paleista per 60 kalini\u0173, tarp j\u0173 \u2013 ir \u0161e\u0161i Lietuvos pilie\u010diai. Po to JAV panaikino sankcijas baltarusi\u0173 oro ve\u017e\u0117jai \u201eBelavia\u201c.<\/p>\n<p>Tai paskatino diskusijas, jog Va\u0161ingtonas gali spausti Vilni\u0173, be kita ko, atnaujinti baltarusi\u0161k\u0173 tr\u0105\u0161\u0173 eksporto tranzit\u0105 per Klaip\u0117dos uost\u0105.<\/p>\n<p>\u201eBelaruskalij\u201c preki\u0173 tranzitas per Lietuv\u0105 \u012f Klaip\u0117dos uost\u0105 nutrauktas 2022 met\u0173 vasario 1-\u0105j\u0105, Vyriausybei patvirtinus, jog iki 2023 met\u0173 pabaigos tur\u0117jusi galioti sutartis tarp \u201eLietuvos gele\u017einkeli\u0173\u201c ir \u201eBelaruskalij\u201c neatitinka \u0161alies saugumo interes\u0173. <\/p>\n","protected":false},"excerpt":{"rendered":"\u201eD\u0117l tr\u0105\u0161\u0173 tranzito, tai Europos S\u0105jungos sankcijos ir Lietuvos nacionalin\u0117s priemon\u0117s. Apie tai nekalb\u0117jome, tai n\u0117ra \u012fd\u0117ta \u012f&hellip;\n","protected":false},"author":2,"featured_media":38027,"comment_status":"","ping_status":"","sticky":false,"template":"","format":"standard","meta":{"footnotes":""},"categories":[13],"tags":[25,30,31,34,35,24,32,33,37,39,36,38,40,23,22,28,29,26,27],"class_list":{"0":"post-38026","1":"post","2":"type-post","3":"status-publish","4":"format-standard","5":"has-post-thumbnail","7":"category-lietuva","8":"tag-antrastes","9":"tag-breaking-news","10":"tag-breakingnews","11":"tag-featured-news","12":"tag-featurednews","13":"tag-headlines","14":"tag-latest-news","15":"tag-latestnews","16":"tag-lietuva","17":"tag-lietuviu","18":"tag-lithuania","19":"tag-lithuanian","20":"tag-lt","21":"tag-naujienos","22":"tag-news","23":"tag-populiariausios-naujienos","24":"tag-populiariausiosnaujienos","25":"tag-top-stories","26":"tag-topstories"},"share_on_mastodon":{"url":"https:\/\/pubeurope.com\/@lt\/115534603415690787","error":""},"_links":{"self":[{"href":"https:\/\/www.europesays.com\/lt\/wp-json\/wp\/v2\/posts\/38026","targetHints":{"allow":["GET"]}}],"collection":[{"href":"https:\/\/www.europesays.com\/lt\/wp-json\/wp\/v2\/posts"}],"about":[{"href":"https:\/\/www.europesays.com\/lt\/wp-json\/wp\/v2\/types\/post"}],"author":[{"embeddable":true,"href":"https:\/\/www.europesays.com\/lt\/wp-json\/wp\/v2\/users\/2"}],"replies":[{"embeddable":true,"href":"https:\/\/www.europesays.com\/lt\/wp-json\/wp\/v2\/comments?post=38026"}],"version-history":[{"count":0,"href":"https:\/\/www.europesays.com\/lt\/wp-json\/wp\/v2\/posts\/38026\/revisions"}],"wp:featuredmedia":[{"embeddable":true,"href":"https:\/\/www.europesays.com\/lt\/wp-json\/wp\/v2\/media\/38027"}],"wp:attachment":[{"href":"https:\/\/www.europesays.com\/lt\/wp-json\/wp\/v2\/media?parent=38026"}],"wp:term":[{"taxonomy":"category","embeddable":true,"href":"https:\/\/www.europesays.com\/lt\/wp-json\/wp\/v2\/categories?post=38026"},{"taxonomy":"post_tag","embeddable":true,"href":"https:\/\/www.europesays.com\/lt\/wp-json\/wp\/v2\/tags?post=38026"}],"curies":[{"name":"wp","href":"https:\/\/api.w.org\/{rel}","templated":true}]}}