{"id":38068,"date":"2025-11-12T05:33:07","date_gmt":"2025-11-12T05:33:07","guid":{"rendered":"https:\/\/www.europesays.com\/lt\/38068\/"},"modified":"2025-11-12T05:33:07","modified_gmt":"2025-11-12T05:33:07","slug":"jau-zino-kokie-orai-laukia-per-sv-kaledas-viska-parode-pati-gamta","status":"publish","type":"post","link":"https:\/\/www.europesays.com\/lt\/38068\/","title":{"rendered":"Jau \u017eino, kokie orai laukia per \u0161v. Kal\u0117das: visk\u0105 parod\u0117 pati gamta"},"content":{"rendered":"\n<p>Naujien\u0173 portalui <a href=\"https:\/\/www.tv3.lt\/programos\/tv3\/pilna\" target=\"_blank\" class=\"phrase\" rel=\"nofollow noopener\">tv3<\/a>.lt apie \u0161v. Martyno dienos reik\u0161m\u0119 sutiko pakomentuoti <a href=\"https:\/\/www.tv3.lt\/naujiena\/lietuva\/etnologas-paaiskino-kodel-taip-sunku-prognozuoti-sios-vasaros-orus-n1342488\" rel=\"nofollow noopener\" target=\"_blank\">etnologas <\/a><a href=\"https:\/\/www.tv3.lt\/naujiena\/gyvenimas\/libertas-klimka-papasakojo-apie-stebuklinga-kaledini-burtazodi-zmones-to-labai-laukdavo-n1383286\" rel=\"nofollow noopener\" target=\"_blank\">Libertas Klimka<\/a>. Jis nesl\u0117p\u0117, kad <a href=\"https:\/\/www.tv3.lt\/gaires\/sv-martynas\" target=\"_blank\" rel=\"nofollow noopener\">\u0161v. Martynas<\/a> buvo tarsi atskaitos ta\u0161kas, \u017eym\u0117j\u0119s per\u0117jim\u0105 i\u0161 rudens \u012f \u017eiemos laik\u0105.<\/p>\n<p> Piemenims prasid\u0117davo mokslo metai <\/p>\n<p>Kaip pasakojo pa\u0161nekovas, pirmiausia\u00a0\u0161i diena b\u016bdavo svarbi piemenims, nes baigdavosi ganiava ir prasid\u0117davo mokslo metai.<\/p>\n<p>Sutartys su skerd\u017eiais, vyriausiais piemenimis, baigdavosi per \u0161v. Martyno dien\u0105, d\u0117l to da\u017eniausiai piemenys \u0161iuo laiku b\u016bdavo i\u0161leid\u017eiami \u012f mokykl\u0105.<\/p>\n<p>\u201eSutartyje b\u016bdavo nurodoma, kiek skerd\u017eius turi gauti bulvi\u0173, gr\u016bd\u0173, dar\u017eovi\u0173. Jis \u0161i\u0105 dien\u0105 gaudavo u\u017edarb\u012f, susikraudavo \u012f ve\u017eim\u0105 ir i\u0161vykdavo \u012f savo kaim\u0105.<\/p>\n<p>Tada vaikai pasilikdavo vieni. Jeigu orai neb\u016bdavo dar labai \u0161alti, jeigu dar b\u016bdavo \u017eol\u0117, tai ganiava b\u016bdavo prat\u0119siama. Kaime b\u016bdavo ganoma tol, kol b\u016bdavo \u017eol\u0117s\u201c, \u2013 pasakojo L. Klimka.<\/p>\n<p>Tiesa, etnologas pa\u017eym\u0117jo ir tai, kad piemenims ganymas jau b\u016bdavo \u012fgris\u0119s ir juos viliodavo \u0161ilta klas\u0117, kurioje b\u016bdavo galima mokytis.<\/p>\n<p>D\u0117l to piemenys naudodavo burtus, kurie tur\u0117davo pritraukti snieg\u0105. Pasak L. Klimkos, \u0161i\u0173 burt\u0173 i\u0161takos \u2013 pagonyb\u0117s laikai.<\/p>\n<p>\u201eVaikai pasirinkdavo pami\u0161k\u0117je balt\u0105 ber\u017e\u0105, aplink t\u0105 balt\u0105 ber\u017e\u0105 vesdavo balt\u0105 o\u017e\u012f. Tas vedimas b\u016bdavo pagal tam tikras taisykles \u2013 b\u016btinai pagal saul\u0117s tek\u0117jimo krypt\u012f, tris kartus apvedama ir dainuojamos dainos.<\/p>\n<p>Vienas piemenukas, kuris pramiegojo pavasar\u012f pirm\u0105j\u0105 ganiav\u0105, \u0161i\u0105 dien\u0105 tur\u0117davo eiti paskui o\u017e\u012f \u012fsikand\u0119s \u012f jo uodeg\u0105 \u2013 tokie b\u016bdavo pajuokavimai.<\/p>\n<p>O \u0161tai vyriausias piemenukas \u012flipdavo \u012f med\u012f ir sakydavo pamoksl\u0105, kaip vaikams mokykloje elgtis, kokias i\u0161daigas kr\u0117sti ir pana\u0161iai\u201c, \u2013 vaiki\u0161ku \u017eaidimu dalijosi jis.<\/p>\n<p>L. Klimka teig\u0117, kad, etnolog\u0173 nuomone, \u0161is \u017eaidimas yra at\u0117j\u0119s i\u0161 sen\u0173, pagoni\u0161k\u0173 laik\u0173, kuomet \u017eem\u0117s dievams b\u016bdavo aukojamas o\u017eys.<\/p>\n<p>     <a href=\"https:\/\/www.tv3.lt\/Uploads\/UGallery\/photos\/e6\/f3\/73\/c6\/e6f373c61be2a2530c12cb1a0f51974c.jpg\" data-fancybox=\"photos-embed\" data-caption=\"Libertas Klimka\" target=\"_self\" rel=\"nofollow noopener\"> <img decoding=\"async\" class=\"photo-inside-article\" align=\"center\" alt=\"Libertas Klimka\" title=\"Libertas Klimka\" src=\"https:\/\/www.europesays.com\/lt\/wp-content\/uploads\/2025\/11\/e6f373c61be2a2530c12cb1a0f51974c.jpg\" width=\"684\" height=\"654\" loading=\"lazy\" \/> <\/a>       Valstie\u010diai susimok\u0117davo duokles <\/p>\n<p>Po vis\u0173 darb\u0173 \u0161v. Martynas taip pat b\u016bdavo reik\u0161mingas valstie\u010diams, nes \u0161ios dienos metu baigdavosi darbai laukuose ir reik\u0117davo su visais atsiskaityti.<\/p>\n<p>Pirmiausia\u00a0b\u016bdavo atsiskaitoma su valdovu, kuris tur\u0117davo i\u0161 valstie\u010di\u0173 duokli\u0173 i\u0161laikyti valstyb\u0117s strukt\u016br\u0105, savo armij\u0105.<\/p>\n<p>\u201ePaskui \u017ei\u016br\u0117davo, kas priklauso dvarui, t\u0105 reikdavo atiduoti. O kai b\u016bdavo atsiskaitoma su valdovu ir su dvaru, tada atsiskaitydavo su kaimo amatininkais\u201c, \u2013 sak\u0117 L. Klimka.<\/p>\n<p>\u00a0Etnologas ai\u0161kino, kad atsiskaitymas vykdavo ne pinigais, kaip dabar, o nat\u016bra \u2013 maisto produktais, kuriuos pavyko u\u017eauginti.<\/p>\n<p>Valstie\u010diai susimok\u0117davo mal\u016bnininkams, kalviams, puod\u017eiams, pribuv\u0117joms \u2013 visiems, kuri\u0173 paslaug\u0173 reik\u0117davo.<\/p>\n<p>\u201eD\u0117l to \u0161v. Martynas dar yra vadinamas skol\u0173 atidavimo diena\u201c, \u2013 apie dar vien\u0105 dienos reik\u0161m\u0119 kalb\u0117jo pa\u0161nekovas.<\/p>\n<p> Kokios Kal\u0117dos laukia? <\/p>\n<p>Galiausiai L. Klimka prabilo apie \u0161v. Martyno dienos or\u0173 sp\u0117jimus. Jis atskleid\u0117, kad \u0161i diena tiksliausiai nusakydavo, kokios \u0161v. Kal\u0117dos laukia.<\/p>\n<p>\u201e\u0160v. Martynas yra paskutin\u0117 rudens \u0161vent\u0117, po \u0161v. Martyno dienos prasideda pusiau\u017eiemis. Tai toks laikas, kai nei \u017eiema, nei ruduo, jis t\u0119siasi iki \u0161v. Andrejaus, lapkri\u010dio 30 dienos.<\/p>\n<p>Yra net toks pasakymas \u2013 koks pusiau\u017eiemis atjos, tokia ir \u017eiema bus. Jeigu pusiau\u017eiemis bus su atlyd\u017eiais, su pasnigimais, kaip obuolmu\u0161is \u017eirgas, tai at\u0117jusi \u017eiema i\u0161 vienos rankov\u0117s barstys snieg\u0105, i\u0161 kitos \u2013 \u0161alt\u012f.<\/p>\n<p>Visas tas pusiau\u017eiemio laikotarpis yra prana\u0161ingas, parodantis, koks bus \u017eiema\u201c, \u2013 pasakojo jis.<\/p>\n<p>L. Klimka pasakojo, kad senov\u0117je lietuviai vadovaudavosi patarle \u2013 jeigu per \u0161v. Martyn\u0105 \u017e\u0105sis b\u016bdavo ant vandens, tai per \u0161v. Kal\u0117das tur\u0117t\u0173 b\u016bti ant ledo, o jeigu per \u0161v. Martyn\u0105 \u017e\u0105sis ant ledo, tada per \u0161v. Kal\u0117das tur\u0117t\u0173 b\u016bti ant vandens.<\/p>\n<p>Pasak jo, \u0161is pasakymas yra reik\u0161mingas ir orai \u2013 tiksl\u016bs. L. Klimka ai\u0161kino, kad jis kasmet per \u0161v. Martyn\u0105 u\u017esira\u0161ydavo dienos orus, o juos patikrindavo per \u0161v. Kal\u0117das. Sp\u0117jimai pasitvirtindavo.<\/p>\n<p>\u201e\u0160iandien galima matyti, kad Kal\u0117dos tur\u0117t\u0173 b\u016bti sniegingos arba pa\u0161alusios. \u017diemos prad\u017eia tur\u0117t\u0173 b\u016bti su gilia \u0161alna\u201c, \u2013 d\u017eiugiomis \u017einiomis dalijosi etnologas.<\/p>\n","protected":false},"excerpt":{"rendered":"Naujien\u0173 portalui tv3.lt apie \u0161v. Martyno dienos reik\u0161m\u0119 sutiko pakomentuoti etnologas Libertas Klimka. Jis nesl\u0117p\u0117, kad \u0161v. Martynas&hellip;\n","protected":false},"author":2,"featured_media":38069,"comment_status":"","ping_status":"","sticky":false,"template":"","format":"standard","meta":{"footnotes":""},"categories":[13],"tags":[10293,25,30,31,57,43,34,35,55,48,24,54,51,49,50,32,33,37,39,36,38,40,45,23,22,44,28,29,53,42,56,47,26,27,41,46,58,52],"class_list":{"0":"post-38068","1":"post","2":"type-post","3":"status-publish","4":"format-standard","5":"has-post-thumbnail","7":"category-lietuva","8":"tag-2025-11-11-114000","9":"tag-antrastes","10":"tag-breaking-news","11":"tag-breakingnews","12":"tag-daiktai","13":"tag-dienos-kronika","14":"tag-featured-news","15":"tag-featurednews","16":"tag-gatves-tekstai","17":"tag-gyvenimas","18":"tag-headlines","19":"tag-interneto-pievos","20":"tag-keliones","21":"tag-kultura","22":"tag-laisvalaikis","23":"tag-latest-news","24":"tag-latestnews","25":"tag-lietuva","26":"tag-lietuviu","27":"tag-lithuania","28":"tag-lithuanian","29":"tag-lt","30":"tag-mokslas-ir-it","31":"tag-naujienos","32":"tag-news","33":"tag-pasaulis","34":"tag-populiariausios-naujienos","35":"tag-populiariausiosnaujienos","36":"tag-projektai","37":"tag-rinktiniai-tekstai","38":"tag-simtmecio-portalas","39":"tag-sportas","40":"tag-top-stories","41":"tag-topstories","42":"tag-tv3-lt","43":"tag-verslas","44":"tag-video","45":"tag-zaidimai"},"share_on_mastodon":{"url":"","error":"Validation failed: Text character limit of 500 exceeded"},"_links":{"self":[{"href":"https:\/\/www.europesays.com\/lt\/wp-json\/wp\/v2\/posts\/38068","targetHints":{"allow":["GET"]}}],"collection":[{"href":"https:\/\/www.europesays.com\/lt\/wp-json\/wp\/v2\/posts"}],"about":[{"href":"https:\/\/www.europesays.com\/lt\/wp-json\/wp\/v2\/types\/post"}],"author":[{"embeddable":true,"href":"https:\/\/www.europesays.com\/lt\/wp-json\/wp\/v2\/users\/2"}],"replies":[{"embeddable":true,"href":"https:\/\/www.europesays.com\/lt\/wp-json\/wp\/v2\/comments?post=38068"}],"version-history":[{"count":0,"href":"https:\/\/www.europesays.com\/lt\/wp-json\/wp\/v2\/posts\/38068\/revisions"}],"wp:featuredmedia":[{"embeddable":true,"href":"https:\/\/www.europesays.com\/lt\/wp-json\/wp\/v2\/media\/38069"}],"wp:attachment":[{"href":"https:\/\/www.europesays.com\/lt\/wp-json\/wp\/v2\/media?parent=38068"}],"wp:term":[{"taxonomy":"category","embeddable":true,"href":"https:\/\/www.europesays.com\/lt\/wp-json\/wp\/v2\/categories?post=38068"},{"taxonomy":"post_tag","embeddable":true,"href":"https:\/\/www.europesays.com\/lt\/wp-json\/wp\/v2\/tags?post=38068"}],"curies":[{"name":"wp","href":"https:\/\/api.w.org\/{rel}","templated":true}]}}