{"id":38321,"date":"2025-11-12T11:41:14","date_gmt":"2025-11-12T11:41:14","guid":{"rendered":"https:\/\/www.europesays.com\/lt\/38321\/"},"modified":"2025-11-12T11:41:14","modified_gmt":"2025-11-12T11:41:14","slug":"vilnieciai-pyksta-sioje-vietoje-per-keleta-menesiu-jau-nubausta-daugiau-nei-2-tukst-vairuotoju","status":"publish","type":"post","link":"https:\/\/www.europesays.com\/lt\/38321\/","title":{"rendered":"Vilnie\u010diai pyksta: \u0161ioje vietoje per kelet\u0105 m\u0117nesi\u0173 jau nubausta daugiau nei 2 t\u016bkst. vairuotoj\u0173"},"content":{"rendered":"<p>Neseniai <a style=\"font-weight:bold;\" href=\"https:\/\/madeinvilnius.lt\/tema\/stovejimo-aiksteles\/\" target=\"_blank\" rel=\"nofollow noopener\">automobili\u0173 stov\u0117jimo aik\u0161tel\u0117<\/a> \u0161alia Mindaugo \u201eMaximos\u201d tapo mokama. \u0160iai vietai \u012fvesta raudonoji rinkliavos zona pasteb\u0117jus, kad \u017emon\u0117s piktnaud\u017eiauja ir statosi automobilius nemokamoje \u201eMaximos\u201d lankytojams skirtoje aik\u0161tel\u0117je. Iki lapkri\u010dio daugiau nei 2 t\u016bkst. vairuotoj\u0173 sulauk\u0117 baud\u0173.<\/p>\n<p>Pana\u0161u, kad ne kiekvienas sp\u0117jo pasteb\u0117ti, kad stov\u0117jimo aik\u0161tel\u0117 \u0161alia \u201eMaximos\u201c jau neb\u0117ra nemokama. Dalis vairuotoj\u0173 u\u017e stov\u0117jim\u0105 \u0161ioje vietoje kaip nemok\u0117jo, taip ir ne\u017eada mok\u0117ti \u2013 rodo statistika.<\/p>\n<p>\u201eT. \u0160ev\u010denkos g. (prie \u201eMaximos\u201d) iki \u0161i\u0173 met\u0173 lapkri\u010dio m\u0117nesio buvo i\u0161ra\u0161yta 2 368 baudos u\u017e stov\u0117jim\u0105 nesumok\u0117jus rinkliavos\u201d, \u2013 sako JUDU atstovai.<\/p>\n<p>Tai ne vienintel\u0117 vieta Vilniuje, kur yra fiksuojami pa\u017eeidimai. J\u0173 daugiausia yra geltonoje rinkliavos zonoje, antroje vietoje pagal pa\u017eeidim\u0173 skai\u010di\u0173, yra raudonoji rinkliavos zona. Ma\u017eiausiai pa\u017eeidim\u0173 yra fiksuojama \u017ealioje rinkliavos zonoje.<\/p>\n<p>Primename, kad parduotuv\u0117 \u0161ioje vietoje savo pirk\u0117jams si\u016blo nemokam\u0105, iki dviej\u0173 valand\u0173, \u0161alia esant\u012f parking\u0105. \u0160is parkingas, atvirk\u0161\u010diai negu tas, kuris tapo mokamas, priklauso jau pa\u010diam parduotuvi\u0173 tinklui. Lankytojai ir toliau \u012fprasta tvarka gali naudotis parduotuvei priklausan\u010diomis parkavimo aik\u0161tel\u0117mis \u2013 antrame auk\u0161te bei ant\u017eemin\u0117je, esan\u010dioje tarp parduotuv\u0117s ir u\u017eva\u017eiavimo \u012f antro auk\u0161to parkavimo aik\u0161tel\u0119.<\/p>\n<p>MadeinVilnius.lt informacij\u0105 skelbti, cituoti ar kitaip atgaminti visuomen\u0117s informavimo priemon\u0117se bei interneto tinklalapiuose be ra\u0161ti\u0161ko UAB \u201eNaujosios medijos grup\u0117s\u201c sutikimo neleid\u017eiama.<img decoding=\"async\" class=\"wp-image-10416 alignright\" src=\"https:\/\/www.europesays.com\/lt\/wp-content\/uploads\/2025\/10\/Made-In-Vilnius-main-RGB-e1665487819114.png\" alt=\"MadeinVilnius.lt\" width=\"100\" style=\"margin-right: 20px\"\/><\/p>\n","protected":false},"excerpt":{"rendered":"Neseniai automobili\u0173 stov\u0117jimo aik\u0161tel\u0117 \u0161alia Mindaugo \u201eMaximos\u201d tapo mokama. \u0160iai vietai \u012fvesta raudonoji rinkliavos zona pasteb\u0117jus, kad \u017emon\u0117s&hellip;\n","protected":false},"author":2,"featured_media":38322,"comment_status":"","ping_status":"","sticky":false,"template":"","format":"standard","meta":{"footnotes":""},"categories":[13],"tags":[25,30,31,34,35,24,32,33,37,39,36,38,40,1774,65,23,22,5098,28,29,26,27],"class_list":{"0":"post-38321","1":"post","2":"type-post","3":"status-publish","4":"format-standard","5":"has-post-thumbnail","7":"category-lietuva","8":"tag-antrastes","9":"tag-breaking-news","10":"tag-breakingnews","11":"tag-featured-news","12":"tag-featurednews","13":"tag-headlines","14":"tag-latest-news","15":"tag-latestnews","16":"tag-lietuva","17":"tag-lietuviu","18":"tag-lithuania","19":"tag-lithuanian","20":"tag-lt","21":"tag-madeinvilnius","22":"tag-naujiena","23":"tag-naujienos","24":"tag-news","25":"tag-parkingas","26":"tag-populiariausios-naujienos","27":"tag-populiariausiosnaujienos","28":"tag-top-stories","29":"tag-topstories"},"share_on_mastodon":{"url":"https:\/\/pubeurope.com\/@lt\/115536545927989920","error":""},"_links":{"self":[{"href":"https:\/\/www.europesays.com\/lt\/wp-json\/wp\/v2\/posts\/38321","targetHints":{"allow":["GET"]}}],"collection":[{"href":"https:\/\/www.europesays.com\/lt\/wp-json\/wp\/v2\/posts"}],"about":[{"href":"https:\/\/www.europesays.com\/lt\/wp-json\/wp\/v2\/types\/post"}],"author":[{"embeddable":true,"href":"https:\/\/www.europesays.com\/lt\/wp-json\/wp\/v2\/users\/2"}],"replies":[{"embeddable":true,"href":"https:\/\/www.europesays.com\/lt\/wp-json\/wp\/v2\/comments?post=38321"}],"version-history":[{"count":0,"href":"https:\/\/www.europesays.com\/lt\/wp-json\/wp\/v2\/posts\/38321\/revisions"}],"wp:featuredmedia":[{"embeddable":true,"href":"https:\/\/www.europesays.com\/lt\/wp-json\/wp\/v2\/media\/38322"}],"wp:attachment":[{"href":"https:\/\/www.europesays.com\/lt\/wp-json\/wp\/v2\/media?parent=38321"}],"wp:term":[{"taxonomy":"category","embeddable":true,"href":"https:\/\/www.europesays.com\/lt\/wp-json\/wp\/v2\/categories?post=38321"},{"taxonomy":"post_tag","embeddable":true,"href":"https:\/\/www.europesays.com\/lt\/wp-json\/wp\/v2\/tags?post=38321"}],"curies":[{"name":"wp","href":"https:\/\/api.w.org\/{rel}","templated":true}]}}