{"id":38343,"date":"2025-11-12T12:01:10","date_gmt":"2025-11-12T12:01:10","guid":{"rendered":"https:\/\/www.europesays.com\/lt\/38343\/"},"modified":"2025-11-12T12:01:10","modified_gmt":"2025-11-12T12:01:10","slug":"arnas-asmonas-pasidalijo-komisku-vaizdo-irasu-kuriame-ir-laurynas-suodaitis","status":"publish","type":"post","link":"https:\/\/www.europesays.com\/lt\/38343\/","title":{"rendered":"Arnas A\u0161monas pasidalijo komi\u0161ku vaizdo \u012fra\u0161u, kuriame \u2013 ir Laurynas Suodaitis"},"content":{"rendered":"<p>Parod\u0117 u\u017ekulisius<\/p>\n<p>Kiekvien\u0105 savait\u0119 \u017ei\u016brovai sulaukia vis originalesni\u0173 pasirodym\u0173 tiek i\u0161 A. A\u0161mono, tiek i\u0161 L. Suodai\u010dio komandos. Ta\u010diau \u0161\u012f kart\u0105 scenos kolegos nusprend\u0117 parodyti ir kit\u0105 projekto pus\u0119 \u2013 u\u017ekulisius, kuri\u0173 televizijos \u017ei\u016brovai paprastai nemato.<\/p>\n<p>Socialiniuose tinkluose jie pasidalijo vaizdo \u012fra\u0161u, kuriame, tarsi \u017eengdami ant tikro mados podiumo, vyrai komi\u0161kai \u012fk\u016bnija garsi\u0173 prek\u0117s \u017eenkl\u0173 modelius. <\/p>\n<p>Vaizdelyje netr\u016bksta nei \u201epozavimo\u201c, nei teatrali\u0161k\u0173 gest\u0173. Ir, \u017einoma, viskas atlikta su geru humoru.<\/p>\n<p>\u0160iuo vaizdo \u012fra\u0161u leista pasidalyti ir su \u201eDelfi\u201c skaitytojais.<\/p>\n<p>\u201eVyrai stilingais drabu\u017eiais, arba kai u\u017ekulisiuose nurauna stog\u0105\u201c, \u2013 prie \u012fra\u0161o \u0161maik\u0161\u010diai para\u0161\u0117 A. A\u0161monas.<\/p>\n<p>Neliko nepasteb\u0117ti<\/p>\n<p>\u012e \u0161\u012f komi\u0161k\u0105 epizod\u0105 greitai sureagavo ir televizijos laid\u0173 ved\u0117ja <a rel=\"noopener nofollow\" target=\"_blank\" href=\"https:\/\/www.delfi.lt\/temos\/ugne-sipare\" tag-id=\"83310649\">Ugn\u0117 Sipar\u0117<\/a>.<\/p>\n<p>\u201eSako, kad visi u\u017ekulisiuose \u012fd\u0117miai stebi kit\u0173 pasirodymus. Dabar \u0161it\u0105 vaizd\u0105 galvoje tur\u0117siu visada\u201c, \u2013 juok\u0117si ji.<\/p>\n<p>Tuo tarpu viena i\u0161 sek\u0117j\u0173 komentaruose tur\u0117jo dar vien\u0105 ger\u0105 pasteb\u0117jim\u0105. <\/p>\n<p>\u201ePasirodo, modeliams nereikia jokio specialaus pozavimo \u2013 eini, gri\u016bni ir opa \u2013 jau vir\u0161elis!\u201c \u2013 ra\u0161\u0117 ji. <\/p>\n","protected":false},"excerpt":{"rendered":"Parod\u0117 u\u017ekulisius Kiekvien\u0105 savait\u0119 \u017ei\u016brovai sulaukia vis originalesni\u0173 pasirodym\u0173 tiek i\u0161 A. A\u0161mono, tiek i\u0161 L. Suodai\u010dio komandos.&hellip;\n","protected":false},"author":2,"featured_media":38344,"comment_status":"","ping_status":"","sticky":false,"template":"","format":"standard","meta":{"footnotes":""},"categories":[21],"tags":[10350,113,245,37,39,36,38,40,114,2835,954],"class_list":{"0":"post-38343","1":"post","2":"type-post","3":"status-publish","4":"format-standard","5":"has-post-thumbnail","7":"category-pramogos","8":"tag-arnas-asmonas","9":"tag-entertainment","10":"tag-laurynas-suodaitis","11":"tag-lietuva","12":"tag-lietuviu","13":"tag-lithuania","14":"tag-lithuanian","15":"tag-lt","16":"tag-pramogos","17":"tag-ugne-sipare","18":"tag-zvaigzdziu-duetai"},"share_on_mastodon":{"url":"https:\/\/pubeurope.com\/@lt\/115536624569110573","error":""},"_links":{"self":[{"href":"https:\/\/www.europesays.com\/lt\/wp-json\/wp\/v2\/posts\/38343","targetHints":{"allow":["GET"]}}],"collection":[{"href":"https:\/\/www.europesays.com\/lt\/wp-json\/wp\/v2\/posts"}],"about":[{"href":"https:\/\/www.europesays.com\/lt\/wp-json\/wp\/v2\/types\/post"}],"author":[{"embeddable":true,"href":"https:\/\/www.europesays.com\/lt\/wp-json\/wp\/v2\/users\/2"}],"replies":[{"embeddable":true,"href":"https:\/\/www.europesays.com\/lt\/wp-json\/wp\/v2\/comments?post=38343"}],"version-history":[{"count":0,"href":"https:\/\/www.europesays.com\/lt\/wp-json\/wp\/v2\/posts\/38343\/revisions"}],"wp:featuredmedia":[{"embeddable":true,"href":"https:\/\/www.europesays.com\/lt\/wp-json\/wp\/v2\/media\/38344"}],"wp:attachment":[{"href":"https:\/\/www.europesays.com\/lt\/wp-json\/wp\/v2\/media?parent=38343"}],"wp:term":[{"taxonomy":"category","embeddable":true,"href":"https:\/\/www.europesays.com\/lt\/wp-json\/wp\/v2\/categories?post=38343"},{"taxonomy":"post_tag","embeddable":true,"href":"https:\/\/www.europesays.com\/lt\/wp-json\/wp\/v2\/tags?post=38343"}],"curies":[{"name":"wp","href":"https:\/\/api.w.org\/{rel}","templated":true}]}}