{"id":38380,"date":"2025-11-12T12:56:10","date_gmt":"2025-11-12T12:56:10","guid":{"rendered":"https:\/\/www.europesays.com\/lt\/38380\/"},"modified":"2025-11-12T12:56:10","modified_gmt":"2025-11-12T12:56:10","slug":"lavrovas-isdejo-lietuva-i-suns-dienas-ji-nusprende-kad-dabar-uzsako-muzika-nato-ir-es","status":"publish","type":"post","link":"https:\/\/www.europesays.com\/lt\/38380\/","title":{"rendered":"Lavrovas i\u0161d\u0117jo Lietuv\u0105 \u012f \u0161uns dienas: \u201eJi nusprend\u0117, kad dabar u\u017esako muzik\u0105 NATO ir ES\u201c"},"content":{"rendered":"<p>Rusijos diplomatijos vadovas atkreip\u0117 d\u0117mes\u012f \u012f tai, kad Lietuva u\u017edar\u0117 sien\u0105 su Baltarusija ir prid\u016br\u0117, kad ji nuolat grasina blokuoti Kaliningrado tranzit\u0105.<\/p>\n<p>\u201eKai kurie veik\u0117jai ne Lietuvoje, o Europos S\u0105jungoje, skatinantys Baltijos \u0161alis, sako, kad Kaliningrad\u0105 galima sulyginti su \u017eeme. O dabar Lietuva u\u017edar\u0117 sien\u0105 su Baltarusija. Dar daugiau, ji u\u017edar\u0117 sien\u0105, laikydama \u0161imtus Lietuvos ve\u017e\u0117jams priklausan\u010di\u0173 sunkve\u017eimi\u0173 kaimynin\u0117s Baltarusijos Respublikos teritorijoje\u201c, \u2013 faktus auk\u0161tyn kojomis pateik\u0117 S.Lavrovas.<\/p>\n<p> <a href=\"https:\/\/s1.15min.lt\/images\/photos\/2025\/11\/10\/original\/baltarusijoje-istrigo-lietuvos-bendroviu-vilkikai-6911bbfaceffc.jpg\" rel=\"content-image nofollow noopener\" title=\"Stop kadras i\u0161 belta.by video\/Baltarusijoje \u012fstrigo Lietuvos bendrovi\u0173 vilkikai\" target=\"_blank\"><img decoding=\"async\" alt=\"Stop kadras i\u0161 belta.by video\/Baltarusijoje \u012fstrigo Lietuvos bendrovi\u0173 vilkikai\" rel=\"content-image\" src=\"https:\/\/www.europesays.com\/lt\/wp-content\/uploads\/2025\/11\/baltarusijoje-istrigo-lietuvos-bendroviu-vilkikai-6911bbfaceffc.jpg\" style=\"width: auto; height: auto;\"\/><\/a> <\/p>\n<p>Stop kadras i\u0161 belta.by video\/Baltarusijoje \u012fstrigo Lietuvos bendrovi\u0173 vilkikai<\/p>\n<p>Jis piktinosi, kad niekas Europos S\u0105jungoje nepasmerk\u0117 Lietuvos veiksm\u0173.<\/p>\n<p>\u201eAtleiskite, bet amerikie\u010diai apie Lotyn\u0173 Amerikos, Centrin\u0117s Amerikos diktatorius ne kart\u0105 yra sak\u0119: \u201etaip, \u0161is diktatorius yra kal\u0117s vaikas, bet jis yra m\u016bs\u0173 kal\u0117s vaikas\u201c. Toks pat yra ir Europos \u0161eiminink\u0173 po\u017ei\u016bris \u012f Baltijos \u0161ali\u0173 i\u0161si\u0161okimus\u201c, \u2013 pabr\u0117\u017e\u0117 Rusijos u\u017esienio reikal\u0173 ministras.<\/p>\n<p>Jo teigimu, Lietuvai ir kitos Baltijos \u0161alims buvo pavestas vaidmuo \u201eprikr\u0117sti kuo daugiau niek\u0161ybi\u0173 santykiuose su Rusija\u201c.<\/p>\n<p>\u201eIr kartu provokuoti Rusij\u0105 veiksmams, kuriuos paskui bandys parduoti Va\u0161ingtonui, pirmiausia kaip pagrind\u0105 rimtiems karo veiksmams prad\u0117ti, remiantis Va\u0161ingtono sutarties penktuoju NATO straipsniu. Mes tai matome\u201c, \u2013 d\u0117st\u0117 S.Lavrovas.<\/p>\n<p>Diplomatas taip pat atkreip\u0117 d\u0117mes\u012f \u012f tai, kad \u012fsipareigojimus d\u0117l Kaliningrado tranzito prisi\u0117m\u0117 ne tik Lietuva, bet ir Europos S\u0105junga.<\/p>\n<p>\u201eTod\u0117l Europos S\u0105junga, \u017einoma, tur\u0117t\u0173 pagalvoti, kokia atsakomyb\u0117 jai tenka u\u017e savo nekontroliuojam\u0173 vaikin\u0173 elges\u012f\u201c, \u2013 tikino S.Lavrovas.<\/p>\n<p> <a href=\"https:\/\/s1.15min.lt\/images\/photos\/2025\/11\/06\/original\/vladimiras-putinas-sergejus-lavrovas-690cb5d80cac7.jpg\" rel=\"content-image nofollow noopener\" title=\"IMAGO\/ \u201eScanpix\u201c\/Vladimiras Putinas, Sergejus Lavrovas\" target=\"_blank\"><img decoding=\"async\" alt=\"IMAGO\/ \u201eScanpix\u201c\/Vladimiras Putinas, Sergejus Lavrovas\" rel=\"content-image\" src=\"https:\/\/www.europesays.com\/lt\/wp-content\/uploads\/2025\/11\/1762952170_190_vladimiras-putinas-sergejus-lavrovas-690cb5d80cac7.jpg\" style=\"width: auto; height: auto;\"\/><\/a> <\/p>\n<p>IMAGO\/ \u201eScanpix\u201c\/Vladimiras Putinas, Sergejus Lavrovas<\/p>\n<p>Jis dar prisimin\u0117, kad neva 2004 m., kai buvo rengiami sprendimai d\u0117l Baltijos \u0161ali\u0173 pri\u0117mimo \u012f Europos S\u0105jung\u0105, Rusijos pus\u0117 europie\u010diams i\u0161rei\u0161k\u0117 susir\u016bpinim\u0105, kad Baltijos \u0161alys n\u0117ra pakankamai subrendusios, kad atitikt\u0173 naryst\u0117s Europos S\u0105jungoje kriterijus.<\/p>\n<p>\u201eJie mums sak\u0117: \u201eNa, tai suprantama, ka\u017ekur jie \u010dia nesusp\u0117ja\u201c. Bet tada mes taip pat paklaus\u0117me: \u201eAr prasminga i\u0161 karto tempti \u012f ES tokius nepasirengusius pretendentus?\u201c \u2013 lyg tikrus faktus d\u0117st\u0117 ministras. \u2013 Mums buvo atsakyta: \u201e\u017dinote, mes suprantame, apie k\u0105 j\u016bs kalbate, po nepriklausomyb\u0117s paskelbimo jie vis dar turi visoki\u0173 fobij\u0173, jie prisimena okupacij\u0105, kurioje buvo, ir tos fobijos nei\u0161nyks. Bet mes priimsime juos \u012f Europos S\u0105jung\u0105 ir NATO, ir jie nusiramins\u201c, \u2013 argumentus trauk\u0117 S.Lavrovas.<\/p>\n<p>\u201eNusiraminti? Man atrodo, kad prie\u0161ingai. Jie ne tik nenusiramino, bet ir nusprend\u0117, kad dabar ir Europos S\u0105jungoje, ir NATO u\u017esakys muzik\u0105, bent jau kalbant apie atvirai rusofobi\u0161kas antirusi\u0161kas rapsodijas\u201c, \u2013 apibendrino Rusijos u\u017esienio reikal\u0173 ministras.<\/p>\n<p> Suk\u0117l\u0117 propagandos bang\u0105 <\/p>\n<p>Kaip antradien\u012f prane\u0161\u0117 Lietuvos kariuomen\u0117, Baltarusija <a href=\"https:\/\/www.15min.lt\/naujiena\/aktualu\/lietuva\/kariuomene-lietuvai-uzdarius-siena-su-baltarusija-si-spali-kele-priesiskos-informacijos-banga-56-2561718\" target=\"_blank\" rel=\"nofollow noopener\">atsakomyb\u0119 d\u0117l kontrabandini\u0173 balion\u0173 \u012fskridim\u0173 ir j\u0173 gr\u0117sm\u0117s siek\u0117 perkelti Lietuvai<\/a>, baltarusi\u0173 u\u017esienio reikal\u0173 ministerijos atstovai sienos u\u017edarym\u0105 \u012fvardijo provokacija, kurios aukomis tapo lietuviai.<\/p>\n<p>Be to, Baltarusijos prezidentas Aliaksandras Luka\u0161enka teig\u0117, kad Baltarusijoje sulaikyti asmenys \u012frenginiuose, gabenan\u010diuose kontrabandinius krovinius, neva naudojo Lietuvos operatori\u0173 SIM korteles.<\/p>\n<p>\u201eTokiais teiginiais siekta \u012ftikinti, kad veikl\u0105 vykdo Lietuvos pilie\u010diai su pareig\u016bn\u0173 pagalba. Baltarusijos komunikacija \u0161i\u0173 \u012fvyki\u0173 kontekste atitinka strategin\u012f tiksl\u0105 \u012ftikinti vidin\u0119 Baltarusijos auditorij\u0105, kad Lietuva es\u0105 nepagr\u012fstai vykdo prie\u0161i\u0161k\u0105 politik\u0105 Baltarusijos at\u017evilgiu ir kelia jai gr\u0117sm\u0119\u201c, \u2013 nurod\u0117 kariuomen\u0117.<\/p>\n<p>Tuo metu Rusijos propaganda atkreip\u0117 d\u0117mes\u012f \u012f Lietuvos vie\u0161ojoje erdv\u0117je nuskamb\u0117jusius svarstymus apriboti Kaliningrado tranzit\u0105. Kaip ra\u0161\u0117 BNS, id\u0117j\u0105 riboti pagal gele\u017einkeliu gabenamus baltarusi\u0161kus krovinius k\u0117l\u0117 Prezident\u016bra.<\/p>\n<p>\u201ePasirod\u0117 kaltinimai, kad toks Lietuvos sprendimas pa\u017eeist\u0173 tarptautinius \u012fsipareigojimus. Taip pat fiksuoti agresyvesni parei\u0161kimai, neva Rusijos atsakas \u012f Kaliningrado tranzito u\u017edarym\u0105 b\u016bt\u0173 itin grie\u017etas ir kinetinio pob\u016bd\u017eio\u201c, \u2013 nurod\u0117 kariuomen\u0117.<\/p>\n","protected":false},"excerpt":{"rendered":"Rusijos diplomatijos vadovas atkreip\u0117 d\u0117mes\u012f \u012f tai, kad Lietuva u\u017edar\u0117 sien\u0105 su Baltarusija ir prid\u016br\u0117, kad ji nuolat&hellip;\n","protected":false},"author":2,"featured_media":38381,"comment_status":"","ping_status":"","sticky":false,"template":"","format":"standard","meta":{"footnotes":""},"categories":[15],"tags":[25,30,31,34,35,24,32,33,37,39,36,38,40,23,22,44,28,29,26,27,74,75,76],"class_list":{"0":"post-38380","1":"post","2":"type-post","3":"status-publish","4":"format-standard","5":"has-post-thumbnail","7":"category-pasaulis","8":"tag-antrastes","9":"tag-breaking-news","10":"tag-breakingnews","11":"tag-featured-news","12":"tag-featurednews","13":"tag-headlines","14":"tag-latest-news","15":"tag-latestnews","16":"tag-lietuva","17":"tag-lietuviu","18":"tag-lithuania","19":"tag-lithuanian","20":"tag-lt","21":"tag-naujienos","22":"tag-news","23":"tag-pasaulis","24":"tag-populiariausios-naujienos","25":"tag-populiariausiosnaujienos","26":"tag-top-stories","27":"tag-topstories","28":"tag-world","29":"tag-world-news","30":"tag-worldnews"},"share_on_mastodon":{"url":"https:\/\/pubeurope.com\/@lt\/115536841061092825","error":""},"_links":{"self":[{"href":"https:\/\/www.europesays.com\/lt\/wp-json\/wp\/v2\/posts\/38380","targetHints":{"allow":["GET"]}}],"collection":[{"href":"https:\/\/www.europesays.com\/lt\/wp-json\/wp\/v2\/posts"}],"about":[{"href":"https:\/\/www.europesays.com\/lt\/wp-json\/wp\/v2\/types\/post"}],"author":[{"embeddable":true,"href":"https:\/\/www.europesays.com\/lt\/wp-json\/wp\/v2\/users\/2"}],"replies":[{"embeddable":true,"href":"https:\/\/www.europesays.com\/lt\/wp-json\/wp\/v2\/comments?post=38380"}],"version-history":[{"count":0,"href":"https:\/\/www.europesays.com\/lt\/wp-json\/wp\/v2\/posts\/38380\/revisions"}],"wp:featuredmedia":[{"embeddable":true,"href":"https:\/\/www.europesays.com\/lt\/wp-json\/wp\/v2\/media\/38381"}],"wp:attachment":[{"href":"https:\/\/www.europesays.com\/lt\/wp-json\/wp\/v2\/media?parent=38380"}],"wp:term":[{"taxonomy":"category","embeddable":true,"href":"https:\/\/www.europesays.com\/lt\/wp-json\/wp\/v2\/categories?post=38380"},{"taxonomy":"post_tag","embeddable":true,"href":"https:\/\/www.europesays.com\/lt\/wp-json\/wp\/v2\/tags?post=38380"}],"curies":[{"name":"wp","href":"https:\/\/api.w.org\/{rel}","templated":true}]}}