{"id":38921,"date":"2025-11-13T06:32:12","date_gmt":"2025-11-13T06:32:12","guid":{"rendered":"https:\/\/www.europesays.com\/lt\/38921\/"},"modified":"2025-11-13T06:32:12","modified_gmt":"2025-11-13T06:32:12","slug":"uz-viesa-palaikyma-palestinai-atleistas-futbolininkas-prisiteise-beveik-2-milijonus-euru","status":"publish","type":"post","link":"https:\/\/www.europesays.com\/lt\/38921\/","title":{"rendered":"U\u017e vie\u0161\u0105 palaikym\u0105 Palestinai atleistas futbolininkas prisiteis\u0117 beveik 2 milijonus eur\u0173"},"content":{"rendered":"<p>Anwaras El Ghazi laim\u0117jo teismo byl\u0105 prie\u0161 \u201eMainz 05\u201c, o klubas prival\u0117s sumok\u0117ti daugiau nei 1,7 mln. eur\u0173 kompensacij\u0105 d\u0117l neteis\u0117to sutarties nutraukimo.<\/p>\n<p>Vokietijos darbo teismas nurod\u0117, kad futbolininko kontraktas buvo netinkamai nutrauktas po to, kai A. El Ghazi vie\u0161ai parei\u0161k\u0117 palaikym\u0105 palestinie\u010diams Izraelio ir Hamaso konflikte. Prad\u017eioje \u201eMainz\u201c \u017eaid\u0117j\u0105 suspendavo, o v\u0117liau nutrauk\u0117 sutart\u012f, ta\u010diau teis\u0117jas nusprend\u0117, kad tai buvo neteis\u0117ta.<\/p>\n<p>\n29-eri\u0173 met\u0173 futbolininkas nesigaili savo parei\u0161kim\u0173 ir tvirtai laikosi savo pozicijos d\u0117l \u017emogi\u0161kumo ir teisingumo princip\u0173.<\/p>\n<p>\u201eJis sako, kad nepatiria jokios gailes\u010dio d\u0117l savo sprendimo ir stovi u\u017e teisingum\u0105 iki paskutin\u0117s savo dienos\u201c, \u2013 ra\u0161oma teismo sprendime.<\/p>\n<p>Teismas \u012fpareigojo \u201eMainz\u201c ne tik i\u0161mok\u0117ti A. El Ghazi prarast\u0105 alg\u0105 ir premijas, ta\u010diau ir jo algos skirtum\u0105 persik\u0117lus \u012f kit\u0105 komand\u0105. I\u0161 viso \u0161i suma siek\u0117 1,7 milijonus eur\u0173.<\/p>\n<p>\u00a0<\/p>\n","protected":false},"excerpt":{"rendered":"Anwaras El Ghazi laim\u0117jo teismo byl\u0105 prie\u0161 \u201eMainz 05\u201c, o klubas prival\u0117s sumok\u0117ti daugiau nei 1,7 mln. eur\u0173&hellip;\n","protected":false},"author":2,"featured_media":38922,"comment_status":"","ping_status":"","sticky":false,"template":"","format":"standard","meta":{"footnotes":""},"categories":[19],"tags":[57,43,55,48,54,51,49,50,37,39,36,38,40,45,23,44,53,42,56,47,112,104,46,58,52],"class_list":{"0":"post-38921","1":"post","2":"type-post","3":"status-publish","4":"format-standard","5":"has-post-thumbnail","7":"category-sportas","8":"tag-daiktai","9":"tag-dienos-kronika","10":"tag-gatves-tekstai","11":"tag-gyvenimas","12":"tag-interneto-pievos","13":"tag-keliones","14":"tag-kultura","15":"tag-laisvalaikis","16":"tag-lietuva","17":"tag-lietuviu","18":"tag-lithuania","19":"tag-lithuanian","20":"tag-lt","21":"tag-mokslas-ir-it","22":"tag-naujienos","23":"tag-pasaulis","24":"tag-projektai","25":"tag-rinktiniai-tekstai","26":"tag-simtmecio-portalas","27":"tag-sportas","28":"tag-sportas-lt","29":"tag-sports","30":"tag-verslas","31":"tag-video","32":"tag-zaidimai"},"share_on_mastodon":{"url":"https:\/\/pubeurope.com\/@lt\/115540993191832939","error":""},"_links":{"self":[{"href":"https:\/\/www.europesays.com\/lt\/wp-json\/wp\/v2\/posts\/38921","targetHints":{"allow":["GET"]}}],"collection":[{"href":"https:\/\/www.europesays.com\/lt\/wp-json\/wp\/v2\/posts"}],"about":[{"href":"https:\/\/www.europesays.com\/lt\/wp-json\/wp\/v2\/types\/post"}],"author":[{"embeddable":true,"href":"https:\/\/www.europesays.com\/lt\/wp-json\/wp\/v2\/users\/2"}],"replies":[{"embeddable":true,"href":"https:\/\/www.europesays.com\/lt\/wp-json\/wp\/v2\/comments?post=38921"}],"version-history":[{"count":0,"href":"https:\/\/www.europesays.com\/lt\/wp-json\/wp\/v2\/posts\/38921\/revisions"}],"wp:featuredmedia":[{"embeddable":true,"href":"https:\/\/www.europesays.com\/lt\/wp-json\/wp\/v2\/media\/38922"}],"wp:attachment":[{"href":"https:\/\/www.europesays.com\/lt\/wp-json\/wp\/v2\/media?parent=38921"}],"wp:term":[{"taxonomy":"category","embeddable":true,"href":"https:\/\/www.europesays.com\/lt\/wp-json\/wp\/v2\/categories?post=38921"},{"taxonomy":"post_tag","embeddable":true,"href":"https:\/\/www.europesays.com\/lt\/wp-json\/wp\/v2\/tags?post=38921"}],"curies":[{"name":"wp","href":"https:\/\/api.w.org\/{rel}","templated":true}]}}