{"id":39021,"date":"2025-11-13T08:46:10","date_gmt":"2025-11-13T08:46:10","guid":{"rendered":"https:\/\/www.europesays.com\/lt\/39021\/"},"modified":"2025-11-13T08:46:10","modified_gmt":"2025-11-13T08:46:10","slug":"es-kuriama-nauja-tarnyba-respublika-lt","status":"publish","type":"post","link":"https:\/\/www.europesays.com\/lt\/39021\/","title":{"rendered":"ES kuriama nauja tarnyba &#8211; Respublika.lt"},"content":{"rendered":"<p>    \u00d7<\/p>\n<p>    (1\/1) Ursula von der Leyen. EPA-Eltos nuotr. <a href=\"https:\/\/www.respublika.lt\/uploads\/img\/catalog\/1\/photo_1_69669629.jpg\" class=\"swiper-photo-download\" download=\"\" rel=\"nofollow noopener\" target=\"_blank\">Atsisi\u0173sti<\/a><\/p>\n<p><img loading=\"lazy\" decoding=\"async\" src=\"https:\/\/www.respublika.lt\/lt\/naujienos\/pasaulis\/pasaulio_politika\/es-kuriama-nauja-tarnyba\/images\/ico_camera_white.gif\" class=\"camera\" width=\"22\" height=\"15\" alt=\"nuotr.\" style=\"position:relative; top:-2px; right:2px;\"\/> 1 nuotr.<\/p>\n<p>Ursula von der Leyen. EPA-Eltos nuotr.<\/p>\n<p>Europos Komisija ketina \u012fsteigti nauj\u0105 Europos S\u0105jungos \u017evalgybos institucij\u0105, kuriai vadovaut\u0173 EK pirminink\u0117 Ursula fon der Lejen (Ursula von der Leyen). Apie tai prane\u0161a \u201eFinancial Times&#8221;.<\/p>\n<p style=\"text-align: justify;\" class=\"desktop_banner\">\u00a0<\/p>\n<p>Pasak leidinio \u0161altini\u0173, EK ie\u0161ko b\u016bd\u0173, sustiprinti savo saugumo ir \u017evalgybos paj\u0117gumus, o kaip \u0161io plano dalis svarstomas specialaus organo suk\u016brimas.<\/p>\n<p>Be to, ES ketina sukurti specializuot\u0105 Centr\u0105, skirt\u0105 kovai su galima dezinformacija i\u0161 Rusijos, Kinijos ir kit\u0173 \u0161ali\u0173.<\/p>\n<p>Iniciatyvos autor\u0117 &#8211; U.fon der Lejen.<\/p>\n<p>Dokumente teigiama, kad pagrindin\u0117 gr\u0117sm\u0117 ES yra \u012f \u012ftakos pl\u0117tr\u0105 orientuotos Rusijos ir Kinijos hibridin\u0117s atakos.<\/p>\n<p>Pasak laikra\u0161\u010dio \u201eThe Guardian&#8221;, dalyvavimas planuojamame projekte ES nar\u0117ms nebus privalomas.<\/p>\n<p>Be to, \u012f naryst\u0119 Centre gal\u0117s pretenduoti norintys prisijungti prie ES bei Jungtin\u0117 Karalyst\u0117.<\/p>\n<p>Naujausios \u017einios<\/p>\n<p><\/p>\n<p>        <a href=\"https:\/\/www.respublika.lt\/lt\/naujienos\/pasaulis\/pasaulio_politika\/lenkijos-prezidentas-atsisake-paskirti-46-naujus-teisejus\/\" rel=\"nofollow noopener\" target=\"_blank\"><img decoding=\"async\" oncontextmenu=\"return false\" class=\"block_item_newest_photo\" src=\"https:\/\/www.respublika.lt\/lt\/naujienos\/pasaulis\/pasaulio_politika\/es-kuriama-nauja-tarnyba\/uploads\/img\/catalog\/1\/photo_for_homepage_1_58814705.jpg\" alt=\"\" width=\"240\" height=\"154.45\"\/><\/a><\/p>\n<p>Patiko straipsnis? Leisk mums apie tai su\u017einoti. Nepamir\u0161k pasidalinti Facebook! <\/p>\n<p><img loading=\"lazy\" decoding=\"async\" class=\"p2_social_circle_icon\" src=\"https:\/\/www.respublika.lt\/images\/thumbs_up.svg\" width=\"21\" height=\"22\" alt=\"L\"\/><\/p>\n<p><img loading=\"lazy\" decoding=\"async\" class=\"p2_social_circle_icon\" src=\"https:\/\/www.respublika.lt\/images\/facebook.svg\" alt=\"F\" width=\"22\" height=\"22\" style=\"filter: invert(37%) sepia(55%) saturate(2351%) hue-rotate(187deg) brightness(102%) contrast(106%);\"\/><\/p>\n<p>&#13;<br \/>\n\tNesutinkate &#8211; diskutuokime!<br \/>&#13;<br \/>\n\tNepykite komentatoriai, bet komentarai su keiksma\u017eod\u017eiais bus \u0161alinami automati\u0161kai, be atsipra\u0161ymo.\n    <\/p>\n<p>&#13;<br \/>\n              Respublika.lt pasilieka teis\u0119 pa\u0161alinti nekult\u016bringus, keiksma\u017eod\u017eiais pagardintus, su tema nesusijusius, kito asmens vardu pasira\u0161ytus, \u012fstatymus pa\u017eeid\u017eian\u010dius, \u0161lam\u0161t\u0105 reklamuojan\u010dius ar nusikalsti kurstan\u010dius komentarus. Jei kurstysite smurt\u0105, rasin\u0119, tautin\u0119, religin\u0119 ar kitokio pob\u016bd\u017eio neapykant\u0105, \u017evirbliu i\u0161skrid\u0119 j\u016bs\u0173 \u017eod\u017eiai gr\u012f\u017edami gali virsti ton\u0105 sverian\u010diu jau\u010diu &#8211; specialiosioms Lietuvos tarnyboms pareikalavus suteiksime j\u016bs\u0173 duomenis.\n            <\/p>\n","protected":false},"excerpt":{"rendered":"\u00d7 (1\/1) Ursula von der Leyen. EPA-Eltos nuotr. Atsisi\u0173sti 1 nuotr. Ursula von der Leyen. EPA-Eltos nuotr. Europos&hellip;\n","protected":false},"author":2,"featured_media":39022,"comment_status":"","ping_status":"","sticky":false,"template":"","format":"standard","meta":{"footnotes":""},"categories":[15],"tags":[25,30,31,592,4066,3822,5413,672,34,35,24,846,32,33,37,39,36,38,40,23,22,44,28,29,26,27,10469,74,75,76,2045],"class_list":{"0":"post-39021","1":"post","2":"type-post","3":"status-publish","4":"format-standard","5":"has-post-thumbnail","7":"category-pasaulis","8":"tag-antrastes","9":"tag-breaking-news","10":"tag-breakingnews","11":"tag-britanija","12":"tag-centras","13":"tag-dezinformacija","14":"tag-ek","15":"tag-es","16":"tag-featured-news","17":"tag-featurednews","18":"tag-headlines","19":"tag-jk","20":"tag-latest-news","21":"tag-latestnews","22":"tag-lietuva","23":"tag-lietuviu","24":"tag-lithuania","25":"tag-lithuanian","26":"tag-lt","27":"tag-naujienos","28":"tag-news","29":"tag-pasaulis","30":"tag-populiariausios-naujienos","31":"tag-populiariausiosnaujienos","32":"tag-top-stories","33":"tag-topstories","34":"tag-ursula-leyen","35":"tag-world","36":"tag-world-news","37":"tag-worldnews","38":"tag-zvalgyba"},"share_on_mastodon":{"url":"https:\/\/pubeurope.com\/@lt\/115541520177855498","error":""},"_links":{"self":[{"href":"https:\/\/www.europesays.com\/lt\/wp-json\/wp\/v2\/posts\/39021","targetHints":{"allow":["GET"]}}],"collection":[{"href":"https:\/\/www.europesays.com\/lt\/wp-json\/wp\/v2\/posts"}],"about":[{"href":"https:\/\/www.europesays.com\/lt\/wp-json\/wp\/v2\/types\/post"}],"author":[{"embeddable":true,"href":"https:\/\/www.europesays.com\/lt\/wp-json\/wp\/v2\/users\/2"}],"replies":[{"embeddable":true,"href":"https:\/\/www.europesays.com\/lt\/wp-json\/wp\/v2\/comments?post=39021"}],"version-history":[{"count":0,"href":"https:\/\/www.europesays.com\/lt\/wp-json\/wp\/v2\/posts\/39021\/revisions"}],"wp:featuredmedia":[{"embeddable":true,"href":"https:\/\/www.europesays.com\/lt\/wp-json\/wp\/v2\/media\/39022"}],"wp:attachment":[{"href":"https:\/\/www.europesays.com\/lt\/wp-json\/wp\/v2\/media?parent=39021"}],"wp:term":[{"taxonomy":"category","embeddable":true,"href":"https:\/\/www.europesays.com\/lt\/wp-json\/wp\/v2\/categories?post=39021"},{"taxonomy":"post_tag","embeddable":true,"href":"https:\/\/www.europesays.com\/lt\/wp-json\/wp\/v2\/tags?post=39021"}],"curies":[{"name":"wp","href":"https:\/\/api.w.org\/{rel}","templated":true}]}}