{"id":39517,"date":"2025-11-13T20:31:16","date_gmt":"2025-11-13T20:31:16","guid":{"rendered":"https:\/\/www.europesays.com\/lt\/39517\/"},"modified":"2025-11-13T20:31:16","modified_gmt":"2025-11-13T20:31:16","slug":"kondratovicius-vyriausybeje-baltarusisku-prekiu-tranzito-traukiniais-ribojimo-dar-nesvarsteme","status":"publish","type":"post","link":"https:\/\/www.europesays.com\/lt\/39517\/","title":{"rendered":"Kondratovi\u010dius: Vyriausyb\u0117je baltarusi\u0161k\u0173 preki\u0173 tranzito traukiniais ribojimo dar nesvarst\u0117me"},"content":{"rendered":"<p>\u201eKaip Vyriausyb\u0117s narys, Vyriausyb\u0117s lygyje mes dar nekalb\u0117jome apie tai\u201c, \u2013 ketvirtadien\u012f \u017eurnalistams sak\u0117 ministras.<\/p>\n<p>\u201eTa\u010diau darbo grup\u0117se grei\u010diausiai svarstomos skirtingos poveikio priemon\u0117s. Yra s\u0105ra\u0161as, kur\u012f galima aktyvuoti visada, viena i\u0161 j\u0173 \u2013 tranzitas\u201c, \u2013 prid\u016br\u0117 jis.\u00a0<\/p>\n<p>Pra\u0117jusi\u0105 savait\u0117 premjer\u0117s patar\u0117jas Ignas Algirdas Dobrovolskas sak\u0117, kad imantis papildom\u0173 atsakom\u0173j\u0173 priemoni\u0173, Vyriausyb\u0117 gal\u0117t\u0173 svarstyti apie ilgalaik\u012f baltarusi\u0161k\u0173 preki\u0173 ve\u017eimo traukiniais per Lietuv\u0105 ribojim\u0105.<\/p>\n<p>ELTA primena, kad spalio m\u0117nes\u012f kelis kartus fiksuoti kontraband\u0105 gaben\u0119 meteorologiniai balionai i\u0161 Baltarusijos, sutrikd\u0119 oro uost\u0173 veikl\u0105.<\/p>\n<p>Atsi\u017evelgiant \u012f susidariusi\u0105 situacij\u0105, Vyriausyb\u0117 nusprend\u0117 m\u0117nesiui, iki lapkri\u010dio 30 d. vidurnak\u010dio, u\u017edaryti paskutinius Medinink\u0173 ir \u0160al\u010dinink\u0173 pasienio kontrol\u0117s punktus su Baltarusija.\u00a0<\/p>\n<p>Vykimas per \u0160al\u010dinink\u0173 punkt\u0105 visi\u0161kai nutrauktas, tuo metu Medinink\u0173 posto veikla apribota su tam tikromis i\u0161imtimis.<\/p>\n<p>Kaip skelbta anks\u010diau, A. Luka\u0161enka spalio pabaigoje pasira\u0161\u0117 dekret\u0105, kuriuo u\u017edraud\u0117 Baltarusijos teritorijoje va\u017ein\u0117ti sunkve\u017eimiais ir traktoriais, registruotais kai kuriose ES \u0161alyse, tarp j\u0173 \u2013 Lietuvoje ir Lenkijoje.<\/p>\n","protected":false},"excerpt":{"rendered":"\u201eKaip Vyriausyb\u0117s narys, Vyriausyb\u0117s lygyje mes dar nekalb\u0117jome apie tai\u201c, \u2013 ketvirtadien\u012f \u017eurnalistams sak\u0117 ministras. \u201eTa\u010diau darbo grup\u0117se&hellip;\n","protected":false},"author":2,"featured_media":35031,"comment_status":"","ping_status":"","sticky":false,"template":"","format":"standard","meta":{"footnotes":""},"categories":[6],"tags":[25,30,31,34,35,24,32,33,37,39,36,38,40,23,22,28,29,26,27,8564,687],"class_list":{"0":"post-39517","1":"post","2":"type-post","3":"status-publish","4":"format-standard","5":"has-post-thumbnail","7":"category-antrastes","8":"tag-antrastes","9":"tag-breaking-news","10":"tag-breakingnews","11":"tag-featured-news","12":"tag-featurednews","13":"tag-headlines","14":"tag-latest-news","15":"tag-latestnews","16":"tag-lietuva","17":"tag-lietuviu","18":"tag-lithuania","19":"tag-lithuanian","20":"tag-lt","21":"tag-naujienos","22":"tag-news","23":"tag-populiariausios-naujienos","24":"tag-populiariausiosnaujienos","25":"tag-top-stories","26":"tag-topstories","27":"tag-tranzitas","28":"tag-vladislavas-kondratovicius"},"share_on_mastodon":{"url":"https:\/\/pubeurope.com\/@lt\/115544292302349994","error":""},"_links":{"self":[{"href":"https:\/\/www.europesays.com\/lt\/wp-json\/wp\/v2\/posts\/39517","targetHints":{"allow":["GET"]}}],"collection":[{"href":"https:\/\/www.europesays.com\/lt\/wp-json\/wp\/v2\/posts"}],"about":[{"href":"https:\/\/www.europesays.com\/lt\/wp-json\/wp\/v2\/types\/post"}],"author":[{"embeddable":true,"href":"https:\/\/www.europesays.com\/lt\/wp-json\/wp\/v2\/users\/2"}],"replies":[{"embeddable":true,"href":"https:\/\/www.europesays.com\/lt\/wp-json\/wp\/v2\/comments?post=39517"}],"version-history":[{"count":0,"href":"https:\/\/www.europesays.com\/lt\/wp-json\/wp\/v2\/posts\/39517\/revisions"}],"wp:featuredmedia":[{"embeddable":true,"href":"https:\/\/www.europesays.com\/lt\/wp-json\/wp\/v2\/media\/35031"}],"wp:attachment":[{"href":"https:\/\/www.europesays.com\/lt\/wp-json\/wp\/v2\/media?parent=39517"}],"wp:term":[{"taxonomy":"category","embeddable":true,"href":"https:\/\/www.europesays.com\/lt\/wp-json\/wp\/v2\/categories?post=39517"},{"taxonomy":"post_tag","embeddable":true,"href":"https:\/\/www.europesays.com\/lt\/wp-json\/wp\/v2\/tags?post=39517"}],"curies":[{"name":"wp","href":"https:\/\/api.w.org\/{rel}","templated":true}]}}