{"id":39961,"date":"2025-11-14T13:37:10","date_gmt":"2025-11-14T13:37:10","guid":{"rendered":"https:\/\/www.europesays.com\/lt\/39961\/"},"modified":"2025-11-14T13:37:10","modified_gmt":"2025-11-14T13:37:10","slug":"antanas-nedzinskas-atsidure-ligonineje-tv3-lt","status":"publish","type":"post","link":"https:\/\/www.europesays.com\/lt\/39961\/","title":{"rendered":"Antanas Nedzinskas atsid\u016br\u0117 ligonin\u0117je | tv3.lt"},"content":{"rendered":"\n<p>\u0160i\u0105 \u017eini\u0105 politikas patvirtino naujien\u0173 portalui <a href=\"https:\/\/www.tv3.lt\/programos\/tv3\/pilna\" target=\"_blank\" class=\"phrase\" rel=\"nofollow noopener\">tv3<\/a>.lt.\u00a0<\/p>\n<p> Pra\u0161o panaikinti teisin\u0119 nelie\u010diamyb\u0119 <\/p>\n<p>Primename, kad generalin\u0117 prokuror\u0117\u00a0kreip\u0117si\u00a0\u012f Seim\u0105 d\u0117l parlamentaro <a href=\"https:\/\/www.tv3.lt\/naujiena\/lietuva\/prokuratura-praso-naikinti-antano-nedzinsko-nelieciamybe-n1469343\" rel=\"nofollow noopener\" target=\"_blank\">A. Nedzinsko<\/a> teisin\u0117s nelie\u010diamyb\u0117s panaikinimo. Pastarasis sako nejau\u010diantis kalt\u0117s, ta\u010diau \u017eada supaprastinta tvarka atsisakyti teisin\u0117s nelie\u010diamyb\u0117s.<\/p>\n<p>\u201eA\u0161 manau, kad reikia supaprastinta tvarka (atsisakyti nelie\u010diamyb\u0117s \u2013 BNS) ir nesukti \u010dia problem\u0173. Teismas matys visus \u017emogi\u0161kus ir kitus aspektus\u201c, \u2013 ketvirtadien\u012f Seime \u017eurnalistams sak\u0117 A. Nedzinskas.<\/p>\n<p>\u201eKaltas nesijau\u010diu, i\u0161 \u0161iuk\u0161liad\u0117\u017ei\u0173 \u010deki\u0173 nerankiojau, \u010dekiai, kurie n\u0117ra mano vardu, tai yra mano artim\u0173j\u0173 arba koleg\u0173, kurie man pad\u0117jo kaip tarybos nariui, nes did\u017ei\u0105j\u0105 tarybos nario laiko dal\u012f a\u0161 net netur\u0117jau savo asmeninio automobilio, skolindavausi, tai tod\u0117l ir atsirado t\u0173 \u010deki\u0173 svetimais vardais\u201c, \u2013 kalb\u0117jo politikas.<\/p>\n<p>\u201eTarybos reglamente nebuvo nurodyta, kad reikia b\u016btent tik savo vardu, tik vardini\u0173 \u010deki\u0173 nurodyti\u201c, \u2013 prid\u016br\u0117 jis.<\/p>\n<p>A. Nedzinskas teig\u0117 \u012ftar\u0119s, kad d\u0117l jo vykdomas tyrimas dar bir\u017eelio m\u0117nes\u012f, kuomet \u012f apklausas buvo pakviesti jo draugai bei artimieji.<\/p>\n<p>Parlamentaras tikino naudoj\u0119s kit\u0173 \u017emoni\u0173 korteles kurui, nes tuo metu susidurdavo su piniginiais sunkumais.<\/p>\n<p>\u201eA\u0161 netgi niekada savo vardu i\u0161 savo banko kortel\u0117s nepildavau kuro, nes man reik\u0117davo, kad mano s\u0105skaitoj visada b\u016bt\u0173 pinig\u0173 u\u017e elektr\u0105, u\u017e ir kitas komunalines paslaugas u\u017emok\u0117ti\u201c, \u2013 teig\u0117 A. Nedzinskas.<\/p>\n<p>\u201eMin\u0117tu laikotarpiu a\u0161 buvau nedirbantis \u017emogus, mano metin\u0117s pajamos buvo labai kuklios, 3\u20134 t\u016bkst. eur\u0173 \u012f metus mano buvo pajamos ir jas da\u017eniausiai gaudavau parduodamas savo istorinius automobilius ir pana\u0161\u0173 turt\u0105\u201c, \u2013 tikino jis.<\/p>\n<p>Parlamentaras teig\u0117, jog net ir tap\u0119s Seimo nariu pus\u0119 met\u0173 toliau va\u017ein\u0117jo brolio automobiliu.<\/p>\n<p>\u201eA\u0161 tikrai i\u0161 savivaldyb\u0117s nario l\u0117\u0161\u0173 nepraturt\u0117jau, a\u0161 tiesiog i\u0161gyvenau\u201c, \u2013 prid\u016br\u0117 jis.<\/p>\n<p>\u201eProkurat\u016bra mato savo akimis, o a\u0161 \u2013 savo\u201c<\/p>\n<p>A. Nedzinskas pabr\u0117\u017e\u0117, kad b\u016bdamas tarybos nariu, tur\u0117davo \u012fveikti nema\u017eus atstumus keliaudamas i\u0161 savo nam\u0173. Anot jo, iki artimiausios tinkamos degalin\u0117s tekdavo vykti apie 25 kilometrus, o iki savivaldyb\u0117s \u2013 27.<\/p>\n<p>\u201eAr 245 eurai kuro ir kitoms kanceliarin\u0117ms l\u0117\u0161oms yra daug \u012f m\u0117nes\u012f, tai \u010dia jau spr\u0119sti kiekvienam\u201c, \u2013 teig\u0117 parlamentaras.<\/p>\n<p>\u201eA\u0161 esu pateik\u0119s atsakym\u0105 ir prokurat\u016brai, taip pat kad esu dal\u012f l\u0117\u0161\u0173 sutaup\u0119s savivaldybei, nes pirm\u0105 m\u0117nes\u012f a\u0161 ne\u0117miau kanceliarini\u0173 i\u0161mok\u0173, taip pat atsisakiau pirkti ir ne\u0161iojam\u0105 kompiuter\u012f u\u017e 700 eur\u0173, bet prokurat\u016bra mato savo akimis, o a\u0161 savo\u201c, \u2013 ai\u0161kino jis.<\/p>\n<p>      <a href=\"https:\/\/www.tv3.lt\/Uploads\/UGallery\/photos\/52\/3d\/5c\/50\/523d5c5066c0a4f15a6ba1c8ac1b370d.jpg\" data-fancybox=\"photos-embed\" data-caption=\"Antanas Nedzinskas (Lukas Balandis\/BNS)\" target=\"_self\" rel=\"nofollow noopener\"> <img decoding=\"async\" class=\"photo-inside-article\" align=\"center\" alt=\"Antanas Nedzinskas (Lukas Balandis\/BNS)\" title=\"Antanas Nedzinskas (Lukas Balandis\/BNS)\" src=\"https:\/\/www.europesays.com\/lt\/wp-content\/uploads\/2025\/11\/523d5c5066c0a4f15a6ba1c8ac1b370d.jpg\" width=\"684\" height=\"654\" loading=\"lazy\" \/> <\/a>       <\/p>\n<p>Kaip skelb\u0117 BNS, generalin\u0117 prokuror\u0117 Nida Grunskien\u0117 ketvirtadien\u012f pasira\u0161\u0117 ir Seimui i\u0161siunt\u0117 kreipim\u0105si d\u0117l A. Nedzinsko teisin\u0117s nelie\u010diamyb\u0117s panaikinimo.<\/p>\n<p>Pra\u0161ymas pateiktas \u012fvertinus duomenis, surinktus ikiteisminiame tyrime, susijusiame su 2019\u20132023 met\u0173 kadencijos Trak\u0173 rajono savivaldyb\u0117s tarybos nari\u0173 i\u0161laid\u0173 kompensavimu.<\/p>\n<p>Pasak teis\u0117saugos, jos nustatytos faktin\u0117s aplinkyb\u0117s leid\u017eia pagr\u012fstai \u012ftarti, kad A. Nedzinsko veiksmuose yra nusikalstam\u0173 veik\u0173 po\u017eymi\u0173.<\/p>\n<p>Socialdemokratas A. Nedzinskas \u012f Seim\u0105 pateko pagal s\u0105ra\u0161\u0105 partijos s\u0105ra\u0161\u0105, prie\u0161 tai 2019\u20132023 metais \u0117jo Trak\u0173 rajono savivaldyb\u0117s tarybos nario pareigas.<\/p>\n<p>Seimas jau panaikino \u201e\u010dekiuk\u0173\u201c bylose \u012ftarim\u0173 sulaukusi\u0173 socialdemokrat\u0173 Eugenijaus Sabu\u010dio, Tomo Martinai\u010dio ir Ar\u016bno Dud\u0117no imunitetus, taip pat panaikinta ir Liberal\u0173 s\u0105j\u016bd\u017eio atstovo Andriaus Bagdono bei \u201e<a href=\"https:\/\/www.tv3.lt\/gaires\/nemuno-ausra\" target=\"_blank\" class=\"phrase\" rel=\"nofollow noopener\">Nemuno Au\u0161ros\u201c<\/a> partijai priklausan\u010dio Sauliaus Bucevi\u010diaus nelie\u010diamyb\u0117.<\/p>\n<p>\u0160iuo metu STT atlieka ikiteisminius tyrimus d\u0117l 34 savivaldybi\u0173 galimai netinkamo savivaldos l\u0117\u0161\u0173 panaudojimo: \u0160iauli\u0173, Panev\u0117\u017eio, Palangos, <a href=\"https:\/\/www.tv3.lt\/gaires\/klaipeda\" target=\"_blank\" class=\"phrase\" rel=\"nofollow noopener\">Klaip\u0117dos<\/a> miest\u0173 bei Alytaus, Ukmerg\u0117s, Kretingos, Ignalinos, Ma\u017eeiki\u0173, \u0160ilut\u0117s, Jonavos, Lazdij\u0173, Prien\u0173, Tel\u0161i\u0173, Radvili\u0161kio, Joni\u0161kio, Taurag\u0117s, Zaras\u0173, Akmen\u0117s, Kai\u0161iadori\u0173, Vilkavi\u0161kio, Skuodo, Trak\u0173, Panev\u0117\u017eio, \u0160irvint\u0173, \u0160al\u010dinink\u0173 rajon\u0173 ir Bir\u0161tono, Marijampol\u0117s, Neringos, Pag\u0117gi\u0173, Druskinink\u0173, Rietavo, Kalvarijos ir Visagino s<\/p>\n<p>\u00a0<\/p>\n","protected":false},"excerpt":{"rendered":"\u0160i\u0105 \u017eini\u0105 politikas patvirtino naujien\u0173 portalui tv3.lt.\u00a0 Pra\u0161o panaikinti teisin\u0119 nelie\u010diamyb\u0119 Primename, kad generalin\u0117 prokuror\u0117\u00a0kreip\u0117si\u00a0\u012f Seim\u0105 d\u0117l parlamentaro&hellip;\n","protected":false},"author":2,"featured_media":39962,"comment_status":"","ping_status":"","sticky":false,"template":"","format":"standard","meta":{"footnotes":""},"categories":[13],"tags":[10618,25,30,31,57,43,34,35,55,48,24,54,51,49,50,32,33,37,39,36,38,40,45,23,22,44,28,29,53,42,56,47,26,27,41,46,58,52],"class_list":{"0":"post-39961","1":"post","2":"type-post","3":"status-publish","4":"format-standard","5":"has-post-thumbnail","7":"category-lietuva","8":"tag-2025-11-14-123400","9":"tag-antrastes","10":"tag-breaking-news","11":"tag-breakingnews","12":"tag-daiktai","13":"tag-dienos-kronika","14":"tag-featured-news","15":"tag-featurednews","16":"tag-gatves-tekstai","17":"tag-gyvenimas","18":"tag-headlines","19":"tag-interneto-pievos","20":"tag-keliones","21":"tag-kultura","22":"tag-laisvalaikis","23":"tag-latest-news","24":"tag-latestnews","25":"tag-lietuva","26":"tag-lietuviu","27":"tag-lithuania","28":"tag-lithuanian","29":"tag-lt","30":"tag-mokslas-ir-it","31":"tag-naujienos","32":"tag-news","33":"tag-pasaulis","34":"tag-populiariausios-naujienos","35":"tag-populiariausiosnaujienos","36":"tag-projektai","37":"tag-rinktiniai-tekstai","38":"tag-simtmecio-portalas","39":"tag-sportas","40":"tag-top-stories","41":"tag-topstories","42":"tag-tv3-lt","43":"tag-verslas","44":"tag-video","45":"tag-zaidimai"},"share_on_mastodon":{"url":"","error":"Validation failed: Text character limit of 500 exceeded"},"_links":{"self":[{"href":"https:\/\/www.europesays.com\/lt\/wp-json\/wp\/v2\/posts\/39961","targetHints":{"allow":["GET"]}}],"collection":[{"href":"https:\/\/www.europesays.com\/lt\/wp-json\/wp\/v2\/posts"}],"about":[{"href":"https:\/\/www.europesays.com\/lt\/wp-json\/wp\/v2\/types\/post"}],"author":[{"embeddable":true,"href":"https:\/\/www.europesays.com\/lt\/wp-json\/wp\/v2\/users\/2"}],"replies":[{"embeddable":true,"href":"https:\/\/www.europesays.com\/lt\/wp-json\/wp\/v2\/comments?post=39961"}],"version-history":[{"count":0,"href":"https:\/\/www.europesays.com\/lt\/wp-json\/wp\/v2\/posts\/39961\/revisions"}],"wp:featuredmedia":[{"embeddable":true,"href":"https:\/\/www.europesays.com\/lt\/wp-json\/wp\/v2\/media\/39962"}],"wp:attachment":[{"href":"https:\/\/www.europesays.com\/lt\/wp-json\/wp\/v2\/media?parent=39961"}],"wp:term":[{"taxonomy":"category","embeddable":true,"href":"https:\/\/www.europesays.com\/lt\/wp-json\/wp\/v2\/categories?post=39961"},{"taxonomy":"post_tag","embeddable":true,"href":"https:\/\/www.europesays.com\/lt\/wp-json\/wp\/v2\/tags?post=39961"}],"curies":[{"name":"wp","href":"https:\/\/api.w.org\/{rel}","templated":true}]}}